{"id":17586,"date":"2025-03-11T10:11:12","date_gmt":"2025-03-11T10:11:12","guid":{"rendered":"https:\/\/parkinglowcost.es\/parking-aeropuerto-de-badajoz-badajoz\/"},"modified":"2025-03-11T15:47:34","modified_gmt":"2025-03-11T15:47:34","slug":"parking-aeropuerto-de-badajoz-badajoz","status":"publish","type":"post","link":"https:\/\/parkinglowcost.es\/fr\/parking-aeropuerto-de-badajoz-badajoz\/","title":{"rendered":"Parking Aeropuerto de Badajoz | Parking \u00e9conomique \u00e0 Badajoz"},"content":{"rendered":"<div class=\"columns is-mobile is-variable is-3\">\r\n<div class=\"column is-5\">\r\n    <!-- IMG PROFILE -->\r\n        <img decoding=\"async\" src=\"https:\/\/parkinglowcost.es\/wp-content\/uploads\/thumbnailpanoidTsykzhswNn64UZGPF1ySxQcb_clientsearch.gws-prod.gpsw408h240yaw35.jpg\" alt='Parking Aeropuerto de Badajoz | Parking \u00e9conomique \u00e0 Badajoz' title=\"Parking \u00e9conomique \u00e0 Badajoz\" class=\"profile-image\">\r\n        <div class=\"profile-image-overflow has-background-primary px-4 py-4\">\r\n    <!-- IMG PROFILE -->\r\n    <!-- GOOGLE -->\r\n        <div class=\"profile-triangle\"><\/div>\r\n                <div class=\"has-background-primary\" style=\"border-radius:10px\">\r\n                    <p class=\"is-size-4-mobile is-size-4 has-text-weight-bold has-text-white ml-3 mb-0\"><i class=\"fas fa-search-location\"><\/i><\/p>\r\n                    <p class=\"is-size-7-mobile is-size-4 has-text-weight-bold has-text-white has-text-centered\">Entreprise not\u00e9e 4.6 sur Google<\/p>\r\n                    <p class=\"is-size-8 has-text-weight-bold mt-2 has-text-centered has-text-white\">Bas\u00e9 sur 5 avis<\/p>\r\n                <\/div>\r\n        <!-- GOOGLE -->\r\n    <\/div>\r\n   \r\n<\/div>\r\n\r\n\r\n<div class=\"column has-text-black\">\r\n    <h1\r\n        class=\"has-text-weight-bold is-size-5-mobile is-size-1 mb-3 has-text-primary\">Parking Aeropuerto de Badajoz<\/h1>\r\n    <p class=\"is-size-7-mobile is-size-5 has-text-weight-bold has-text-primary\">Parking A\u00e9roport de Badajoz : s\u00fbr et abordable. R\u00e9servez maintenant et commencez votre voyage sans stress.<\/p>\r\n    <a target=\"_blank\" rel=\"sponsored noopener\" class=\"button is-rounded is-fullwidth mt-3 is-size-7-mobile is-size-4 is-warning has-text-weight-bold\" href=\"https:\/\/www.awin1.com\/cread.php?awinmid=25234&#038;awinaffid=789919\">R\u00e9server un parking<\/a>\r\n\r\n    <hr class=\"mt-4 mb-3 has-background-primary\">\r\n\r\n     <!-- BUSINESS INFO  -->\r\n    <div class=\"columns\">\r\n        <div class=\"column\">\r\n            <h3 class=\"is-size-7-mobile is-size-6 has-text-weight-bold mb-2 has-text-primary\"><i class=\"fas fa-map-marker-alt mr-2 has-text-primary\"><\/i>Adresse<\/h3>\r\n            <p class=\"is-size-7-mobile is-size-5\">Aeropuerto de Badajoz | Badajoz<\/p>\r\n        <\/div>\r\n        <div class=\"column is-4 column-mobile\">\r\n            <!-- SOCIAL MEDIA -->\r\n            <h3 class=\"is-size-7-mobile is-size-6 has-text-weight-bold mb-2 has-text-primary\"><i class=\"fas fa-share-square mr-3\"><\/i>Contact<\/h3>\r\n            <div class=\"buttons\">\r\n                \r\n            <\/div>\r\n            <!-- SOCIAL MEDIA -->\r\n        <\/div>\r\n    <\/div>\r\n    <!-- BUSINESS INFO  -->\r\n\r\n    <hr class=\"mt-0 mb-3 has-background-primary\">\r\n    <h2 class=\"is-size-7-mobile is-size-6 has-text-weight-bold mb-2 has-text-primary\"><i class=\"fas fa-address-book mr-2 has-text-primary mb-3\"><\/i>Comment y arriver<\/h2>\r\n   \r\n    <a target=\"_blank\" rel=\"nofollow noopener noreferrer\" class=\"button is-rounded is-outlined is-fullwidth is-size-7-mobile is-size-4 is-danger mb-2\" href=\"https:\/\/www.waze.com\/ul?ll=38.8941299,-6.8181415&#038;navigate=yes\"><i class=\"fab fa-waze mr-2\"><\/i> Waze<\/a><a target=\"_blank\" rel=\"nofollow noopener noreferrer\" class=\"button is-rounded is-outlined is-fullwidth is-size-7-mobile is-size-4 is-danger mb-2\" href=\"https:\/\/maps.apple.com\/?q=38.8941299,-6.8181415\"><i class=\"fab fa-apple mr-2\"><\/i>Apple Maps<\/a><a target=\"_blank\" rel=\"nofollow noopener noreferrer\" class=\"button is-rounded is-outlined is-fullwidth is-size-7-mobile is-size-4 is-danger mb-2\" href=\"https:\/\/www.google.com\/maps\/search\/?api=1&#038;query=Parking%20General%20Aeropuerto%20de%20Badajoz%20(BJZ)&#038;query_place_id=ChIJ4eKNGgjtFg0R5zsmidnY390\"><i class=\"fas fa-map-marker-alt mr-2\"><\/i>Google Maps<\/a>\r\n\r\n\r\n<\/div>\r\n<\/div>\r\n\r\n<div class='code-block code-block-2' style='margin: 8px 0; clear: both;'>\n<script async src=\"https:\/\/pagead2.googlesyndication.com\/pagead\/js\/adsbygoogle.js?client=ca-pub-3045090583979067\"\n     crossorigin=\"anonymous\"><\/script>\n<!-- Display Parking -->\n<ins class=\"adsbygoogle\"\n     style=\"display:block\"\n     data-ad-client=\"ca-pub-3045090583979067\"\n     data-ad-slot=\"3512595945\"\n     data-ad-format=\"auto\"\n     data-full-width-responsive=\"true\"><\/ins>\n<script>\n     (adsbygoogle = window.adsbygoogle || []).push({});\n<\/script><\/div>\n\r\n\r\n\r\n<article class=\"mt-3\">\r\n\r\n<div class=\"columns is-variable is-8\">\r\n    <div class=\"column is-4\">\r\n        <hr class=\"has-background-success\">\r\n        <h2 class=\"is-size-5 has-text-weight-bold mb-2 has-text-primary\"><i class=\"fas fa-calendar-alt mr-2 has-text-primary\"><\/i>Horaires Parking Aeropuerto de Badajoz<\/h2>\r\n\r\n        <table class=\"table is-fullwidth is-bordered mt-4 has-background-primary is-size-7-mobile is-size-6 has-text-white\">\n    <thead>\n        <tr>\n            <th class=\"has-text-white\">Jour<\/th>\n            <th class=\"has-text-white\">Heures d&rsquo;ouverture<\/th>\n        <\/tr>\n    <\/thead>\n    <tbody>\n        <tr>\n            <td>Lundi<\/td>\n            <td>7:00 a 21:00 <\/td>\n        <\/tr>\n        <tr>\n            <td>Mardi<\/td>\n            <td>7:00 a 21:00 <\/td>\n        <\/tr>\n        <tr>\n            <td>Mercredi<\/td>\n            <td>7:00 a 21:00 <\/td>\n        <\/tr>\n        <tr>\n            <td>Jeudi<\/td>\n            <td>7:00 a 21:00 <\/td>\n        <\/tr>\n        <tr>\n            <td>Vendredi<\/td>\n            <td>7:00 a 21:00 <\/td>\n        <\/tr>\n        <tr>\n            <td>Samedi<\/td>\n            <td>7:00 a 21:00 <\/td>\n        <\/tr>\n        <tr>\n            <td>Dimanche<\/td>\n            <td>7:00 a 21:00 <\/td>\n        <\/tr>\n    <\/tbody>\n<\/table>\r\n        <hr class=\"has-background-success\">\r\n        <h2 class=\"is-size-5 has-text-weight-bold mb-2 has-text-primary\"><i class=\"fas fa-map-marker-alt mr-2 has-text-primary\"><\/i>Carte<\/h2>\r\n        <div class='code-block code-block-50' style='margin: 8px 0; clear: both;'>\n<div class=\"leaflet-map WPLeafletMap\" style=\"height:250px; width:100%;\"><\/div><script>\nwindow.WPLeafletMapPlugin = window.WPLeafletMapPlugin || [];\nwindow.WPLeafletMapPlugin.push(function WPLeafletMapShortcode() {\/*<script>*\/\nvar baseUrl = atob('aHR0cHM6Ly97c30udGlsZS5vcGVuc3RyZWV0bWFwLm9yZy97en0ve3h9L3t5fS5wbmc=');\nvar base = (!baseUrl && window.MQ) ?\n    window.MQ.mapLayer() : L.tileLayer(baseUrl,\n        L.Util.extend({}, {\n            detectRetina: 0,\n        },\n        {\"subdomains\":\"abc\",\"noWrap\":false,\"maxZoom\":19}        )\n    );\n    var options = L.Util.extend({}, {\n        layers: [base],\n        attributionControl: false\n    },\n    {\"zoomControl\":false,\"scrollWheelZoom\":false,\"doubleClickZoom\":false,\"fitBounds\":false,\"minZoom\":0,\"maxZoom\":19,\"maxBounds\":null,\"attribution\":\"<a href=\\\"http:\\\/\\\/leafletjs.com\\\" title=\\\"Une biblioth\\u00e8que JS pour des cartes interactives\\\">Leaflet<\\\/a>; \\u00a9 <a href=\\\"http:\\\/\\\/www.openstreetmap.org\\\/copyright\\\">OpenStreetMap<\\\/a> contributeurs\\\/contributrices\"},\n    {});\nwindow.WPLeafletMapPlugin.createMap(options).setView([38.8941299,-6.8181415],15);});<\/script><script>\nwindow.WPLeafletMapPlugin = window.WPLeafletMapPlugin || [];\nwindow.WPLeafletMapPlugin.push(function WPLeafletMarkerShortcode() {\/*<script>*\/\nvar map = window.WPLeafletMapPlugin.getCurrentMap();\nvar group = window.WPLeafletMapPlugin.getCurrentGroup();\nvar marker_options = window.WPLeafletMapPlugin.getIconOptions({});\nvar marker = L.marker(\n    [38.8941299,-6.8181415],\n    marker_options\n);\nvar is_image = map.is_image_map;\nif (marker_options.draggable) {\n    marker.on('dragend', function () {\n        var latlng = this.getLatLng();\n        var lat = latlng.lat;\n        var lng = latlng.lng;\n        if (is_image) {\n            console.log('leaflet-marker y=' + lat + ' x=' + lng);\n        } else {\n            console.log('leaflet-marker lat=' + lat + ' lng=' + lng);\n        }\n    });\n}\nmarker.addTo( group );\nwindow.WPLeafletMapPlugin.markers.push( marker );\n        });<\/script><\/div>\n\r\n\r\n\r\n    <\/div>\r\n    <div class=\"column is-8\">\r\n        <p class=\"is-size-5 has-text-weight-bold mb-2 has-text-primary\"><i\r\n                class=\"fas fa-info-circle mr-2 has-text-primary\"><\/i>\u00c0 propos de Parking Aeropuerto de Badajoz<\/p>\r\n\r\n        <div class=\"content is-size-7-mobile is-size-6 mt-3 has-text-primary\">\r\n            <p>Lorsque vous devez <b>vous garer \u00e0 Badajoz<\/b>, <b>Parking A\u00e9roport de Badajoz<\/b> se pr\u00e9sente comme l&rsquo;une des options les plus recommand\u00e9es pour ceux qui recherchent une solution \u00e9conomique et accessible. Situ\u00e9 \u00e0 l&rsquo;A\u00e9roport de Badajoz, ce parking offre la combinaison parfaite de confort et d&rsquo;\u00e9conomies, garantissant que votre exp\u00e9rience de voyage commence de la meilleure mani\u00e8re possible. Son emplacement privil\u00e9gi\u00e9 en fait une ressource id\u00e9ale pour tous ceux qui doivent laisser leur v\u00e9hicule pr\u00e8s de l&rsquo;a\u00e9roport, rendant l&#8217;embarquement et le d\u00e9barquement beaucoup plus simples.<\/p>\n\n<p>Les clients ayant utilis\u00e9 ce service mentionnent fr\u00e9quemment leur satisfaction quant au <b>personnel attentif et au processus de stationnement rapide<\/b>. Comme ils l&rsquo;entendent souvent de leurs clients, plusieurs ont \u00e9valu\u00e9 positivement la facilit\u00e9 de trouver une place dans ce parking. \u201cConfortable et gratuit\u201d et \u201csuperbe parking en plein air\u201d sont des commentaires r\u00e9currents parmi les utilisateurs, ce qui atteste de la qualit\u00e9 du service et de son excellence en mati\u00e8re d&rsquo;attention \u00e0 la client\u00e8le. Dans un petit a\u00e9roport avec un trafic a\u00e9rien mod\u00e9r\u00e9, les exp\u00e9riences agr\u00e9ables sont le fil rouge des avis sur Parking A\u00e9roport de Badajoz.<\/p>\n\n<p>Situ\u00e9 dans une zone accessible de l&rsquo;<b>A\u00e9roport de Badajoz<\/b>, ce parking se distingue par sa s\u00e9curit\u00e9 et son efficacit\u00e9 op\u00e9rationnelle. La <b>surveillance 24 heures sur 24<\/b> et les cam\u00e9ras de s\u00e9curit\u00e9 garantissent que votre v\u00e9hicule sera entre de bonnes mains pendant que vous profitez de votre voyage. De plus, son design avec des <b>places spacieuses et des acc\u00e8s simplifi\u00e9s<\/b> rend chaque visite fluide, sans complications ni attentes inutiles. Avec des horaires flexibles, Parking A\u00e9roport de Badajoz s&rsquo;adapte aux besoins de tous les voyageurs, permettant un acc\u00e8s rapide aux terminaux de l&rsquo;a\u00e9roport.<\/p>\n\n<p>Pour couronner le tout, Parking A\u00e9roport de Badajoz propose \u00e9galement un service automatis\u00e9 et une gestion efficace qui le distinguent. La possibilit\u00e9 de <b>r\u00e9server votre place \u00e0 l&rsquo;avance<\/b> devient cruciale, surtout en p\u00e9riode de forte demande, garantissant que vous trouverez une place sans souci. N&rsquo;oubliez pas que de nombreux utilisateurs ont soulign\u00e9 l&rsquo;importance de planifier leur stationnement pour profiter de la tranquillit\u00e9 qu&rsquo;offre ce service.<\/p>\n\n<p>Alors ne laissez pas l&rsquo;absence d&rsquo;un endroit o\u00f9 vous garer g\u00e2cher votre voyage. R\u00e9servez votre place sur <b>ParkingLowCost.es<\/b> et faites l&rsquo;exp\u00e9rience de la facilit\u00e9 de stationner \u00e0 Badajoz. Si vous souhaitez plus d&rsquo;informations sur la mani\u00e8re dont vous pouvez b\u00e9n\u00e9ficier de ce service, n&rsquo;h\u00e9sitez pas \u00e0 contacter directement <b>Parking A\u00e9roport de Badajoz<\/b>. Profitez d&rsquo;un voyage agr\u00e9able et sans tracas !<\/p>\r\n        <\/div>\r\n    <\/div>\r\n\r\n<\/div>\r\n<\/article>","protected":false},"excerpt":{"rendered":"<p>Parking A\u00e9roport de Badajoz : s\u00fbr et abordable. R\u00e9servez maintenant et commencez votre voyage sans stress.<\/p>\n","protected":false},"author":1,"featured_media":13545,"comment_status":"closed","ping_status":"closed","sticky":false,"template":"","format":"standard","meta":{"footnotes":""},"categories":[],"tags":[392],"class_list":["post-17586","post","type-post","status-publish","format-standard","has-post-thumbnail","hentry","tag-parking-economique-badajoz"],"_links":{"self":[{"href":"https:\/\/parkinglowcost.es\/fr\/wp-json\/wp\/v2\/posts\/17586","targetHints":{"allow":["GET"]}}],"collection":[{"href":"https:\/\/parkinglowcost.es\/fr\/wp-json\/wp\/v2\/posts"}],"about":[{"href":"https:\/\/parkinglowcost.es\/fr\/wp-json\/wp\/v2\/types\/post"}],"author":[{"embeddable":true,"href":"https:\/\/parkinglowcost.es\/fr\/wp-json\/wp\/v2\/users\/1"}],"replies":[{"embeddable":true,"href":"https:\/\/parkinglowcost.es\/fr\/wp-json\/wp\/v2\/comments?post=17586"}],"version-history":[{"count":0,"href":"https:\/\/parkinglowcost.es\/fr\/wp-json\/wp\/v2\/posts\/17586\/revisions"}],"wp:featuredmedia":[{"embeddable":true,"href":"https:\/\/parkinglowcost.es\/fr\/wp-json\/wp\/v2\/media\/13545"}],"wp:attachment":[{"href":"https:\/\/parkinglowcost.es\/fr\/wp-json\/wp\/v2\/media?parent=17586"}],"wp:term":[{"taxonomy":"category","embeddable":true,"href":"https:\/\/parkinglowcost.es\/fr\/wp-json\/wp\/v2\/categories?post=17586"},{"taxonomy":"post_tag","embeddable":true,"href":"https:\/\/parkinglowcost.es\/fr\/wp-json\/wp\/v2\/tags?post=17586"}],"curies":[{"name":"wp","href":"https:\/\/api.w.org\/{rel}","templated":true}]}}