{"id":17505,"date":"2025-03-11T10:09:05","date_gmt":"2025-03-11T10:09:05","guid":{"rendered":"https:\/\/parkinglowcost.es\/parking-valcarcel-cadiz\/"},"modified":"2025-03-11T15:45:39","modified_gmt":"2025-03-11T15:45:39","slug":"parking-valcarcel-cadiz","status":"publish","type":"post","link":"https:\/\/parkinglowcost.es\/fr\/parking-valcarcel-cadiz\/","title":{"rendered":"Parking Valc\u00e1rcel | Parking \u00e9conomique \u00e0 C\u00e1diz"},"content":{"rendered":"<div class=\"columns is-mobile is-variable is-3\">\r\n<div class=\"column is-5\">\r\n    <!-- IMG PROFILE -->\r\n        <img decoding=\"async\" src=\"https:\/\/parkinglowcost.es\/wp-content\/uploads\/AB5caB-qti1MmTybuXbQaIl_gTdNnpKieEK9KmlCmBV_MEqmtpwQ_T2l-R4hiYOiMDtlAQLwXMGCVDqoiEaj-5xPwvubi5sRfQpALrXExeVMpfGXyNBIwBsckSmt-fOyT1uwQa5x3DsLAww426-h240-k-no.jpg\" alt='Parking Valc\u00e1rcel | Parking \u00e9conomique \u00e0 C\u00e1diz' title=\"Parking \u00e9conomique \u00e0 C\u00e1diz\" class=\"profile-image\">\r\n        <div class=\"profile-image-overflow has-background-primary px-4 py-4\">\r\n    <!-- IMG PROFILE -->\r\n    <!-- GOOGLE -->\r\n        <div class=\"profile-triangle\"><\/div>\r\n                <div class=\"has-background-primary\" style=\"border-radius:10px\">\r\n                    <p class=\"is-size-4-mobile is-size-4 has-text-weight-bold has-text-white ml-3 mb-0\"><i class=\"fas fa-search-location\"><\/i><\/p>\r\n                    <p class=\"is-size-7-mobile is-size-4 has-text-weight-bold has-text-white has-text-centered\">Entreprise not\u00e9e 4 sur Google<\/p>\r\n                    <p class=\"is-size-8 has-text-weight-bold mt-2 has-text-centered has-text-white\">Bas\u00e9 sur 318 avis<\/p>\r\n                <\/div>\r\n        <!-- GOOGLE -->\r\n    <\/div>\r\n   \r\n<\/div>\r\n\r\n\r\n<div class=\"column has-text-black\">\r\n    <h1\r\n        class=\"has-text-weight-bold is-size-5-mobile is-size-1 mb-3 has-text-primary\">Parking Valc\u00e1rcel<\/h1>\r\n    <p class=\"is-size-7-mobile is-size-5 has-text-weight-bold has-text-primary\">D\u00e9couvrez Parking Valc\u00e1rcel \u00e0 C\u00e1diz : \u00e9conomique et s\u00e9curis\u00e9. R\u00e9servez maintenant et profitez de la ville sans souci.<\/p>\r\n    <a target=\"_blank\" rel=\"sponsored noopener\" class=\"button is-rounded is-fullwidth mt-3 is-size-7-mobile is-size-4 is-warning has-text-weight-bold\" href=\"https:\/\/www.awin1.com\/cread.php?awinmid=25234&#038;awinaffid=789919\">R\u00e9server un parking<\/a>\r\n\r\n    <hr class=\"mt-4 mb-3 has-background-primary\">\r\n\r\n     <!-- BUSINESS INFO  -->\r\n    <div class=\"columns\">\r\n        <div class=\"column\">\r\n            <h3 class=\"is-size-7-mobile is-size-6 has-text-weight-bold mb-2 has-text-primary\"><i class=\"fas fa-map-marker-alt mr-2 has-text-primary\"><\/i>Adresse<\/h3>\r\n            <p class=\"is-size-7-mobile is-size-5\">Avenida Duque de N\u00e1jera, 6 | C\u00e1diz<\/p>\r\n        <\/div>\r\n        <div class=\"column is-4 column-mobile\">\r\n            <!-- SOCIAL MEDIA -->\r\n            <h3 class=\"is-size-7-mobile is-size-6 has-text-weight-bold mb-2 has-text-primary\"><i class=\"fas fa-share-square mr-3\"><\/i>Contact<\/h3>\r\n            <div class=\"buttons\">\r\n                \r\n            <\/div>\r\n            <!-- SOCIAL MEDIA -->\r\n        <\/div>\r\n    <\/div>\r\n    <!-- BUSINESS INFO  -->\r\n\r\n    <hr class=\"mt-0 mb-3 has-background-primary\">\r\n    <h2 class=\"is-size-7-mobile is-size-6 has-text-weight-bold mb-2 has-text-primary\"><i class=\"fas fa-address-book mr-2 has-text-primary mb-3\"><\/i>Comment y arriver<\/h2>\r\n   \r\n    <a target=\"_blank\" rel=\"nofollow noopener noreferrer\" class=\"button is-rounded is-outlined is-fullwidth is-size-7-mobile is-size-4 is-danger mb-2\" href=\"https:\/\/www.waze.com\/ul?ll=36.5306159,-6.3048947&#038;navigate=yes\"><i class=\"fab fa-waze mr-2\"><\/i> Waze<\/a><a target=\"_blank\" rel=\"nofollow noopener noreferrer\" class=\"button is-rounded is-outlined is-fullwidth is-size-7-mobile is-size-4 is-danger mb-2\" href=\"https:\/\/maps.apple.com\/?q=36.5306159,-6.3048947\"><i class=\"fab fa-apple mr-2\"><\/i>Apple Maps<\/a><a target=\"_blank\" rel=\"nofollow noopener noreferrer\" class=\"button is-rounded is-outlined is-fullwidth is-size-7-mobile is-size-4 is-danger mb-2\" href=\"https:\/\/www.google.com\/maps\/search\/?api=1&#038;query=Parking%20Valc%C3%A1rcel&#038;query_place_id=ChIJpbTMcl_RDQ0RGPS4KmpOsqk\"><i class=\"fas fa-map-marker-alt mr-2\"><\/i>Google Maps<\/a>\r\n\r\n\r\n<\/div>\r\n<\/div>\r\n\r\n<div class='code-block code-block-2' style='margin: 8px 0; clear: both;'>\n<script async src=\"https:\/\/pagead2.googlesyndication.com\/pagead\/js\/adsbygoogle.js?client=ca-pub-3045090583979067\"\n     crossorigin=\"anonymous\"><\/script>\n<!-- Display Parking -->\n<ins class=\"adsbygoogle\"\n     style=\"display:block\"\n     data-ad-client=\"ca-pub-3045090583979067\"\n     data-ad-slot=\"3512595945\"\n     data-ad-format=\"auto\"\n     data-full-width-responsive=\"true\"><\/ins>\n<script>\n     (adsbygoogle = window.adsbygoogle || []).push({});\n<\/script><\/div>\n\r\n\r\n\r\n<article class=\"mt-3\">\r\n\r\n<div class=\"columns is-variable is-8\">\r\n    <div class=\"column is-4\">\r\n        <hr class=\"has-background-success\">\r\n        <h2 class=\"is-size-5 has-text-weight-bold mb-2 has-text-primary\"><i class=\"fas fa-calendar-alt mr-2 has-text-primary\"><\/i>Horaires Parking Valc\u00e1rcel<\/h2>\r\n\r\n        <table class=\"table is-fullwidth is-bordered mt-4 has-background-primary is-size-7-mobile is-size-6 has-text-white\">\n    <thead>\n        <tr>\n            <th class=\"has-text-white\">Jour<\/th>\n            <th class=\"has-text-white\">Heures d&rsquo;ouverture<\/th>\n        <\/tr>\n    <\/thead>\n    <tbody>\n        <tr>\n            <td>Lundi<\/td>\n            <td>Ouvert 24 heures sur 24<\/td>\n        <\/tr>\n        <tr>\n            <td>Mardi<\/td>\n            <td>Ouvert 24 heures sur 24<\/td>\n        <\/tr>\n        <tr>\n            <td>Mercredi<\/td>\n            <td>Ouvert 24 heures sur 24<\/td>\n        <\/tr>\n        <tr>\n            <td>Jeudi<\/td>\n            <td>Ouvert 24 heures sur 24<\/td>\n        <\/tr>\n        <tr>\n            <td>Vendredi<\/td>\n            <td>Ouvert 24 heures sur 24<\/td>\n        <\/tr>\n        <tr>\n            <td>Samedi<\/td>\n            <td>Ouvert 24 heures sur 24<\/td>\n        <\/tr>\n        <tr>\n            <td>Dimanche<\/td>\n            <td>Ouvert 24 heures sur 24<\/td>\n        <\/tr>\n    <\/tbody>\n<\/table>\r\n        <hr class=\"has-background-success\">\r\n        <h2 class=\"is-size-5 has-text-weight-bold mb-2 has-text-primary\"><i class=\"fas fa-map-marker-alt mr-2 has-text-primary\"><\/i>Carte<\/h2>\r\n        <div class='code-block code-block-50' style='margin: 8px 0; clear: both;'>\n<div class=\"leaflet-map WPLeafletMap\" style=\"height:250px; width:100%;\"><\/div><script>\nwindow.WPLeafletMapPlugin = window.WPLeafletMapPlugin || [];\nwindow.WPLeafletMapPlugin.push(function WPLeafletMapShortcode() {\/*<script>*\/\nvar baseUrl = atob('aHR0cHM6Ly97c30udGlsZS5vcGVuc3RyZWV0bWFwLm9yZy97en0ve3h9L3t5fS5wbmc=');\nvar base = (!baseUrl && window.MQ) ?\n    window.MQ.mapLayer() : L.tileLayer(baseUrl,\n        L.Util.extend({}, {\n            detectRetina: 0,\n        },\n        {\"subdomains\":\"abc\",\"noWrap\":false,\"maxZoom\":19}        )\n    );\n    var options = L.Util.extend({}, {\n        layers: [base],\n        attributionControl: false\n    },\n    {\"zoomControl\":false,\"scrollWheelZoom\":false,\"doubleClickZoom\":false,\"fitBounds\":false,\"minZoom\":0,\"maxZoom\":19,\"maxBounds\":null,\"attribution\":\"<a href=\\\"http:\\\/\\\/leafletjs.com\\\" title=\\\"Une biblioth\\u00e8que JS pour des cartes interactives\\\">Leaflet<\\\/a>; \\u00a9 <a href=\\\"http:\\\/\\\/www.openstreetmap.org\\\/copyright\\\">OpenStreetMap<\\\/a> contributeurs\\\/contributrices\"},\n    {});\nwindow.WPLeafletMapPlugin.createMap(options).setView([36.5306159,-6.3048947],15);});<\/script><script>\nwindow.WPLeafletMapPlugin = window.WPLeafletMapPlugin || [];\nwindow.WPLeafletMapPlugin.push(function WPLeafletMarkerShortcode() {\/*<script>*\/\nvar map = window.WPLeafletMapPlugin.getCurrentMap();\nvar group = window.WPLeafletMapPlugin.getCurrentGroup();\nvar marker_options = window.WPLeafletMapPlugin.getIconOptions({});\nvar marker = L.marker(\n    [36.5306159,-6.3048947],\n    marker_options\n);\nvar is_image = map.is_image_map;\nif (marker_options.draggable) {\n    marker.on('dragend', function () {\n        var latlng = this.getLatLng();\n        var lat = latlng.lat;\n        var lng = latlng.lng;\n        if (is_image) {\n            console.log('leaflet-marker y=' + lat + ' x=' + lng);\n        } else {\n            console.log('leaflet-marker lat=' + lat + ' lng=' + lng);\n        }\n    });\n}\nmarker.addTo( group );\nwindow.WPLeafletMapPlugin.markers.push( marker );\n        });<\/script><\/div>\n\r\n\r\n\r\n    <\/div>\r\n    <div class=\"column is-8\">\r\n        <p class=\"is-size-5 has-text-weight-bold mb-2 has-text-primary\"><i\r\n                class=\"fas fa-info-circle mr-2 has-text-primary\"><\/i>\u00c0 propos de Parking Valc\u00e1rcel<\/p>\r\n\r\n        <div class=\"content is-size-7-mobile is-size-6 mt-3 has-text-primary\">\r\n            <p>D\u00e9couvrir <b>Parking Valc\u00e1rcel<\/b> \u00e0 <b>C\u00e1diz<\/b> est une excellente option pour ceux qui recherchent un stationnement \u00e9conomique et s\u00e9curis\u00e9. Situ\u00e9 au <b>6 Avenida Duque de N\u00e1jera<\/b>, ce parking est con\u00e7u pour offrir confort et tranquillit\u00e9 \u00e0 ceux qui souhaitent explorer cette belle ville. Id\u00e9alement situ\u00e9, il permet un acc\u00e8s rapide \u00e0 diverses attractions locales, ce qui en fait l&rsquo;un des meilleurs endroits pour se garer.<\/p>\n\n<p>Ce qui distingue <b>Parking Valc\u00e1rcel<\/b> est sa combinaison de prix abordables et de satisfaction client. Comme l&rsquo;entendent souvent ses clients, ce parking a acquis une r\u00e9putation remarquable pour sa <b>facilit\u00e9 de stationnement<\/b>, ainsi que pour sa situation privil\u00e9gi\u00e9e. Les visiteurs ont soulign\u00e9 qu&rsquo;\u00e0 seulement quelques pas de la vibrante <b>promenade<\/b> et \u00e0 une courte distance du <b>centre de C\u00e1diz<\/b>, c&rsquo;est un endroit parfait pour laisser la voiture et profiter de la ville. Le rapport qualit\u00e9-prix est exceptionnel ; un utilisateur mentionne avoir pay\u00e9 seulement 5,40 euros pour 4 heures de stationnement, mettant en avant la <b>commodit\u00e9 et la s\u00e9curit\u00e9<\/b> des lieux.<\/p>\n\n<p>L&rsquo;accessibilit\u00e9 est un autre de ses atouts. Parking Valc\u00e1rcel propose des <b>places couvertes<\/b> qui prot\u00e8gent les v\u00e9hicules des intemp\u00e9ries. Avec un syst\u00e8me de gestion automatis\u00e9e et une surveillance 24 heures sur 24, il procure une sensation de s\u00e9curit\u00e9 in\u00e9gal\u00e9e dans la r\u00e9gion. Les utilisateurs peuvent avoir l&rsquo;esprit tranquille en sachant que leur voiture sera prot\u00e9g\u00e9e dans un environnement <b>s\u00e9curis\u00e9 et contr\u00f4l\u00e9<\/b>. De plus, les <b>entr\u00e9es spacieuses et l&rsquo;acc\u00e8s rapide<\/b> rendent le stationnement tr\u00e8s pratique, surtout aux heures de pointe.<\/p>\n\n<p>Si vous pr\u00e9voyez de visiter C\u00e1diz, il est important de prendre en compte que cette zone pr\u00e9sente souvent une forte demande en stationnement. C&rsquo;est pourquoi il est recommand\u00e9 de <b>r\u00e9server votre place \u00e0 l&rsquo;avance<\/b> pour \u00e9viter les mauvaises surprises. Vous pouvez le faire facilement via ParkingLowCost.es, o\u00f9 vous trouverez toutes les informations n\u00e9cessaires ou contacter directement <b>Parking Valc\u00e1rcel<\/b> pour toute question. Ne manquez pas l&rsquo;occasion de profiter d&rsquo;un stationnement efficace et \u00e9conomique dans cette charmante ville.<\/p>\n\n<p>En r\u00e9sum\u00e9, Parking Valc\u00e1rcel est une option viable et avantageuse pour ceux qui souhaitent profiter de leur s\u00e9jour \u00e0 C\u00e1diz sans se soucier du stationnement. Sa combinaison de prix comp\u00e9titifs, de s\u00e9curit\u00e9 et d&rsquo;un emplacement enviable en fait une destination id\u00e9ale pour ceux qui cherchent la meilleure alternative. Planifiez votre stationnement \u00e0 l&rsquo;avance et profitez de tous les avantages que ce parking a \u00e0 vous offrir !<\/p>\r\n        <\/div>\r\n    <\/div>\r\n\r\n<\/div>\r\n<\/article>","protected":false},"excerpt":{"rendered":"<p>D\u00e9couvrez Parking Valc\u00e1rcel \u00e0 C\u00e1diz : \u00e9conomique et s\u00e9curis\u00e9. R\u00e9servez maintenant et profitez de la ville sans souci.<\/p>\n","protected":false},"author":1,"featured_media":13229,"comment_status":"closed","ping_status":"closed","sticky":false,"template":"","format":"standard","meta":{"footnotes":""},"categories":[],"tags":[352],"class_list":["post-17505","post","type-post","status-publish","format-standard","has-post-thumbnail","hentry","tag-parking-economique-cadiz"],"_links":{"self":[{"href":"https:\/\/parkinglowcost.es\/fr\/wp-json\/wp\/v2\/posts\/17505","targetHints":{"allow":["GET"]}}],"collection":[{"href":"https:\/\/parkinglowcost.es\/fr\/wp-json\/wp\/v2\/posts"}],"about":[{"href":"https:\/\/parkinglowcost.es\/fr\/wp-json\/wp\/v2\/types\/post"}],"author":[{"embeddable":true,"href":"https:\/\/parkinglowcost.es\/fr\/wp-json\/wp\/v2\/users\/1"}],"replies":[{"embeddable":true,"href":"https:\/\/parkinglowcost.es\/fr\/wp-json\/wp\/v2\/comments?post=17505"}],"version-history":[{"count":0,"href":"https:\/\/parkinglowcost.es\/fr\/wp-json\/wp\/v2\/posts\/17505\/revisions"}],"wp:featuredmedia":[{"embeddable":true,"href":"https:\/\/parkinglowcost.es\/fr\/wp-json\/wp\/v2\/media\/13229"}],"wp:attachment":[{"href":"https:\/\/parkinglowcost.es\/fr\/wp-json\/wp\/v2\/media?parent=17505"}],"wp:term":[{"taxonomy":"category","embeddable":true,"href":"https:\/\/parkinglowcost.es\/fr\/wp-json\/wp\/v2\/categories?post=17505"},{"taxonomy":"post_tag","embeddable":true,"href":"https:\/\/parkinglowcost.es\/fr\/wp-json\/wp\/v2\/tags?post=17505"}],"curies":[{"name":"wp","href":"https:\/\/api.w.org\/{rel}","templated":true}]}}