{"id":17435,"date":"2025-03-11T10:06:57","date_gmt":"2025-03-11T10:06:57","guid":{"rendered":"https:\/\/parkinglowcost.es\/parking-san-marcial-tudela\/"},"modified":"2025-03-11T15:43:40","modified_gmt":"2025-03-11T15:43:40","slug":"parking-san-marcial-tudela","status":"publish","type":"post","link":"https:\/\/parkinglowcost.es\/fr\/parking-san-marcial-tudela\/","title":{"rendered":"Parking San Marcial | Parking \u00e9conomique \u00e0 Tudela"},"content":{"rendered":"<div class=\"columns is-mobile is-variable is-3\">\r\n<div class=\"column is-5\">\r\n    <!-- IMG PROFILE -->\r\n        <img decoding=\"async\" src=\"https:\/\/parkinglowcost.es\/wp-content\/uploads\/AF1QipNCun5ql0lKk8qxWPQE1Ea9_DJ-3epGXog8R48bw408-h307-k-no.jpg\" alt='Parking San Marcial | Parking \u00e9conomique \u00e0 Tudela' title=\"Parking \u00e9conomique \u00e0 Tudela\" class=\"profile-image\">\r\n        <div class=\"profile-image-overflow has-background-primary px-4 py-4\">\r\n    <!-- IMG PROFILE -->\r\n    <!-- GOOGLE -->\r\n        <div class=\"profile-triangle\"><\/div>\r\n                <div class=\"has-background-primary\" style=\"border-radius:10px\">\r\n                    <p class=\"is-size-4-mobile is-size-4 has-text-weight-bold has-text-white ml-3 mb-0\"><i class=\"fas fa-search-location\"><\/i><\/p>\r\n                    <p class=\"is-size-7-mobile is-size-4 has-text-weight-bold has-text-white has-text-centered\">Entreprise not\u00e9e 3.1 sur Google<\/p>\r\n                    <p class=\"is-size-8 has-text-weight-bold mt-2 has-text-centered has-text-white\">Bas\u00e9 sur 17 avis<\/p>\r\n                <\/div>\r\n        <!-- GOOGLE -->\r\n    <\/div>\r\n   \r\n<\/div>\r\n\r\n\r\n<div class=\"column has-text-black\">\r\n    <h1\r\n        class=\"has-text-weight-bold is-size-5-mobile is-size-1 mb-3 has-text-primary\">Parking San Marcial<\/h1>\r\n    <p class=\"is-size-7-mobile is-size-5 has-text-weight-bold has-text-primary\">Parking San Marcial \u00e0 Tudela : \u00e9conomique et s\u00e9curis\u00e9. R\u00e9servez votre place d\u00e8s maintenant et profitez d&rsquo;un stationnement sans stress.<\/p>\r\n    <a target=\"_blank\" rel=\"sponsored noopener\" class=\"button is-rounded is-fullwidth mt-3 is-size-7-mobile is-size-4 is-warning has-text-weight-bold\" href=\"https:\/\/www.awin1.com\/cread.php?awinmid=25234&#038;awinaffid=789919\">R\u00e9server un parking<\/a>\r\n\r\n    <hr class=\"mt-4 mb-3 has-background-primary\">\r\n\r\n     <!-- BUSINESS INFO  -->\r\n    <div class=\"columns\">\r\n        <div class=\"column\">\r\n            <h3 class=\"is-size-7-mobile is-size-6 has-text-weight-bold mb-2 has-text-primary\"><i class=\"fas fa-map-marker-alt mr-2 has-text-primary\"><\/i>Adresse<\/h3>\r\n            <p class=\"is-size-7-mobile is-size-5\">Calle Camino San Marcial, 13 | Tudela<\/p>\r\n        <\/div>\r\n        <div class=\"column is-4 column-mobile\">\r\n            <!-- SOCIAL MEDIA -->\r\n            <h3 class=\"is-size-7-mobile is-size-6 has-text-weight-bold mb-2 has-text-primary\"><i class=\"fas fa-share-square mr-3\"><\/i>Contact<\/h3>\r\n            <div class=\"buttons\">\r\n                \r\n            <\/div>\r\n            <!-- SOCIAL MEDIA -->\r\n        <\/div>\r\n    <\/div>\r\n    <!-- BUSINESS INFO  -->\r\n\r\n    <hr class=\"mt-0 mb-3 has-background-primary\">\r\n    <h2 class=\"is-size-7-mobile is-size-6 has-text-weight-bold mb-2 has-text-primary\"><i class=\"fas fa-address-book mr-2 has-text-primary mb-3\"><\/i>Comment y arriver<\/h2>\r\n   \r\n    <a target=\"_blank\" rel=\"nofollow noopener noreferrer\" class=\"button is-rounded is-outlined is-fullwidth is-size-7-mobile is-size-4 is-danger mb-2\" href=\"https:\/\/www.waze.com\/ul?ll=42.0619821,-1.6019916&#038;navigate=yes\"><i class=\"fab fa-waze mr-2\"><\/i> Waze<\/a><a target=\"_blank\" rel=\"nofollow noopener noreferrer\" class=\"button is-rounded is-outlined is-fullwidth is-size-7-mobile is-size-4 is-danger mb-2\" href=\"https:\/\/maps.apple.com\/?q=42.0619821,-1.6019916\"><i class=\"fab fa-apple mr-2\"><\/i>Apple Maps<\/a><a target=\"_blank\" rel=\"nofollow noopener noreferrer\" class=\"button is-rounded is-outlined is-fullwidth is-size-7-mobile is-size-4 is-danger mb-2\" href=\"https:\/\/www.google.com\/maps\/search\/?api=1&#038;query=Parking%20San%20Marcial&#038;query_place_id=ChIJjWzFilNPWg0RuKxmWwfwa0k\"><i class=\"fas fa-map-marker-alt mr-2\"><\/i>Google Maps<\/a>\r\n\r\n\r\n<\/div>\r\n<\/div>\r\n\r\n<div class='code-block code-block-2' style='margin: 8px 0; clear: both;'>\n<script async src=\"https:\/\/pagead2.googlesyndication.com\/pagead\/js\/adsbygoogle.js?client=ca-pub-3045090583979067\"\n     crossorigin=\"anonymous\"><\/script>\n<!-- Display Parking -->\n<ins class=\"adsbygoogle\"\n     style=\"display:block\"\n     data-ad-client=\"ca-pub-3045090583979067\"\n     data-ad-slot=\"3512595945\"\n     data-ad-format=\"auto\"\n     data-full-width-responsive=\"true\"><\/ins>\n<script>\n     (adsbygoogle = window.adsbygoogle || []).push({});\n<\/script><\/div>\n\r\n\r\n\r\n<article class=\"mt-3\">\r\n\r\n<div class=\"columns is-variable is-8\">\r\n    <div class=\"column is-4\">\r\n        <hr class=\"has-background-success\">\r\n        <h2 class=\"is-size-5 has-text-weight-bold mb-2 has-text-primary\"><i class=\"fas fa-calendar-alt mr-2 has-text-primary\"><\/i>Horaires Parking San Marcial<\/h2>\r\n\r\n        <table class=\"table is-fullwidth is-bordered mt-4 has-background-primary is-size-7-mobile is-size-6 has-text-white\">\n    <thead>\n        <tr>\n            <th class=\"has-text-white\">Jour<\/th>\n            <th class=\"has-text-white\">Heures d&rsquo;ouverture<\/th>\n        <\/tr>\n    <\/thead>\n    <tbody>\n        <tr>\n            <td>Lundi<\/td>\n            <td>No disponible<\/td>\n        <\/tr>\n        <tr>\n            <td>Mardi<\/td>\n            <td>No disponible<\/td>\n        <\/tr>\n        <tr>\n            <td>Mercredi<\/td>\n            <td>No disponible<\/td>\n        <\/tr>\n        <tr>\n            <td>Jeudi<\/td>\n            <td>No disponible<\/td>\n        <\/tr>\n        <tr>\n            <td>Vendredi<\/td>\n            <td>No disponible<\/td>\n        <\/tr>\n        <tr>\n            <td>Samedi<\/td>\n            <td>No disponible<\/td>\n        <\/tr>\n        <tr>\n            <td>Dimanche<\/td>\n            <td>No disponible<\/td>\n        <\/tr>\n    <\/tbody>\n<\/table>\r\n        <hr class=\"has-background-success\">\r\n        <h2 class=\"is-size-5 has-text-weight-bold mb-2 has-text-primary\"><i class=\"fas fa-map-marker-alt mr-2 has-text-primary\"><\/i>Carte<\/h2>\r\n        <div class='code-block code-block-50' style='margin: 8px 0; clear: both;'>\n<div class=\"leaflet-map WPLeafletMap\" style=\"height:250px; width:100%;\"><\/div><script>\nwindow.WPLeafletMapPlugin = window.WPLeafletMapPlugin || [];\nwindow.WPLeafletMapPlugin.push(function WPLeafletMapShortcode() {\/*<script>*\/\nvar baseUrl = atob('aHR0cHM6Ly97c30udGlsZS5vcGVuc3RyZWV0bWFwLm9yZy97en0ve3h9L3t5fS5wbmc=');\nvar base = (!baseUrl && window.MQ) ?\n    window.MQ.mapLayer() : L.tileLayer(baseUrl,\n        L.Util.extend({}, {\n            detectRetina: 0,\n        },\n        {\"subdomains\":\"abc\",\"noWrap\":false,\"maxZoom\":19}        )\n    );\n    var options = L.Util.extend({}, {\n        layers: [base],\n        attributionControl: false\n    },\n    {\"zoomControl\":false,\"scrollWheelZoom\":false,\"doubleClickZoom\":false,\"fitBounds\":false,\"minZoom\":0,\"maxZoom\":19,\"maxBounds\":null,\"attribution\":\"<a href=\\\"http:\\\/\\\/leafletjs.com\\\" title=\\\"Une biblioth\\u00e8que JS pour des cartes interactives\\\">Leaflet<\\\/a>; \\u00a9 <a href=\\\"http:\\\/\\\/www.openstreetmap.org\\\/copyright\\\">OpenStreetMap<\\\/a> contributeurs\\\/contributrices\"},\n    {});\nwindow.WPLeafletMapPlugin.createMap(options).setView([42.0619821,-1.6019916],15);});<\/script><script>\nwindow.WPLeafletMapPlugin = window.WPLeafletMapPlugin || [];\nwindow.WPLeafletMapPlugin.push(function WPLeafletMarkerShortcode() {\/*<script>*\/\nvar map = window.WPLeafletMapPlugin.getCurrentMap();\nvar group = window.WPLeafletMapPlugin.getCurrentGroup();\nvar marker_options = window.WPLeafletMapPlugin.getIconOptions({});\nvar marker = L.marker(\n    [42.0619821,-1.6019916],\n    marker_options\n);\nvar is_image = map.is_image_map;\nif (marker_options.draggable) {\n    marker.on('dragend', function () {\n        var latlng = this.getLatLng();\n        var lat = latlng.lat;\n        var lng = latlng.lng;\n        if (is_image) {\n            console.log('leaflet-marker y=' + lat + ' x=' + lng);\n        } else {\n            console.log('leaflet-marker lat=' + lat + ' lng=' + lng);\n        }\n    });\n}\nmarker.addTo( group );\nwindow.WPLeafletMapPlugin.markers.push( marker );\n        });<\/script><\/div>\n\r\n\r\n\r\n    <\/div>\r\n    <div class=\"column is-8\">\r\n        <p class=\"is-size-5 has-text-weight-bold mb-2 has-text-primary\"><i\r\n                class=\"fas fa-info-circle mr-2 has-text-primary\"><\/i>\u00c0 propos de Parking San Marcial<\/p>\r\n\r\n        <div class=\"content is-size-7-mobile is-size-6 mt-3 has-text-primary\">\r\n            <p>Si vous cherchez un endroit o\u00f9 <b>se garer \u00e0 bon prix \u00e0 Tudela<\/b>, <b>Parking San Marcial<\/b> est l&rsquo;une des meilleures options si vous \u00eates dans le coin. Situ\u00e9 au <b>13 Calle Camino San Marcial<\/b>, ce parking offre une solution pratique pour ceux qui souhaitent laisser leur v\u00e9hicule dans un environnement confortable et accessible.<\/p>\n\n<p>Comme on l&rsquo;entend souvent de la part de ses clients, le parking a son charme, mais pr\u00e9sente \u00e9galement des zones qui pourraient \u00eatre am\u00e9lior\u00e9es. Certains utilisateurs ont exprim\u00e9 leur satisfaction de disposer de <b>places couvertes<\/b> et de la gestion automatis\u00e9e propos\u00e9e par l&rsquo;endroit. Cependant, des commentaires ont \u00e9t\u00e9 faits sur la propret\u00e9 et l&rsquo;\u00e9tat g\u00e9n\u00e9ral du parking. Il arrive parfois de trouver des <b>voitures abandonn\u00e9es<\/b> qui pourraient influencer la perception de l&rsquo;endroit. Ces avis donnent une vision \u00e9quilibr\u00e9e de ce que peuvent attendre ceux qui d\u00e9cident de se garer l\u00e0.<\/p>\n\n<p>Situ\u00e9 au c\u0153ur de Tudela, Parking San Marcial permet un acc\u00e8s rapide \u00e0 diverses attractions locales. \u00catre si pr\u00e8s du <b>centre<\/b> vous offre l&rsquo;opportunit\u00e9 de profiter de la culture, de la gastronomie et du commerce de la r\u00e9gion sans vous soucier du stationnement. De plus, sa proximit\u00e9 avec d&rsquo;autres parkings vous offre une flexibilit\u00e9 lors de la planification de votre visite.<\/p>\n\n<p>Le parking se distingue par sa <b>surveillance 24 heures sur 24<\/b> et ses <b>cam\u00e9ras de s\u00e9curit\u00e9<\/b>, ce qui fournit une couche suppl\u00e9mentaire de s\u00e9curit\u00e9 pour votre v\u00e9hicule. Cela le diff\u00e9rencie d&rsquo;autres parkings \u00e0 Tudela et garantit aux utilisateurs que leur voiture sera prot\u00e9g\u00e9e durant leur s\u00e9jour. Les <b>entr\u00e9es larges<\/b> et l&rsquo;acc\u00e8s rapide contribuent \u00e0 cr\u00e9er une exp\u00e9rience de stationnement sans complications.<\/p>\n\n<p>Il est important de souligner que la demande dans cette zone est g\u00e9n\u00e9ralement \u00e9lev\u00e9e, surtout lors d&rsquo;\u00e9v\u00e9nements sp\u00e9ciaux et le week-end. Pour \u00e9viter des d\u00e9sagr\u00e9ments, il est conseill\u00e9 de planifier votre stationnement \u00e0 l&rsquo;avance. R\u00e9servez votre place facilement en utilisant <b>ParkingLowCost.es<\/b> ou en contactant directement <b>Parking San Marcial<\/b>. Une chose est certaine : se garer \u00e0 Tudela n&rsquo;a jamais \u00e9t\u00e9 aussi simple et accessible. Ne manquez pas l&rsquo;occasion de profiter de votre visite sans soucis !<\/p>\r\n        <\/div>\r\n    <\/div>\r\n\r\n<\/div>\r\n<\/article>","protected":false},"excerpt":{"rendered":"<p>Parking San Marcial \u00e0 Tudela : \u00e9conomique et s\u00e9curis\u00e9. R\u00e9servez votre place d\u00e8s maintenant et profitez d&rsquo;un stationnement sans stress.<\/p>\n","protected":false},"author":1,"featured_media":12948,"comment_status":"closed","ping_status":"closed","sticky":false,"template":"","format":"standard","meta":{"footnotes":""},"categories":[],"tags":[165],"class_list":["post-17435","post","type-post","status-publish","format-standard","has-post-thumbnail","hentry","tag-parking-economique-tudela"],"_links":{"self":[{"href":"https:\/\/parkinglowcost.es\/fr\/wp-json\/wp\/v2\/posts\/17435","targetHints":{"allow":["GET"]}}],"collection":[{"href":"https:\/\/parkinglowcost.es\/fr\/wp-json\/wp\/v2\/posts"}],"about":[{"href":"https:\/\/parkinglowcost.es\/fr\/wp-json\/wp\/v2\/types\/post"}],"author":[{"embeddable":true,"href":"https:\/\/parkinglowcost.es\/fr\/wp-json\/wp\/v2\/users\/1"}],"replies":[{"embeddable":true,"href":"https:\/\/parkinglowcost.es\/fr\/wp-json\/wp\/v2\/comments?post=17435"}],"version-history":[{"count":0,"href":"https:\/\/parkinglowcost.es\/fr\/wp-json\/wp\/v2\/posts\/17435\/revisions"}],"wp:featuredmedia":[{"embeddable":true,"href":"https:\/\/parkinglowcost.es\/fr\/wp-json\/wp\/v2\/media\/12948"}],"wp:attachment":[{"href":"https:\/\/parkinglowcost.es\/fr\/wp-json\/wp\/v2\/media?parent=17435"}],"wp:term":[{"taxonomy":"category","embeddable":true,"href":"https:\/\/parkinglowcost.es\/fr\/wp-json\/wp\/v2\/categories?post=17435"},{"taxonomy":"post_tag","embeddable":true,"href":"https:\/\/parkinglowcost.es\/fr\/wp-json\/wp\/v2\/tags?post=17435"}],"curies":[{"name":"wp","href":"https:\/\/api.w.org\/{rel}","templated":true}]}}