{"id":17388,"date":"2025-03-11T10:05:50","date_gmt":"2025-03-11T10:05:50","guid":{"rendered":"https:\/\/parkinglowcost.es\/parking-recinto-ferial-jaen\/"},"modified":"2025-03-11T15:42:39","modified_gmt":"2025-03-11T15:42:39","slug":"parking-recinto-ferial-jaen","status":"publish","type":"post","link":"https:\/\/parkinglowcost.es\/fr\/parking-recinto-ferial-jaen\/","title":{"rendered":"Parking Recinto Ferial | Parking \u00e9conomique \u00e0 Ja\u00e9n"},"content":{"rendered":"<div class=\"columns is-mobile is-variable is-3\">\r\n<div class=\"column is-5\">\r\n    <!-- IMG PROFILE -->\r\n        <img decoding=\"async\" src=\"https:\/\/parkinglowcost.es\/wp-content\/uploads\/AF1QipNubzrVWe36qwvg7CEUc3CzBp0u1FVO6UMPjAPvw408-h306-k-no.jpg\" alt='Parking Recinto Ferial | Parking \u00e9conomique \u00e0 Ja\u00e9n' title=\"Parking \u00e9conomique \u00e0 Ja\u00e9n\" class=\"profile-image\">\r\n        <div class=\"profile-image-overflow has-background-primary px-4 py-4\">\r\n    <!-- IMG PROFILE -->\r\n    <!-- GOOGLE -->\r\n        <div class=\"profile-triangle\"><\/div>\r\n                <div class=\"has-background-primary\" style=\"border-radius:10px\">\r\n                    <p class=\"is-size-4-mobile is-size-4 has-text-weight-bold has-text-white ml-3 mb-0\"><i class=\"fas fa-search-location\"><\/i><\/p>\r\n                    <p class=\"is-size-7-mobile is-size-4 has-text-weight-bold has-text-white has-text-centered\">Entreprise not\u00e9e 3.9 sur Google<\/p>\r\n                    <p class=\"is-size-8 has-text-weight-bold mt-2 has-text-centered has-text-white\">Bas\u00e9 sur 21 avis<\/p>\r\n                <\/div>\r\n        <!-- GOOGLE -->\r\n    <\/div>\r\n   \r\n<\/div>\r\n\r\n\r\n<div class=\"column has-text-black\">\r\n    <h1\r\n        class=\"has-text-weight-bold is-size-5-mobile is-size-1 mb-3 has-text-primary\">Parking Recinto Ferial<\/h1>\r\n    <p class=\"is-size-7-mobile is-size-5 has-text-weight-bold has-text-primary\">D\u00e9couvrez Parking Recinto Ferial \u00e0 Ja\u00e9n : s\u00e9curis\u00e9 et \u00e9conomique. R\u00e9servez votre place maintenant et stationnez sans soucis !<\/p>\r\n    <a target=\"_blank\" rel=\"sponsored noopener\" class=\"button is-rounded is-fullwidth mt-3 is-size-7-mobile is-size-4 is-warning has-text-weight-bold\" href=\"https:\/\/www.awin1.com\/cread.php?awinmid=25234&#038;awinaffid=789919\">R\u00e9server un parking<\/a>\r\n\r\n    <hr class=\"mt-4 mb-3 has-background-primary\">\r\n\r\n     <!-- BUSINESS INFO  -->\r\n    <div class=\"columns\">\r\n        <div class=\"column\">\r\n            <h3 class=\"is-size-7-mobile is-size-6 has-text-weight-bold mb-2 has-text-primary\"><i class=\"fas fa-map-marker-alt mr-2 has-text-primary\"><\/i>Adresse<\/h3>\r\n            <p class=\"is-size-7-mobile is-size-5\">Carretera  Granada, S\/N | Ja\u00e9n<\/p>\r\n        <\/div>\r\n        <div class=\"column is-4 column-mobile\">\r\n            <!-- SOCIAL MEDIA -->\r\n            <h3 class=\"is-size-7-mobile is-size-6 has-text-weight-bold mb-2 has-text-primary\"><i class=\"fas fa-share-square mr-3\"><\/i>Contact<\/h3>\r\n            <div class=\"buttons\">\r\n                \r\n            <\/div>\r\n            <!-- SOCIAL MEDIA -->\r\n        <\/div>\r\n    <\/div>\r\n    <!-- BUSINESS INFO  -->\r\n\r\n    <hr class=\"mt-0 mb-3 has-background-primary\">\r\n    <h2 class=\"is-size-7-mobile is-size-6 has-text-weight-bold mb-2 has-text-primary\"><i class=\"fas fa-address-book mr-2 has-text-primary mb-3\"><\/i>Comment y arriver<\/h2>\r\n   \r\n    <a target=\"_blank\" rel=\"nofollow noopener noreferrer\" class=\"button is-rounded is-outlined is-fullwidth is-size-7-mobile is-size-4 is-danger mb-2\" href=\"https:\/\/www.waze.com\/ul?ll=37.7702701,-3.7763218&#038;navigate=yes\"><i class=\"fab fa-waze mr-2\"><\/i> Waze<\/a><a target=\"_blank\" rel=\"nofollow noopener noreferrer\" class=\"button is-rounded is-outlined is-fullwidth is-size-7-mobile is-size-4 is-danger mb-2\" href=\"https:\/\/maps.apple.com\/?q=37.7702701,-3.7763218\"><i class=\"fab fa-apple mr-2\"><\/i>Apple Maps<\/a><a target=\"_blank\" rel=\"nofollow noopener noreferrer\" class=\"button is-rounded is-outlined is-fullwidth is-size-7-mobile is-size-4 is-danger mb-2\" href=\"https:\/\/www.google.com\/maps\/search\/?api=1&#038;query=Parking%20RECINTO%20FERIAL%20Ja%C3%A9n&#038;query_place_id=ChIJNea7eaLXbQ0RXTGgE1IWQtk\"><i class=\"fas fa-map-marker-alt mr-2\"><\/i>Google Maps<\/a>\r\n\r\n\r\n<\/div>\r\n<\/div>\r\n\r\n<div class='code-block code-block-2' style='margin: 8px 0; clear: both;'>\n<script async src=\"https:\/\/pagead2.googlesyndication.com\/pagead\/js\/adsbygoogle.js?client=ca-pub-3045090583979067\"\n     crossorigin=\"anonymous\"><\/script>\n<!-- Display Parking -->\n<ins class=\"adsbygoogle\"\n     style=\"display:block\"\n     data-ad-client=\"ca-pub-3045090583979067\"\n     data-ad-slot=\"3512595945\"\n     data-ad-format=\"auto\"\n     data-full-width-responsive=\"true\"><\/ins>\n<script>\n     (adsbygoogle = window.adsbygoogle || []).push({});\n<\/script><\/div>\n\r\n\r\n\r\n<article class=\"mt-3\">\r\n\r\n<div class=\"columns is-variable is-8\">\r\n    <div class=\"column is-4\">\r\n        <hr class=\"has-background-success\">\r\n        <h2 class=\"is-size-5 has-text-weight-bold mb-2 has-text-primary\"><i class=\"fas fa-calendar-alt mr-2 has-text-primary\"><\/i>Horaires Parking Recinto Ferial<\/h2>\r\n\r\n        <table class=\"table is-fullwidth is-bordered mt-4 has-background-primary is-size-7-mobile is-size-6 has-text-white\">\n    <thead>\n        <tr>\n            <th class=\"has-text-white\">Jour<\/th>\n            <th class=\"has-text-white\">Heures d&rsquo;ouverture<\/th>\n        <\/tr>\n    <\/thead>\n    <tbody>\n        <tr>\n            <td>Lundi<\/td>\n            <td>Ouvert 24 heures sur 24<\/td>\n        <\/tr>\n        <tr>\n            <td>Mardi<\/td>\n            <td>Ouvert 24 heures sur 24<\/td>\n        <\/tr>\n        <tr>\n            <td>Mercredi<\/td>\n            <td>Ouvert 24 heures sur 24<\/td>\n        <\/tr>\n        <tr>\n            <td>Jeudi<\/td>\n            <td>Ouvert 24 heures sur 24<\/td>\n        <\/tr>\n        <tr>\n            <td>Vendredi<\/td>\n            <td>Ouvert 24 heures sur 24<\/td>\n        <\/tr>\n        <tr>\n            <td>Samedi<\/td>\n            <td>Ouvert 24 heures sur 24<\/td>\n        <\/tr>\n        <tr>\n            <td>Dimanche<\/td>\n            <td>Ouvert 24 heures sur 24<\/td>\n        <\/tr>\n    <\/tbody>\n<\/table>\r\n        <hr class=\"has-background-success\">\r\n        <h2 class=\"is-size-5 has-text-weight-bold mb-2 has-text-primary\"><i class=\"fas fa-map-marker-alt mr-2 has-text-primary\"><\/i>Carte<\/h2>\r\n        <div class='code-block code-block-50' style='margin: 8px 0; clear: both;'>\n<div class=\"leaflet-map WPLeafletMap\" style=\"height:250px; width:100%;\"><\/div><script>\nwindow.WPLeafletMapPlugin = window.WPLeafletMapPlugin || [];\nwindow.WPLeafletMapPlugin.push(function WPLeafletMapShortcode() {\/*<script>*\/\nvar baseUrl = atob('aHR0cHM6Ly97c30udGlsZS5vcGVuc3RyZWV0bWFwLm9yZy97en0ve3h9L3t5fS5wbmc=');\nvar base = (!baseUrl && window.MQ) ?\n    window.MQ.mapLayer() : L.tileLayer(baseUrl,\n        L.Util.extend({}, {\n            detectRetina: 0,\n        },\n        {\"subdomains\":\"abc\",\"noWrap\":false,\"maxZoom\":19}        )\n    );\n    var options = L.Util.extend({}, {\n        layers: [base],\n        attributionControl: false\n    },\n    {\"zoomControl\":false,\"scrollWheelZoom\":false,\"doubleClickZoom\":false,\"fitBounds\":false,\"minZoom\":0,\"maxZoom\":19,\"maxBounds\":null,\"attribution\":\"<a href=\\\"http:\\\/\\\/leafletjs.com\\\" title=\\\"Une biblioth\\u00e8que JS pour des cartes interactives\\\">Leaflet<\\\/a>; \\u00a9 <a href=\\\"http:\\\/\\\/www.openstreetmap.org\\\/copyright\\\">OpenStreetMap<\\\/a> contributeurs\\\/contributrices\"},\n    {});\nwindow.WPLeafletMapPlugin.createMap(options).setView([37.7702701,-3.7763218],15);});<\/script><script>\nwindow.WPLeafletMapPlugin = window.WPLeafletMapPlugin || [];\nwindow.WPLeafletMapPlugin.push(function WPLeafletMarkerShortcode() {\/*<script>*\/\nvar map = window.WPLeafletMapPlugin.getCurrentMap();\nvar group = window.WPLeafletMapPlugin.getCurrentGroup();\nvar marker_options = window.WPLeafletMapPlugin.getIconOptions({});\nvar marker = L.marker(\n    [37.7702701,-3.7763218],\n    marker_options\n);\nvar is_image = map.is_image_map;\nif (marker_options.draggable) {\n    marker.on('dragend', function () {\n        var latlng = this.getLatLng();\n        var lat = latlng.lat;\n        var lng = latlng.lng;\n        if (is_image) {\n            console.log('leaflet-marker y=' + lat + ' x=' + lng);\n        } else {\n            console.log('leaflet-marker lat=' + lat + ' lng=' + lng);\n        }\n    });\n}\nmarker.addTo( group );\nwindow.WPLeafletMapPlugin.markers.push( marker );\n        });<\/script><\/div>\n\r\n\r\n\r\n    <\/div>\r\n    <div class=\"column is-8\">\r\n        <p class=\"is-size-5 has-text-weight-bold mb-2 has-text-primary\"><i\r\n                class=\"fas fa-info-circle mr-2 has-text-primary\"><\/i>\u00c0 propos de Parking Recinto Ferial<\/p>\r\n\r\n        <div class=\"content is-size-7-mobile is-size-6 mt-3 has-text-primary\">\r\n            <p>Rechercher <b>un parking pas cher \u00e0 Ja\u00e9n<\/b> peut \u00eatre tout un d\u00e9fi, mais <b>Parking Recinto Ferial<\/b> se positionne comme une des meilleures alternatives si vous vous trouvez \u00e0 proximit\u00e9 de la Jefatura De Polic\u00eda Local. Ce parking, strat\u00e9giquement situ\u00e9 sur la Carretera Granada, S\/N, offre un endroit s\u00fbr et pratique pour laisser votre v\u00e9hicule pendant que vous explorez la ville.<\/p>\n\n<p>Les avis des clients mettent souvent en avant la <b>tranquillit\u00e9 et la s\u00e9curit\u00e9<\/b> de l&rsquo;espace. De nombreux utilisateurs mentionnent que c&rsquo;est \u00ab\u00a0un endroit magnifique pour se garer et passer la nuit\u00a0\u00bb et soulignent la proximit\u00e9 du centre, ce qui facilite l&rsquo;acc\u00e8s aux restaurants et commerces locaux sans complications. Comme ils l&rsquo;entendent souvent de la part de leurs clients, Parking Recinto Ferial offre un environnement paisible o\u00f9 le stress de chercher une place de stationnement devient un probl\u00e8me du pass\u00e9.<\/p>\n\n<p>Avec des tarifs tr\u00e8s comp\u00e9titifs, il est possible de se garer pour seulement <b>4 euros pendant les foires<\/b>, et les jours de semaine, le parking est gratuit ! Cet aspect en fait une <b>option \u00e9conomique et accessible<\/b>, id\u00e9ale pour ceux qui pr\u00e9voient de passer la journ\u00e9e \u00e0 Ja\u00e9n. Son acc\u00e8s facile et ses larges entr\u00e9es sont des caract\u00e9ristiques qui rendent l&rsquo;exp\u00e9rience de stationnement beaucoup plus simple.<\/p>\n\n<p>Le stationnement offre <b>une surveillance 24 heures sur 24<\/b> et est \u00e9quip\u00e9 de cam\u00e9ras de s\u00e9curit\u00e9, offrant ainsi une couche suppl\u00e9mentaire de protection pour votre v\u00e9hicule. La satisfaction des clients se refl\u00e8te dans leurs commentaires, o\u00f9 ils mentionnent l&rsquo;importance de cette caract\u00e9ristique lors du choix d&rsquo;un parking. Si vous recherchez un endroit bien g\u00e9r\u00e9 et avec un haut niveau de s\u00e9curit\u00e9, Parking Recinto Ferial se distingue de la concurrence.<\/p>\n\n<p>Ce parking se distingue \u00e9galement par son <b>automatisation<\/b>, ce qui permet un processus d&rsquo;acc\u00e8s et de paiement plus efficace, offrant une exp\u00e9rience sans complications. Dans ses installations, les utilisateurs trouvent des places couvertes qui ajoutent un niveau de protection suppl\u00e9mentaire contre les intemp\u00e9ries, garantissant que votre v\u00e9hicule soit toujours en parfait \u00e9tat.<\/p>\n\n<p>\u00c9tant donn\u00e9 que cette zone enregistre souvent une forte demande, nous vous recommandons de <b>r\u00e9server votre place \u00e0 l&rsquo;avance<\/b>. Planifiez votre stationnement pour profiter de votre journ\u00e9e en toute tranquillit\u00e9. Vous pouvez le faire facilement via ParkingLowCost.es ou contacter directement Parking Recinto Ferial. Se garer \u00e0 Ja\u00e9n n&rsquo;a jamais \u00e9t\u00e9 aussi simple !<\/p>\r\n        <\/div>\r\n    <\/div>\r\n\r\n<\/div>\r\n<\/article>","protected":false},"excerpt":{"rendered":"<p>D\u00e9couvrez Parking Recinto Ferial \u00e0 Ja\u00e9n : s\u00e9curis\u00e9 et \u00e9conomique. R\u00e9servez votre place maintenant et stationnez sans soucis !<\/p>\n","protected":false},"author":1,"featured_media":12760,"comment_status":"closed","ping_status":"closed","sticky":false,"template":"","format":"standard","meta":{"footnotes":""},"categories":[],"tags":[351],"class_list":["post-17388","post","type-post","status-publish","format-standard","has-post-thumbnail","hentry","tag-parking-economique-jaen"],"_links":{"self":[{"href":"https:\/\/parkinglowcost.es\/fr\/wp-json\/wp\/v2\/posts\/17388","targetHints":{"allow":["GET"]}}],"collection":[{"href":"https:\/\/parkinglowcost.es\/fr\/wp-json\/wp\/v2\/posts"}],"about":[{"href":"https:\/\/parkinglowcost.es\/fr\/wp-json\/wp\/v2\/types\/post"}],"author":[{"embeddable":true,"href":"https:\/\/parkinglowcost.es\/fr\/wp-json\/wp\/v2\/users\/1"}],"replies":[{"embeddable":true,"href":"https:\/\/parkinglowcost.es\/fr\/wp-json\/wp\/v2\/comments?post=17388"}],"version-history":[{"count":0,"href":"https:\/\/parkinglowcost.es\/fr\/wp-json\/wp\/v2\/posts\/17388\/revisions"}],"wp:featuredmedia":[{"embeddable":true,"href":"https:\/\/parkinglowcost.es\/fr\/wp-json\/wp\/v2\/media\/12760"}],"wp:attachment":[{"href":"https:\/\/parkinglowcost.es\/fr\/wp-json\/wp\/v2\/media?parent=17388"}],"wp:term":[{"taxonomy":"category","embeddable":true,"href":"https:\/\/parkinglowcost.es\/fr\/wp-json\/wp\/v2\/categories?post=17388"},{"taxonomy":"post_tag","embeddable":true,"href":"https:\/\/parkinglowcost.es\/fr\/wp-json\/wp\/v2\/tags?post=17388"}],"curies":[{"name":"wp","href":"https:\/\/api.w.org\/{rel}","templated":true}]}}