{"id":17326,"date":"2025-03-11T10:04:06","date_gmt":"2025-03-11T10:04:06","guid":{"rendered":"https:\/\/parkinglowcost.es\/parking-plaza-la-lena-manises\/"},"modified":"2025-03-11T15:41:04","modified_gmt":"2025-03-11T15:41:04","slug":"parking-plaza-la-lena-manises","status":"publish","type":"post","link":"https:\/\/parkinglowcost.es\/fr\/parking-plaza-la-lena-manises\/","title":{"rendered":"Parking Plaza La Le\u00f1a | Parking \u00e9conomique \u00e0 Manises"},"content":{"rendered":"<div class=\"columns is-mobile is-variable is-3\">\r\n<div class=\"column is-5\">\r\n    <!-- IMG PROFILE -->\r\n        <img decoding=\"async\" src=\"https:\/\/parkinglowcost.es\/wp-content\/uploads\/AF1QipPfMbWjBAsQ3TKf1PkWFYxRNRGKVhJLXaITEMvIw496-h240-k-no.jpg\" alt='Parking Plaza La Le\u00f1a | Parking \u00e9conomique \u00e0 Manises' title=\"Parking \u00e9conomique \u00e0 Manises\" class=\"profile-image\">\r\n        <div class=\"profile-image-overflow has-background-primary px-4 py-4\">\r\n    <!-- IMG PROFILE -->\r\n    <!-- GOOGLE -->\r\n        <div class=\"profile-triangle\"><\/div>\r\n                <div class=\"has-background-primary\" style=\"border-radius:10px\">\r\n                    <p class=\"is-size-4-mobile is-size-4 has-text-weight-bold has-text-white ml-3 mb-0\"><i class=\"fas fa-search-location\"><\/i><\/p>\r\n                    <p class=\"is-size-7-mobile is-size-4 has-text-weight-bold has-text-white has-text-centered\">Entreprise not\u00e9e 3.9 sur Google<\/p>\r\n                    <p class=\"is-size-8 has-text-weight-bold mt-2 has-text-centered has-text-white\">Bas\u00e9 sur 7 avis<\/p>\r\n                <\/div>\r\n        <!-- GOOGLE -->\r\n    <\/div>\r\n   \r\n<\/div>\r\n\r\n\r\n<div class=\"column has-text-black\">\r\n    <h1\r\n        class=\"has-text-weight-bold is-size-5-mobile is-size-1 mb-3 has-text-primary\">Parking Plaza La Le\u00f1a<\/h1>\r\n    <p class=\"is-size-7-mobile is-size-5 has-text-weight-bold has-text-primary\">Parking Plaza La Le\u00f1a \u00e0 Manises : abordable et s\u00e9curis\u00e9. R\u00e9servez votre place et profitez d\u2019un stationnement sans stress.<\/p>\r\n    <a target=\"_blank\" rel=\"sponsored noopener\" class=\"button is-rounded is-fullwidth mt-3 is-size-7-mobile is-size-4 is-warning has-text-weight-bold\" href=\"https:\/\/www.awin1.com\/cread.php?awinmid=25234&#038;awinaffid=789919\">R\u00e9server un parking<\/a>\r\n\r\n    <hr class=\"mt-4 mb-3 has-background-primary\">\r\n\r\n     <!-- BUSINESS INFO  -->\r\n    <div class=\"columns\">\r\n        <div class=\"column\">\r\n            <h3 class=\"is-size-7-mobile is-size-6 has-text-weight-bold mb-2 has-text-primary\"><i class=\"fas fa-map-marker-alt mr-2 has-text-primary\"><\/i>Adresse<\/h3>\r\n            <p class=\"is-size-7-mobile is-size-5\">Carrer Mestre Joaquin Rodrigo, 1 | Manises<\/p>\r\n        <\/div>\r\n        <div class=\"column is-4 column-mobile\">\r\n            <!-- SOCIAL MEDIA -->\r\n            <h3 class=\"is-size-7-mobile is-size-6 has-text-weight-bold mb-2 has-text-primary\"><i class=\"fas fa-share-square mr-3\"><\/i>Contact<\/h3>\r\n            <div class=\"buttons\">\r\n                \r\n            <\/div>\r\n            <!-- SOCIAL MEDIA -->\r\n        <\/div>\r\n    <\/div>\r\n    <!-- BUSINESS INFO  -->\r\n\r\n    <hr class=\"mt-0 mb-3 has-background-primary\">\r\n    <h2 class=\"is-size-7-mobile is-size-6 has-text-weight-bold mb-2 has-text-primary\"><i class=\"fas fa-address-book mr-2 has-text-primary mb-3\"><\/i>Comment y arriver<\/h2>\r\n   \r\n    <a target=\"_blank\" rel=\"nofollow noopener noreferrer\" class=\"button is-rounded is-outlined is-fullwidth is-size-7-mobile is-size-4 is-danger mb-2\" href=\"https:\/\/www.waze.com\/ul?ll=39.4973743,-0.4667912&#038;navigate=yes\"><i class=\"fab fa-waze mr-2\"><\/i> Waze<\/a><a target=\"_blank\" rel=\"nofollow noopener noreferrer\" class=\"button is-rounded is-outlined is-fullwidth is-size-7-mobile is-size-4 is-danger mb-2\" href=\"https:\/\/maps.apple.com\/?q=39.4973743,-0.4667912\"><i class=\"fab fa-apple mr-2\"><\/i>Apple Maps<\/a><a target=\"_blank\" rel=\"nofollow noopener noreferrer\" class=\"button is-rounded is-outlined is-fullwidth is-size-7-mobile is-size-4 is-danger mb-2\" href=\"https:\/\/www.google.com\/maps\/search\/?api=1&#038;query=Parking%20Plaza%20La%20Le%C3%B1a&#038;query_place_id=ChIJNWYjHr1aYA0RY6mjOid1SxU\"><i class=\"fas fa-map-marker-alt mr-2\"><\/i>Google Maps<\/a>\r\n\r\n\r\n<\/div>\r\n<\/div>\r\n\r\n<div class='code-block code-block-2' style='margin: 8px 0; clear: both;'>\n<script async src=\"https:\/\/pagead2.googlesyndication.com\/pagead\/js\/adsbygoogle.js?client=ca-pub-3045090583979067\"\n     crossorigin=\"anonymous\"><\/script>\n<!-- Display Parking -->\n<ins class=\"adsbygoogle\"\n     style=\"display:block\"\n     data-ad-client=\"ca-pub-3045090583979067\"\n     data-ad-slot=\"3512595945\"\n     data-ad-format=\"auto\"\n     data-full-width-responsive=\"true\"><\/ins>\n<script>\n     (adsbygoogle = window.adsbygoogle || []).push({});\n<\/script><\/div>\n\r\n\r\n\r\n<article class=\"mt-3\">\r\n\r\n<div class=\"columns is-variable is-8\">\r\n    <div class=\"column is-4\">\r\n        <hr class=\"has-background-success\">\r\n        <h2 class=\"is-size-5 has-text-weight-bold mb-2 has-text-primary\"><i class=\"fas fa-calendar-alt mr-2 has-text-primary\"><\/i>Horaires Parking Plaza La Le\u00f1a<\/h2>\r\n\r\n        <table class=\"table is-fullwidth is-bordered mt-4 has-background-primary is-size-7-mobile is-size-6 has-text-white\">\n    <thead>\n        <tr>\n            <th class=\"has-text-white\">Jour<\/th>\n            <th class=\"has-text-white\">Heures d&rsquo;ouverture<\/th>\n        <\/tr>\n    <\/thead>\n    <tbody>\n        <tr>\n            <td>Lundi<\/td>\n            <td>4:30 a 12:00 <\/td>\n        <\/tr>\n        <tr>\n            <td>Mardi<\/td>\n            <td>4:30 a 12:00 <\/td>\n        <\/tr>\n        <tr>\n            <td>Mercredi<\/td>\n            <td>4:30 a 12:00 <\/td>\n        <\/tr>\n        <tr>\n            <td>Jeudi<\/td>\n            <td>4:30 a 12:00 <\/td>\n        <\/tr>\n        <tr>\n            <td>Vendredi<\/td>\n            <td>4:30 a 12:00 <\/td>\n        <\/tr>\n        <tr>\n            <td>Samedi<\/td>\n            <td>4:30 a 12:00 <\/td>\n        <\/tr>\n        <tr>\n            <td>Dimanche<\/td>\n            <td>4:30 a 12:00 <\/td>\n        <\/tr>\n    <\/tbody>\n<\/table>\r\n        <hr class=\"has-background-success\">\r\n        <h2 class=\"is-size-5 has-text-weight-bold mb-2 has-text-primary\"><i class=\"fas fa-map-marker-alt mr-2 has-text-primary\"><\/i>Carte<\/h2>\r\n        <div class='code-block code-block-50' style='margin: 8px 0; clear: both;'>\n<div class=\"leaflet-map WPLeafletMap\" style=\"height:250px; width:100%;\"><\/div><script>\nwindow.WPLeafletMapPlugin = window.WPLeafletMapPlugin || [];\nwindow.WPLeafletMapPlugin.push(function WPLeafletMapShortcode() {\/*<script>*\/\nvar baseUrl = atob('aHR0cHM6Ly97c30udGlsZS5vcGVuc3RyZWV0bWFwLm9yZy97en0ve3h9L3t5fS5wbmc=');\nvar base = (!baseUrl && window.MQ) ?\n    window.MQ.mapLayer() : L.tileLayer(baseUrl,\n        L.Util.extend({}, {\n            detectRetina: 0,\n        },\n        {\"subdomains\":\"abc\",\"noWrap\":false,\"maxZoom\":19}        )\n    );\n    var options = L.Util.extend({}, {\n        layers: [base],\n        attributionControl: false\n    },\n    {\"zoomControl\":false,\"scrollWheelZoom\":false,\"doubleClickZoom\":false,\"fitBounds\":false,\"minZoom\":0,\"maxZoom\":19,\"maxBounds\":null,\"attribution\":\"<a href=\\\"http:\\\/\\\/leafletjs.com\\\" title=\\\"Une biblioth\\u00e8que JS pour des cartes interactives\\\">Leaflet<\\\/a>; \\u00a9 <a href=\\\"http:\\\/\\\/www.openstreetmap.org\\\/copyright\\\">OpenStreetMap<\\\/a> contributeurs\\\/contributrices\"},\n    {});\nwindow.WPLeafletMapPlugin.createMap(options).setView([39.4973743,-0.4667912],15);});<\/script><script>\nwindow.WPLeafletMapPlugin = window.WPLeafletMapPlugin || [];\nwindow.WPLeafletMapPlugin.push(function WPLeafletMarkerShortcode() {\/*<script>*\/\nvar map = window.WPLeafletMapPlugin.getCurrentMap();\nvar group = window.WPLeafletMapPlugin.getCurrentGroup();\nvar marker_options = window.WPLeafletMapPlugin.getIconOptions({});\nvar marker = L.marker(\n    [39.4973743,-0.4667912],\n    marker_options\n);\nvar is_image = map.is_image_map;\nif (marker_options.draggable) {\n    marker.on('dragend', function () {\n        var latlng = this.getLatLng();\n        var lat = latlng.lat;\n        var lng = latlng.lng;\n        if (is_image) {\n            console.log('leaflet-marker y=' + lat + ' x=' + lng);\n        } else {\n            console.log('leaflet-marker lat=' + lat + ' lng=' + lng);\n        }\n    });\n}\nmarker.addTo( group );\nwindow.WPLeafletMapPlugin.markers.push( marker );\n        });<\/script><\/div>\n\r\n\r\n\r\n    <\/div>\r\n    <div class=\"column is-8\">\r\n        <p class=\"is-size-5 has-text-weight-bold mb-2 has-text-primary\"><i\r\n                class=\"fas fa-info-circle mr-2 has-text-primary\"><\/i>\u00c0 propos de Parking Plaza La Le\u00f1a<\/p>\r\n\r\n        <div class=\"content is-size-7-mobile is-size-6 mt-3 has-text-primary\">\r\n            <p>Le Parking Plaza La Le\u00f1a est l&rsquo;une des meilleures options si vous vous trouvez dans la zone de Manises. Ce parking se distingue par une solution de stationnement \u00e9conomique, id\u00e9ale pour ceux qui recherchent <b>un espace s\u00fbr et accessible<\/b> dans cette r\u00e9gion. Son engagement envers la satisfaction client en fait un endroit hautement recommand\u00e9 pour se garer, que ce soit pour faire des courses, rendre visite \u00e0 des amis ou acc\u00e9der \u00e0 l&rsquo;a\u00e9roport de Valence.<\/p>\n\n<p>Comme le soulignent souvent les avis de ses clients, le Parking Plaza La Le\u00f1a a re\u00e7u des commentaires positifs, mettant en avant son <b>emplacement strat\u00e9gique<\/b> et l\u2019accueil chaleureux de son personnel. La propret\u00e9 et l\u2019ordre sont d\u2019autres aspects que les utilisateurs appr\u00e9cient, cr\u00e9ant ainsi une exp\u00e9rience agr\u00e9able en laissant leur v\u00e9hicule. Bien que certains commentaires aient not\u00e9 de petites possibilit\u00e9s d&rsquo;am\u00e9lioration, comme la n\u00e9cessit\u00e9 d&rsquo;une meilleure signalisation \u00e0 l&rsquo;int\u00e9rieur, l&rsquo;exp\u00e9rience g\u00e9n\u00e9rale est tr\u00e8s satisfaisante.<\/p>\n\n<p>Situ\u00e9 au <b>Carrer Mestre Joaqu\u00edn Rodrigo, 1<\/b>, le Parking Plaza La Le\u00f1a se trouve \u00e0 proximit\u00e9 de plusieurs points d&rsquo;int\u00e9r\u00eat, ce qui le rend extr\u00eamement pratique. Les horaires sont flexibles et s&rsquo;ajustent aux besoins des utilisateurs, garantissant que vous puissiez acc\u00e9der \u00e0 votre place \u00e0 tout moment. De plus, les <b>places couvertes et la s\u00e9curit\u00e9<\/b> que garantit ce parking, avec une surveillance 24 heures sur 24 et des cam\u00e9ras de s\u00e9curit\u00e9, offrent une tranquillit\u00e9 d&rsquo;esprit \u00e0 ceux qui cherchent \u00e0 prot\u00e9ger leur v\u00e9hicule.<\/p>\n\n<p>Ce parking se distingue de la concurrence non seulement par sa <b>gestion automatis\u00e9e<\/b> et son acc\u00e8s rapide, mais aussi par ses larges entr\u00e9es qui facilitent la man\u0153uvrabilit\u00e9. Le Parking Plaza La Le\u00f1a est parfait pour ceux qui souhaitent se garer rapidement sans complications, que vous voyagiez seul ou accompagn\u00e9. Dans un environnement o\u00f9 le temps est pr\u00e9cieux, l&rsquo;efficacit\u00e9 du stationnement devient un avantage cl\u00e9.<\/p>\n\n<p>\u00c9tant donn\u00e9 que cette zone conna\u00eet souvent une forte demande, il est recommand\u00e9 <b>de r\u00e9server votre place \u00e0 l&rsquo;avance<\/b>. Vous pouvez le faire facilement via ParkingLowCost.es, o\u00f9 vous trouverez les meilleurs tarifs, ou contacter directement le Parking Plaza La Le\u00f1a. Ne manquez pas cette opportunit\u00e9 de stationner \u00e0 Manises de mani\u00e8re abordable et confortable ! Planifiez votre stationnement et profitez de la tranquillit\u00e9 d&rsquo;esprit de savoir que votre v\u00e9hicule sera entre de bonnes mains.<\/p>\r\n        <\/div>\r\n    <\/div>\r\n\r\n<\/div>\r\n<\/article>","protected":false},"excerpt":{"rendered":"<p>Parking Plaza La Le\u00f1a \u00e0 Manises : abordable et s\u00e9curis\u00e9. R\u00e9servez votre place et profitez d\u2019un stationnement sans stress.<\/p>\n","protected":false},"author":1,"featured_media":12512,"comment_status":"closed","ping_status":"closed","sticky":false,"template":"","format":"standard","meta":{"footnotes":""},"categories":[],"tags":[330],"class_list":["post-17326","post","type-post","status-publish","format-standard","has-post-thumbnail","hentry","tag-parking-economique-manises"],"_links":{"self":[{"href":"https:\/\/parkinglowcost.es\/fr\/wp-json\/wp\/v2\/posts\/17326","targetHints":{"allow":["GET"]}}],"collection":[{"href":"https:\/\/parkinglowcost.es\/fr\/wp-json\/wp\/v2\/posts"}],"about":[{"href":"https:\/\/parkinglowcost.es\/fr\/wp-json\/wp\/v2\/types\/post"}],"author":[{"embeddable":true,"href":"https:\/\/parkinglowcost.es\/fr\/wp-json\/wp\/v2\/users\/1"}],"replies":[{"embeddable":true,"href":"https:\/\/parkinglowcost.es\/fr\/wp-json\/wp\/v2\/comments?post=17326"}],"version-history":[{"count":0,"href":"https:\/\/parkinglowcost.es\/fr\/wp-json\/wp\/v2\/posts\/17326\/revisions"}],"wp:featuredmedia":[{"embeddable":true,"href":"https:\/\/parkinglowcost.es\/fr\/wp-json\/wp\/v2\/media\/12512"}],"wp:attachment":[{"href":"https:\/\/parkinglowcost.es\/fr\/wp-json\/wp\/v2\/media?parent=17326"}],"wp:term":[{"taxonomy":"category","embeddable":true,"href":"https:\/\/parkinglowcost.es\/fr\/wp-json\/wp\/v2\/categories?post=17326"},{"taxonomy":"post_tag","embeddable":true,"href":"https:\/\/parkinglowcost.es\/fr\/wp-json\/wp\/v2\/tags?post=17326"}],"curies":[{"name":"wp","href":"https:\/\/api.w.org\/{rel}","templated":true}]}}