{"id":17305,"date":"2025-03-11T10:03:30","date_gmt":"2025-03-11T10:03:30","guid":{"rendered":"https:\/\/parkinglowcost.es\/parking-plaza-del-caballo-by-apk2-jerez-de-la-frontera\/"},"modified":"2025-03-11T15:40:30","modified_gmt":"2025-03-11T15:40:30","slug":"parking-plaza-del-caballo-by-apk2-jerez-de-la-frontera","status":"publish","type":"post","link":"https:\/\/parkinglowcost.es\/fr\/parking-plaza-del-caballo-by-apk2-jerez-de-la-frontera\/","title":{"rendered":"Parking Plaza del Caballo by APK2 | Parking \u00e9conomique \u00e0 Jerez de la Frontera"},"content":{"rendered":"<div class=\"columns is-mobile is-variable is-3\">\r\n<div class=\"column is-5\">\r\n    <!-- IMG PROFILE -->\r\n        <img decoding=\"async\" src=\"https:\/\/parkinglowcost.es\/wp-content\/uploads\/AF1QipPa0gizK92McwT1yHJ4-DlFrFR6i5ud9XxURixdw408-h431-k-no.jpg\" alt='Parking Plaza del Caballo by APK2 | Parking \u00e9conomique \u00e0 Jerez de la Frontera' title=\"Parking \u00e9conomique \u00e0 Jerez de la Frontera\" class=\"profile-image\">\r\n        <div class=\"profile-image-overflow has-background-primary px-4 py-4\">\r\n    <!-- IMG PROFILE -->\r\n    <!-- GOOGLE -->\r\n        <div class=\"profile-triangle\"><\/div>\r\n                <div class=\"has-background-primary\" style=\"border-radius:10px\">\r\n                    <p class=\"is-size-4-mobile is-size-4 has-text-weight-bold has-text-white ml-3 mb-0\"><i class=\"fas fa-search-location\"><\/i><\/p>\r\n                    <p class=\"is-size-7-mobile is-size-4 has-text-weight-bold has-text-white has-text-centered\">Entreprise not\u00e9e 3.4 sur Google<\/p>\r\n                    <p class=\"is-size-8 has-text-weight-bold mt-2 has-text-centered has-text-white\">Bas\u00e9 sur 50 avis<\/p>\r\n                <\/div>\r\n        <!-- GOOGLE -->\r\n    <\/div>\r\n   \r\n<\/div>\r\n\r\n\r\n<div class=\"column has-text-black\">\r\n    <h1\r\n        class=\"has-text-weight-bold is-size-5-mobile is-size-1 mb-3 has-text-primary\">Parking Plaza del Caballo by APK2<\/h1>\r\n    <p class=\"is-size-7-mobile is-size-5 has-text-weight-bold has-text-primary\">D\u00e9couvrez Parking Plaza del Caballo by APK2 \u00e0 Jerez de la Frontera. R\u00e9servez aujourd&rsquo;hui et assurez votre place \u00e9conomique et s\u00e9curis\u00e9e.<\/p>\r\n    <a target=\"_blank\" rel=\"sponsored noopener\" class=\"button is-rounded is-fullwidth mt-3 is-size-7-mobile is-size-4 is-warning has-text-weight-bold\" href=\"https:\/\/www.awin1.com\/cread.php?awinmid=25234&#038;awinaffid=789919\">R\u00e9server un parking<\/a>\r\n\r\n    <hr class=\"mt-4 mb-3 has-background-primary\">\r\n\r\n     <!-- BUSINESS INFO  -->\r\n    <div class=\"columns\">\r\n        <div class=\"column\">\r\n            <h3 class=\"is-size-7-mobile is-size-6 has-text-weight-bold mb-2 has-text-primary\"><i class=\"fas fa-map-marker-alt mr-2 has-text-primary\"><\/i>Adresse<\/h3>\r\n            <p class=\"is-size-7-mobile is-size-5\">Plaza del Caballo, S\/N | Jerez de la Frontera<\/p>\r\n        <\/div>\r\n        <div class=\"column is-4 column-mobile\">\r\n            <!-- SOCIAL MEDIA -->\r\n            <h3 class=\"is-size-7-mobile is-size-6 has-text-weight-bold mb-2 has-text-primary\"><i class=\"fas fa-share-square mr-3\"><\/i>Contact<\/h3>\r\n            <div class=\"buttons\">\r\n                \r\n            <\/div>\r\n            <!-- SOCIAL MEDIA -->\r\n        <\/div>\r\n    <\/div>\r\n    <!-- BUSINESS INFO  -->\r\n\r\n    <hr class=\"mt-0 mb-3 has-background-primary\">\r\n    <h2 class=\"is-size-7-mobile is-size-6 has-text-weight-bold mb-2 has-text-primary\"><i class=\"fas fa-address-book mr-2 has-text-primary mb-3\"><\/i>Comment y arriver<\/h2>\r\n   \r\n    <a target=\"_blank\" rel=\"nofollow noopener noreferrer\" class=\"button is-rounded is-outlined is-fullwidth is-size-7-mobile is-size-4 is-danger mb-2\" href=\"https:\/\/www.waze.com\/ul?ll=36.693396,-6.130005&#038;navigate=yes\"><i class=\"fab fa-waze mr-2\"><\/i> Waze<\/a><a target=\"_blank\" rel=\"nofollow noopener noreferrer\" class=\"button is-rounded is-outlined is-fullwidth is-size-7-mobile is-size-4 is-danger mb-2\" href=\"https:\/\/maps.apple.com\/?q=36.693396,-6.130005\"><i class=\"fab fa-apple mr-2\"><\/i>Apple Maps<\/a><a target=\"_blank\" rel=\"nofollow noopener noreferrer\" class=\"button is-rounded is-outlined is-fullwidth is-size-7-mobile is-size-4 is-danger mb-2\" href=\"https:\/\/www.google.com\/maps\/search\/?api=1&#038;query=Parking%20APK2%20Plaza%20del%20Caballo&#038;query_place_id=ChIJDdF6xsDGDQ0RbGdFyxE0O1c\"><i class=\"fas fa-map-marker-alt mr-2\"><\/i>Google Maps<\/a>\r\n\r\n\r\n<\/div>\r\n<\/div>\r\n\r\n<div class='code-block code-block-2' style='margin: 8px 0; clear: both;'>\n<script async src=\"https:\/\/pagead2.googlesyndication.com\/pagead\/js\/adsbygoogle.js?client=ca-pub-3045090583979067\"\n     crossorigin=\"anonymous\"><\/script>\n<!-- Display Parking -->\n<ins class=\"adsbygoogle\"\n     style=\"display:block\"\n     data-ad-client=\"ca-pub-3045090583979067\"\n     data-ad-slot=\"3512595945\"\n     data-ad-format=\"auto\"\n     data-full-width-responsive=\"true\"><\/ins>\n<script>\n     (adsbygoogle = window.adsbygoogle || []).push({});\n<\/script><\/div>\n\r\n\r\n\r\n<article class=\"mt-3\">\r\n\r\n<div class=\"columns is-variable is-8\">\r\n    <div class=\"column is-4\">\r\n        <hr class=\"has-background-success\">\r\n        <h2 class=\"is-size-5 has-text-weight-bold mb-2 has-text-primary\"><i class=\"fas fa-calendar-alt mr-2 has-text-primary\"><\/i>Horaires Parking Plaza del Caballo by APK2<\/h2>\r\n\r\n        <table class=\"table is-fullwidth is-bordered mt-4 has-background-primary is-size-7-mobile is-size-6 has-text-white\">\n    <thead>\n        <tr>\n            <th class=\"has-text-white\">Jour<\/th>\n            <th class=\"has-text-white\">Heures d&rsquo;ouverture<\/th>\n        <\/tr>\n    <\/thead>\n    <tbody>\n        <tr>\n            <td>Lundi<\/td>\n            <td>Ouvert 24 heures sur 24<\/td>\n        <\/tr>\n        <tr>\n            <td>Mardi<\/td>\n            <td>Ouvert 24 heures sur 24<\/td>\n        <\/tr>\n        <tr>\n            <td>Mercredi<\/td>\n            <td>Ouvert 24 heures sur 24<\/td>\n        <\/tr>\n        <tr>\n            <td>Jeudi<\/td>\n            <td>Ouvert 24 heures sur 24<\/td>\n        <\/tr>\n        <tr>\n            <td>Vendredi<\/td>\n            <td>Ouvert 24 heures sur 24<\/td>\n        <\/tr>\n        <tr>\n            <td>Samedi<\/td>\n            <td>Ouvert 24 heures sur 24<\/td>\n        <\/tr>\n        <tr>\n            <td>Dimanche<\/td>\n            <td>Ouvert 24 heures sur 24<\/td>\n        <\/tr>\n    <\/tbody>\n<\/table>\r\n        <hr class=\"has-background-success\">\r\n        <h2 class=\"is-size-5 has-text-weight-bold mb-2 has-text-primary\"><i class=\"fas fa-map-marker-alt mr-2 has-text-primary\"><\/i>Carte<\/h2>\r\n        <div class='code-block code-block-50' style='margin: 8px 0; clear: both;'>\n<div class=\"leaflet-map WPLeafletMap\" style=\"height:250px; width:100%;\"><\/div><script>\nwindow.WPLeafletMapPlugin = window.WPLeafletMapPlugin || [];\nwindow.WPLeafletMapPlugin.push(function WPLeafletMapShortcode() {\/*<script>*\/\nvar baseUrl = atob('aHR0cHM6Ly97c30udGlsZS5vcGVuc3RyZWV0bWFwLm9yZy97en0ve3h9L3t5fS5wbmc=');\nvar base = (!baseUrl && window.MQ) ?\n    window.MQ.mapLayer() : L.tileLayer(baseUrl,\n        L.Util.extend({}, {\n            detectRetina: 0,\n        },\n        {\"subdomains\":\"abc\",\"noWrap\":false,\"maxZoom\":19}        )\n    );\n    var options = L.Util.extend({}, {\n        layers: [base],\n        attributionControl: false\n    },\n    {\"zoomControl\":false,\"scrollWheelZoom\":false,\"doubleClickZoom\":false,\"fitBounds\":false,\"minZoom\":0,\"maxZoom\":19,\"maxBounds\":null,\"attribution\":\"<a href=\\\"http:\\\/\\\/leafletjs.com\\\" title=\\\"Une biblioth\\u00e8que JS pour des cartes interactives\\\">Leaflet<\\\/a>; \\u00a9 <a href=\\\"http:\\\/\\\/www.openstreetmap.org\\\/copyright\\\">OpenStreetMap<\\\/a> contributeurs\\\/contributrices\"},\n    {});\nwindow.WPLeafletMapPlugin.createMap(options).setView([36.693396,-6.130005],15);});<\/script><script>\nwindow.WPLeafletMapPlugin = window.WPLeafletMapPlugin || [];\nwindow.WPLeafletMapPlugin.push(function WPLeafletMarkerShortcode() {\/*<script>*\/\nvar map = window.WPLeafletMapPlugin.getCurrentMap();\nvar group = window.WPLeafletMapPlugin.getCurrentGroup();\nvar marker_options = window.WPLeafletMapPlugin.getIconOptions({});\nvar marker = L.marker(\n    [36.693396,-6.130005],\n    marker_options\n);\nvar is_image = map.is_image_map;\nif (marker_options.draggable) {\n    marker.on('dragend', function () {\n        var latlng = this.getLatLng();\n        var lat = latlng.lat;\n        var lng = latlng.lng;\n        if (is_image) {\n            console.log('leaflet-marker y=' + lat + ' x=' + lng);\n        } else {\n            console.log('leaflet-marker lat=' + lat + ' lng=' + lng);\n        }\n    });\n}\nmarker.addTo( group );\nwindow.WPLeafletMapPlugin.markers.push( marker );\n        });<\/script><\/div>\n\r\n\r\n\r\n    <\/div>\r\n    <div class=\"column is-8\">\r\n        <p class=\"is-size-5 has-text-weight-bold mb-2 has-text-primary\"><i\r\n                class=\"fas fa-info-circle mr-2 has-text-primary\"><\/i>\u00c0 propos de Parking Plaza del Caballo by APK2<\/p>\r\n\r\n        <div class=\"content is-size-7-mobile is-size-6 mt-3 has-text-primary\">\r\n            <p>D\u00e9couvrir <b>Parking Plaza del Caballo by APK2<\/b> \u00e0 Jerez de la Frontera est une exp\u00e9rience qui simplifiera votre visite en ville. Situ\u00e9 \u00e0 <b>Plaza del Caballo, S\/N<\/b>, ce parking se positionne comme l&rsquo;une des meilleures options pour ceux qui recherchent un espace s\u00e9curis\u00e9 et \u00e9conomique pour leur v\u00e9hicule. Avec un accent sur le confort et un acc\u00e8s rapide, ce parking devient un alli\u00e9 id\u00e9al pour vos projets dans cette belle ville andalouse.<\/p>\n\n<p>Les clients soulignent souvent la <b>largesse des places<\/b> et la facilit\u00e9 d&rsquo;acc\u00e8s. Des commentaires comme \u00ab\u00a0espaces spacieux et bons acc\u00e8s\u00a0\u00bb sont courants parmi ceux qui ont laiss\u00e9 leur v\u00e9hicule dans ce parking. Si vous souhaitez profiter de la ville sans complications, ce parking ne d\u00e9\u00e7oit pas. Malgr\u00e9 quelques critiques concernant des probl\u00e8mes de maintenance et d&rsquo;accessibilit\u00e9, comme le fonctionnement de l&rsquo;ascenseur, dans l&rsquo;ensemble, les \u00e9valuations sont positives et les utilisateurs appr\u00e9cient le <b>prix raisonnable<\/b> que ce service propose. Vos exp\u00e9riences varieront, mais la satisfaction quant \u00e0 sa capacit\u00e9 et ses co\u00fbts comp\u00e9titifs se d\u00e9marque clairement.<\/p>\n\n<p>\u00catre situ\u00e9 au c\u0153ur de Jerez de la Frontera offre d&rsquo;innombrables avantages. Le Parking Plaza del Caballo est tr\u00e8s proche de diff\u00e9rents points d&rsquo;int\u00e9r\u00eat, vous permettant d&rsquo;explorer la ville et de profiter de son m\u00e9lange unique de culture, d&rsquo;histoire et de gastronomie. Ce parking ouvre ses portes avec de larges horaires, ce qui vous permet de <b>planifier votre stationnement \u00e0 l&rsquo;avance<\/b>, \u00e9vitant ainsi des surprises d\u00e9sagr\u00e9ables une fois sur place. De plus, son acc\u00e8s rapide et ses entr\u00e9es spacieuses sont parfaits pour les visiteurs avec voiture et bagages.<\/p>\n\n<p>L&rsquo;un des aspects qui distingue <b>Parking Plaza del Caballo by APK2<\/b> d&rsquo;autres parkings dans la r\u00e9gion est sa <b>surveillance 24 heures sur 24<\/b>. Cela permet aux utilisateurs de laisser leur v\u00e9hicule en sachant qu&rsquo;il est prot\u00e9g\u00e9 \u00e0 tout moment. Le syst\u00e8me de cam\u00e9ras de s\u00e9curit\u00e9 et les places couvertes offrent une couche de protection suppl\u00e9mentaire, garantissant de r\u00e9pondre \u00e0 tous vos besoins durant votre visite.<\/p>\n\n<p>\u00c9tant donn\u00e9 la forte demande dans cette zone, il est conseill\u00e9 de <b>r\u00e9server votre place \u00e0 l&rsquo;avance<\/b>. Ne laissez pas passer les opportunit\u00e9s. Vous pouvez <b>r\u00e9server facilement<\/b> votre espace via ParkingLowCost.es ou contacter directement Parking Plaza del Caballo by APK2. Se garer au c\u0153ur de Jerez de la Frontera n&rsquo;a jamais \u00e9t\u00e9 aussi simple !<\/p>\r\n        <\/div>\r\n    <\/div>\r\n\r\n<\/div>\r\n<\/article>","protected":false},"excerpt":{"rendered":"<p>D\u00e9couvrez Parking Plaza del Caballo by APK2 \u00e0 Jerez de la Frontera. R\u00e9servez aujourd&rsquo;hui et assurez votre place \u00e9conomique et s\u00e9curis\u00e9e.<\/p>\n","protected":false},"author":1,"featured_media":12428,"comment_status":"closed","ping_status":"closed","sticky":false,"template":"","format":"standard","meta":{"footnotes":""},"categories":[],"tags":[334],"class_list":["post-17305","post","type-post","status-publish","format-standard","has-post-thumbnail","hentry","tag-parking-economique-jerez-de-la-frontera"],"_links":{"self":[{"href":"https:\/\/parkinglowcost.es\/fr\/wp-json\/wp\/v2\/posts\/17305","targetHints":{"allow":["GET"]}}],"collection":[{"href":"https:\/\/parkinglowcost.es\/fr\/wp-json\/wp\/v2\/posts"}],"about":[{"href":"https:\/\/parkinglowcost.es\/fr\/wp-json\/wp\/v2\/types\/post"}],"author":[{"embeddable":true,"href":"https:\/\/parkinglowcost.es\/fr\/wp-json\/wp\/v2\/users\/1"}],"replies":[{"embeddable":true,"href":"https:\/\/parkinglowcost.es\/fr\/wp-json\/wp\/v2\/comments?post=17305"}],"version-history":[{"count":0,"href":"https:\/\/parkinglowcost.es\/fr\/wp-json\/wp\/v2\/posts\/17305\/revisions"}],"wp:featuredmedia":[{"embeddable":true,"href":"https:\/\/parkinglowcost.es\/fr\/wp-json\/wp\/v2\/media\/12428"}],"wp:attachment":[{"href":"https:\/\/parkinglowcost.es\/fr\/wp-json\/wp\/v2\/media?parent=17305"}],"wp:term":[{"taxonomy":"category","embeddable":true,"href":"https:\/\/parkinglowcost.es\/fr\/wp-json\/wp\/v2\/categories?post=17305"},{"taxonomy":"post_tag","embeddable":true,"href":"https:\/\/parkinglowcost.es\/fr\/wp-json\/wp\/v2\/tags?post=17305"}],"curies":[{"name":"wp","href":"https:\/\/api.w.org\/{rel}","templated":true}]}}