{"id":17300,"date":"2025-03-11T10:02:55","date_gmt":"2025-03-11T10:02:55","guid":{"rendered":"https:\/\/parkinglowcost.es\/parking-plaza-del-arenal-by-apk2-jerez-de-la-frontera\/"},"modified":"2025-03-11T15:39:59","modified_gmt":"2025-03-11T15:39:59","slug":"parking-plaza-del-arenal-by-apk2-jerez-de-la-frontera","status":"publish","type":"post","link":"https:\/\/parkinglowcost.es\/fr\/parking-plaza-del-arenal-by-apk2-jerez-de-la-frontera\/","title":{"rendered":"Parking Plaza del Arenal by APK2 | Parking \u00e9conomique \u00e0 Jerez de la Frontera"},"content":{"rendered":"<div class=\"columns is-mobile is-variable is-3\">\r\n<div class=\"column is-5\">\r\n    <!-- IMG PROFILE -->\r\n        <img decoding=\"async\" src=\"https:\/\/parkinglowcost.es\/wp-content\/uploads\/AB5caB8ZBLYIal6ItoTWNn5lrCVGcaYFi8fZeKs3iIT74E1ft_IP95AIix1tPZfdqtIhFqkDpEGCDFFTX1_D5y5D8BNMdwhljxFBYmgx9Y-VF4oHCzlpuOofvYTGy9Cz5Fj0-poEsot-hQw408-h544-k-no.jpg\" alt='Parking Plaza del Arenal by APK2 | Parking \u00e9conomique \u00e0 Jerez de la Frontera' title=\"Parking \u00e9conomique \u00e0 Jerez de la Frontera\" class=\"profile-image\">\r\n        <div class=\"profile-image-overflow has-background-primary px-4 py-4\">\r\n    <!-- IMG PROFILE -->\r\n    <!-- GOOGLE -->\r\n        <div class=\"profile-triangle\"><\/div>\r\n                <div class=\"has-background-primary\" style=\"border-radius:10px\">\r\n                    <p class=\"is-size-4-mobile is-size-4 has-text-weight-bold has-text-white ml-3 mb-0\"><i class=\"fas fa-search-location\"><\/i><\/p>\r\n                    <p class=\"is-size-7-mobile is-size-4 has-text-weight-bold has-text-white has-text-centered\">Entreprise not\u00e9e 2.9 sur Google<\/p>\r\n                    <p class=\"is-size-8 has-text-weight-bold mt-2 has-text-centered has-text-white\">Bas\u00e9 sur 33 avis<\/p>\r\n                <\/div>\r\n        <!-- GOOGLE -->\r\n    <\/div>\r\n   \r\n<\/div>\r\n\r\n\r\n<div class=\"column has-text-black\">\r\n    <h1\r\n        class=\"has-text-weight-bold is-size-5-mobile is-size-1 mb-3 has-text-primary\">Parking Plaza del Arenal by APK2<\/h1>\r\n    <p class=\"is-size-7-mobile is-size-5 has-text-weight-bold has-text-primary\">D\u00e9couvrez Parking Plaza del Arenal by APK2 \u00e0 Jerez. R\u00e9servez votre place abordable et profitez de la ville sans souci !<\/p>\r\n    <a target=\"_blank\" rel=\"sponsored noopener\" class=\"button is-rounded is-fullwidth mt-3 is-size-7-mobile is-size-4 is-warning has-text-weight-bold\" href=\"https:\/\/www.awin1.com\/cread.php?awinmid=25234&#038;awinaffid=789919\">R\u00e9server un parking<\/a>\r\n\r\n    <hr class=\"mt-4 mb-3 has-background-primary\">\r\n\r\n     <!-- BUSINESS INFO  -->\r\n    <div class=\"columns\">\r\n        <div class=\"column\">\r\n            <h3 class=\"is-size-7-mobile is-size-6 has-text-weight-bold mb-2 has-text-primary\"><i class=\"fas fa-map-marker-alt mr-2 has-text-primary\"><\/i>Adresse<\/h3>\r\n            <p class=\"is-size-7-mobile is-size-5\">Calle Corredera | Jerez de la Frontera<\/p>\r\n        <\/div>\r\n        <div class=\"column is-4 column-mobile\">\r\n            <!-- SOCIAL MEDIA -->\r\n            <h3 class=\"is-size-7-mobile is-size-6 has-text-weight-bold mb-2 has-text-primary\"><i class=\"fas fa-share-square mr-3\"><\/i>Contact<\/h3>\r\n            <div class=\"buttons\">\r\n                \r\n            <\/div>\r\n            <!-- SOCIAL MEDIA -->\r\n        <\/div>\r\n    <\/div>\r\n    <!-- BUSINESS INFO  -->\r\n\r\n    <hr class=\"mt-0 mb-3 has-background-primary\">\r\n    <h2 class=\"is-size-7-mobile is-size-6 has-text-weight-bold mb-2 has-text-primary\"><i class=\"fas fa-address-book mr-2 has-text-primary mb-3\"><\/i>Comment y arriver<\/h2>\r\n   \r\n    <a target=\"_blank\" rel=\"nofollow noopener noreferrer\" class=\"button is-rounded is-outlined is-fullwidth is-size-7-mobile is-size-4 is-danger mb-2\" href=\"https:\/\/www.waze.com\/ul?ll=36.6815193,-6.1371958&#038;navigate=yes\"><i class=\"fab fa-waze mr-2\"><\/i> Waze<\/a><a target=\"_blank\" rel=\"nofollow noopener noreferrer\" class=\"button is-rounded is-outlined is-fullwidth is-size-7-mobile is-size-4 is-danger mb-2\" href=\"https:\/\/maps.apple.com\/?q=36.6815193,-6.1371958\"><i class=\"fab fa-apple mr-2\"><\/i>Apple Maps<\/a><a target=\"_blank\" rel=\"nofollow noopener noreferrer\" class=\"button is-rounded is-outlined is-fullwidth is-size-7-mobile is-size-4 is-danger mb-2\" href=\"https:\/\/www.google.com\/maps\/search\/?api=1&#038;query=APK2%20Plaza%20del%20Arenal&#038;query_place_id=ChIJmz5C9zrHDQ0Rkp8h4yjXMN4\"><i class=\"fas fa-map-marker-alt mr-2\"><\/i>Google Maps<\/a>\r\n\r\n\r\n<\/div>\r\n<\/div>\r\n\r\n<div class='code-block code-block-2' style='margin: 8px 0; clear: both;'>\n<script async src=\"https:\/\/pagead2.googlesyndication.com\/pagead\/js\/adsbygoogle.js?client=ca-pub-3045090583979067\"\n     crossorigin=\"anonymous\"><\/script>\n<!-- Display Parking -->\n<ins class=\"adsbygoogle\"\n     style=\"display:block\"\n     data-ad-client=\"ca-pub-3045090583979067\"\n     data-ad-slot=\"3512595945\"\n     data-ad-format=\"auto\"\n     data-full-width-responsive=\"true\"><\/ins>\n<script>\n     (adsbygoogle = window.adsbygoogle || []).push({});\n<\/script><\/div>\n\r\n\r\n\r\n<article class=\"mt-3\">\r\n\r\n<div class=\"columns is-variable is-8\">\r\n    <div class=\"column is-4\">\r\n        <hr class=\"has-background-success\">\r\n        <h2 class=\"is-size-5 has-text-weight-bold mb-2 has-text-primary\"><i class=\"fas fa-calendar-alt mr-2 has-text-primary\"><\/i>Horaires Parking Plaza del Arenal by APK2<\/h2>\r\n\r\n        <table class=\"table is-fullwidth is-bordered mt-4 has-background-primary is-size-7-mobile is-size-6 has-text-white\">\n    <thead>\n        <tr>\n            <th class=\"has-text-white\">Jour<\/th>\n            <th class=\"has-text-white\">Heures d&rsquo;ouverture<\/th>\n        <\/tr>\n    <\/thead>\n    <tbody>\n        <tr>\n            <td>Lundi<\/td>\n            <td>No disponible<\/td>\n        <\/tr>\n        <tr>\n            <td>Mardi<\/td>\n            <td>No disponible<\/td>\n        <\/tr>\n        <tr>\n            <td>Mercredi<\/td>\n            <td>No disponible<\/td>\n        <\/tr>\n        <tr>\n            <td>Jeudi<\/td>\n            <td>No disponible<\/td>\n        <\/tr>\n        <tr>\n            <td>Vendredi<\/td>\n            <td>No disponible<\/td>\n        <\/tr>\n        <tr>\n            <td>Samedi<\/td>\n            <td>No disponible<\/td>\n        <\/tr>\n        <tr>\n            <td>Dimanche<\/td>\n            <td>No disponible<\/td>\n        <\/tr>\n    <\/tbody>\n<\/table>\r\n        <hr class=\"has-background-success\">\r\n        <h2 class=\"is-size-5 has-text-weight-bold mb-2 has-text-primary\"><i class=\"fas fa-map-marker-alt mr-2 has-text-primary\"><\/i>Carte<\/h2>\r\n        <div class='code-block code-block-50' style='margin: 8px 0; clear: both;'>\n<div class=\"leaflet-map WPLeafletMap\" style=\"height:250px; width:100%;\"><\/div><script>\nwindow.WPLeafletMapPlugin = window.WPLeafletMapPlugin || [];\nwindow.WPLeafletMapPlugin.push(function WPLeafletMapShortcode() {\/*<script>*\/\nvar baseUrl = atob('aHR0cHM6Ly97c30udGlsZS5vcGVuc3RyZWV0bWFwLm9yZy97en0ve3h9L3t5fS5wbmc=');\nvar base = (!baseUrl && window.MQ) ?\n    window.MQ.mapLayer() : L.tileLayer(baseUrl,\n        L.Util.extend({}, {\n            detectRetina: 0,\n        },\n        {\"subdomains\":\"abc\",\"noWrap\":false,\"maxZoom\":19}        )\n    );\n    var options = L.Util.extend({}, {\n        layers: [base],\n        attributionControl: false\n    },\n    {\"zoomControl\":false,\"scrollWheelZoom\":false,\"doubleClickZoom\":false,\"fitBounds\":false,\"minZoom\":0,\"maxZoom\":19,\"maxBounds\":null,\"attribution\":\"<a href=\\\"http:\\\/\\\/leafletjs.com\\\" title=\\\"Une biblioth\\u00e8que JS pour des cartes interactives\\\">Leaflet<\\\/a>; \\u00a9 <a href=\\\"http:\\\/\\\/www.openstreetmap.org\\\/copyright\\\">OpenStreetMap<\\\/a> contributeurs\\\/contributrices\"},\n    {});\nwindow.WPLeafletMapPlugin.createMap(options).setView([36.6815193,-6.1371958],15);});<\/script><script>\nwindow.WPLeafletMapPlugin = window.WPLeafletMapPlugin || [];\nwindow.WPLeafletMapPlugin.push(function WPLeafletMarkerShortcode() {\/*<script>*\/\nvar map = window.WPLeafletMapPlugin.getCurrentMap();\nvar group = window.WPLeafletMapPlugin.getCurrentGroup();\nvar marker_options = window.WPLeafletMapPlugin.getIconOptions({});\nvar marker = L.marker(\n    [36.6815193,-6.1371958],\n    marker_options\n);\nvar is_image = map.is_image_map;\nif (marker_options.draggable) {\n    marker.on('dragend', function () {\n        var latlng = this.getLatLng();\n        var lat = latlng.lat;\n        var lng = latlng.lng;\n        if (is_image) {\n            console.log('leaflet-marker y=' + lat + ' x=' + lng);\n        } else {\n            console.log('leaflet-marker lat=' + lat + ' lng=' + lng);\n        }\n    });\n}\nmarker.addTo( group );\nwindow.WPLeafletMapPlugin.markers.push( marker );\n        });<\/script><\/div>\n\r\n\r\n\r\n    <\/div>\r\n    <div class=\"column is-8\">\r\n        <p class=\"is-size-5 has-text-weight-bold mb-2 has-text-primary\"><i\r\n                class=\"fas fa-info-circle mr-2 has-text-primary\"><\/i>\u00c0 propos de Parking Plaza del Arenal by APK2<\/p>\r\n\r\n        <div class=\"content is-size-7-mobile is-size-6 mt-3 has-text-primary\">\r\n            <p>D\u00e9couvrir <b>Parking Plaza del Arenal by APK2<\/b> \u00e0 Jerez de la Frontera est une exp\u00e9rience incontournable pour tous ceux qui cherchent des parkings \u00e9conomiques. Situ\u00e9 sur la <b>Calle Corredera<\/b>, ce parking se distingue par son emplacement strat\u00e9gique en plein centre, permettant aux visiteurs de profiter des merveilles de la ville sans se soucier du stationnement.<\/p>\n\n<p>Lorsqu&rsquo;il s&rsquo;agit d&rsquo;options de stationnement bon march\u00e9 \u00e0 Jerez, <b>Parking Plaza del Arenal by APK2<\/b> est sans aucun doute l&rsquo;une des plus recommand\u00e9es. Comme le mentionnent les utilisateurs, le co\u00fbt de <b>2,32\u20ac pour 24 heures<\/b> le week-end est vraiment imbattable. Bien que certains clients aient signal\u00e9 que les places peuvent \u00eatre \u00e9troites, il est vrai que c&rsquo;est une situation courante dans la plupart des parkings urbains. De plus, son interface automatis\u00e9e et l&rsquo;application qui facilite l&rsquo;entr\u00e9e sont des points positifs pour ce parking, bien qu&rsquo;il y ait une marge d&rsquo;am\u00e9lioration dans son fonctionnement selon l&rsquo;exp\u00e9rience de certains utilisateurs.<\/p>\n\n<p>La localisation dans <b>le centre historique de Jerez<\/b> offre un acc\u00e8s facile \u00e0 de nombreuses attractions et commerces, ce qui en fait un point de d\u00e9part id\u00e9al pour explorer la ville. Les visiteurs peuvent profiter de diverses activit\u00e9s et attractions, de la c\u00e9l\u00e8bre cath\u00e9drale \u00e0 la vie vibrante du quartier. Ce parking garantit le confort que tout visiteur recherche, en particulier ceux qui pr\u00e9voient de passer un bon moment en ville.<\/p>\n\n<p>La s\u00e9curit\u00e9 est un autre aspect fondamental que <b>Parking Plaza del Arenal<\/b> prend en compte. Avec une surveillance disponible et des cam\u00e9ras de s\u00e9curit\u00e9 op\u00e9rationnelles, les clients peuvent avoir l&rsquo;esprit tranquille en sachant que leurs v\u00e9hicules sont prot\u00e9g\u00e9s. De plus, la gestion automatis\u00e9e permet un acc\u00e8s rapide et efficace, minimisant le temps d&rsquo;attente \u00e0 l&rsquo;entr\u00e9e et \u00e0 la sortie du parking. Ajout\u00e9 \u00e0 cela, la disponibilit\u00e9 de places couvertes aide \u00e0 prot\u00e9ger les v\u00e9hicules des intemp\u00e9ries.<\/p>\n\n<p>Face \u00e0 la demande croissante dans la r\u00e9gion, il est recommand\u00e9 de planifier le stationnement \u00e0 l&rsquo;avance pour \u00e9viter les surprises. \u00c9tant donn\u00e9 que ce parking est populaire parmi les visiteurs et les habitants de Jerez, garantir votre place \u00e0 l&rsquo;avance pourrait \u00eatre la cl\u00e9 d&rsquo;une exp\u00e9rience agr\u00e9able. Vous pouvez le faire facilement via <b>ParkingLowCost.es<\/b> ou contacter directement <b>Parking Plaza del Arenal by APK2<\/b>. Se garer \u00e0 Jerez de la Frontera n&rsquo;a jamais \u00e9t\u00e9 aussi simple et abordable !<\/p>\r\n        <\/div>\r\n    <\/div>\r\n\r\n<\/div>\r\n<\/article>","protected":false},"excerpt":{"rendered":"<p>D\u00e9couvrez Parking Plaza del Arenal by APK2 \u00e0 Jerez. R\u00e9servez votre place abordable et profitez de la ville sans souci !<\/p>\n","protected":false},"author":1,"featured_media":12408,"comment_status":"closed","ping_status":"closed","sticky":false,"template":"","format":"standard","meta":{"footnotes":""},"categories":[],"tags":[334],"class_list":["post-17300","post","type-post","status-publish","format-standard","has-post-thumbnail","hentry","tag-parking-economique-jerez-de-la-frontera"],"_links":{"self":[{"href":"https:\/\/parkinglowcost.es\/fr\/wp-json\/wp\/v2\/posts\/17300","targetHints":{"allow":["GET"]}}],"collection":[{"href":"https:\/\/parkinglowcost.es\/fr\/wp-json\/wp\/v2\/posts"}],"about":[{"href":"https:\/\/parkinglowcost.es\/fr\/wp-json\/wp\/v2\/types\/post"}],"author":[{"embeddable":true,"href":"https:\/\/parkinglowcost.es\/fr\/wp-json\/wp\/v2\/users\/1"}],"replies":[{"embeddable":true,"href":"https:\/\/parkinglowcost.es\/fr\/wp-json\/wp\/v2\/comments?post=17300"}],"version-history":[{"count":0,"href":"https:\/\/parkinglowcost.es\/fr\/wp-json\/wp\/v2\/posts\/17300\/revisions"}],"wp:featuredmedia":[{"embeddable":true,"href":"https:\/\/parkinglowcost.es\/fr\/wp-json\/wp\/v2\/media\/12408"}],"wp:attachment":[{"href":"https:\/\/parkinglowcost.es\/fr\/wp-json\/wp\/v2\/media?parent=17300"}],"wp:term":[{"taxonomy":"category","embeddable":true,"href":"https:\/\/parkinglowcost.es\/fr\/wp-json\/wp\/v2\/categories?post=17300"},{"taxonomy":"post_tag","embeddable":true,"href":"https:\/\/parkinglowcost.es\/fr\/wp-json\/wp\/v2\/tags?post=17300"}],"curies":[{"name":"wp","href":"https:\/\/api.w.org\/{rel}","templated":true}]}}