{"id":17289,"date":"2025-03-11T10:02:55","date_gmt":"2025-03-11T10:02:55","guid":{"rendered":"https:\/\/parkinglowcost.es\/parking-plaza-de-mamelon-jerez-de-la-frontera\/"},"modified":"2025-03-11T15:39:59","modified_gmt":"2025-03-11T15:39:59","slug":"parking-plaza-de-mamelon-jerez-de-la-frontera","status":"publish","type":"post","link":"https:\/\/parkinglowcost.es\/fr\/parking-plaza-de-mamelon-jerez-de-la-frontera\/","title":{"rendered":"Parking Plaza de Mamel\u00f3n | Parking \u00e9conomique \u00e0 Jerez de la Frontera"},"content":{"rendered":"<div class=\"columns is-mobile is-variable is-3\">\r\n<div class=\"column is-5\">\r\n    <!-- IMG PROFILE -->\r\n        <img decoding=\"async\" src=\"https:\/\/parkinglowcost.es\/wp-content\/uploads\/AF1QipNoP9JuD4IXh1sCXcJnXQFgJDGHZnNU7ODvFAEjw427-h240-k-no.jpg\" alt='Parking Plaza de Mamel\u00f3n | Parking \u00e9conomique \u00e0 Jerez de la Frontera' title=\"Parking \u00e9conomique \u00e0 Jerez de la Frontera\" class=\"profile-image\">\r\n        <div class=\"profile-image-overflow has-background-primary px-4 py-4\">\r\n    <!-- IMG PROFILE -->\r\n    <!-- GOOGLE -->\r\n        <div class=\"profile-triangle\"><\/div>\r\n                <div class=\"has-background-primary\" style=\"border-radius:10px\">\r\n                    <p class=\"is-size-4-mobile is-size-4 has-text-weight-bold has-text-white ml-3 mb-0\"><i class=\"fas fa-search-location\"><\/i><\/p>\r\n                    <p class=\"is-size-7-mobile is-size-4 has-text-weight-bold has-text-white has-text-centered\">Entreprise not\u00e9e 3.6 sur Google<\/p>\r\n                    <p class=\"is-size-8 has-text-weight-bold mt-2 has-text-centered has-text-white\">Bas\u00e9 sur 170 avis<\/p>\r\n                <\/div>\r\n        <!-- GOOGLE -->\r\n    <\/div>\r\n   \r\n<\/div>\r\n\r\n\r\n<div class=\"column has-text-black\">\r\n    <h1\r\n        class=\"has-text-weight-bold is-size-5-mobile is-size-1 mb-3 has-text-primary\">Parking Plaza de Mamel\u00f3n<\/h1>\r\n    <p class=\"is-size-7-mobile is-size-5 has-text-weight-bold has-text-primary\">D\u00e9couvrez Parking Plaza de Mamel\u00f3n \u00e0 Jerez de la Frontera : s\u00fbr, central et abordable. R\u00e9servez votre place facilement d\u00e8s maintenant !<\/p>\r\n    <a target=\"_blank\" rel=\"sponsored noopener\" class=\"button is-rounded is-fullwidth mt-3 is-size-7-mobile is-size-4 is-warning has-text-weight-bold\" href=\"https:\/\/www.awin1.com\/cread.php?awinmid=25234&#038;awinaffid=789919\">R\u00e9server un parking<\/a>\r\n\r\n    <hr class=\"mt-4 mb-3 has-background-primary\">\r\n\r\n     <!-- BUSINESS INFO  -->\r\n    <div class=\"columns\">\r\n        <div class=\"column\">\r\n            <h3 class=\"is-size-7-mobile is-size-6 has-text-weight-bold mb-2 has-text-primary\"><i class=\"fas fa-map-marker-alt mr-2 has-text-primary\"><\/i>Adresse<\/h3>\r\n            <p class=\"is-size-7-mobile is-size-5\">Calle Sevilla, 2 | Jerez de la Frontera<\/p>\r\n        <\/div>\r\n        <div class=\"column is-4 column-mobile\">\r\n            <!-- SOCIAL MEDIA -->\r\n            <h3 class=\"is-size-7-mobile is-size-6 has-text-weight-bold mb-2 has-text-primary\"><i class=\"fas fa-share-square mr-3\"><\/i>Contact<\/h3>\r\n            <div class=\"buttons\">\r\n                \r\n            <\/div>\r\n            <!-- SOCIAL MEDIA -->\r\n        <\/div>\r\n    <\/div>\r\n    <!-- BUSINESS INFO  -->\r\n\r\n    <hr class=\"mt-0 mb-3 has-background-primary\">\r\n    <h2 class=\"is-size-7-mobile is-size-6 has-text-weight-bold mb-2 has-text-primary\"><i class=\"fas fa-address-book mr-2 has-text-primary mb-3\"><\/i>Comment y arriver<\/h2>\r\n   \r\n    <a target=\"_blank\" rel=\"nofollow noopener noreferrer\" class=\"button is-rounded is-outlined is-fullwidth is-size-7-mobile is-size-4 is-danger mb-2\" href=\"https:\/\/www.waze.com\/ul?ll=36.687504,-6.1372075&#038;navigate=yes\"><i class=\"fab fa-waze mr-2\"><\/i> Waze<\/a><a target=\"_blank\" rel=\"nofollow noopener noreferrer\" class=\"button is-rounded is-outlined is-fullwidth is-size-7-mobile is-size-4 is-danger mb-2\" href=\"https:\/\/maps.apple.com\/?q=36.687504,-6.1372075\"><i class=\"fab fa-apple mr-2\"><\/i>Apple Maps<\/a><a target=\"_blank\" rel=\"nofollow noopener noreferrer\" class=\"button is-rounded is-outlined is-fullwidth is-size-7-mobile is-size-4 is-danger mb-2\" href=\"https:\/\/www.google.com\/maps\/search\/?api=1&#038;query=Parking%20Plaza%20de%20Mamel%C3%B3n&#038;query_place_id=ChIJF1329b3GDQ0RR3X_2bbsB1w\"><i class=\"fas fa-map-marker-alt mr-2\"><\/i>Google Maps<\/a>\r\n\r\n\r\n<\/div>\r\n<\/div>\r\n\r\n<div class='code-block code-block-2' style='margin: 8px 0; clear: both;'>\n<script async src=\"https:\/\/pagead2.googlesyndication.com\/pagead\/js\/adsbygoogle.js?client=ca-pub-3045090583979067\"\n     crossorigin=\"anonymous\"><\/script>\n<!-- Display Parking -->\n<ins class=\"adsbygoogle\"\n     style=\"display:block\"\n     data-ad-client=\"ca-pub-3045090583979067\"\n     data-ad-slot=\"3512595945\"\n     data-ad-format=\"auto\"\n     data-full-width-responsive=\"true\"><\/ins>\n<script>\n     (adsbygoogle = window.adsbygoogle || []).push({});\n<\/script><\/div>\n\r\n\r\n\r\n<article class=\"mt-3\">\r\n\r\n<div class=\"columns is-variable is-8\">\r\n    <div class=\"column is-4\">\r\n        <hr class=\"has-background-success\">\r\n        <h2 class=\"is-size-5 has-text-weight-bold mb-2 has-text-primary\"><i class=\"fas fa-calendar-alt mr-2 has-text-primary\"><\/i>Horaires Parking Plaza de Mamel\u00f3n<\/h2>\r\n\r\n        <table class=\"table is-fullwidth is-bordered mt-4 has-background-primary is-size-7-mobile is-size-6 has-text-white\">\n    <thead>\n        <tr>\n            <th class=\"has-text-white\">Jour<\/th>\n            <th class=\"has-text-white\">Heures d&rsquo;ouverture<\/th>\n        <\/tr>\n    <\/thead>\n    <tbody>\n        <tr>\n            <td>Lundi<\/td>\n            <td>Ouvert 24 heures sur 24<\/td>\n        <\/tr>\n        <tr>\n            <td>Mardi<\/td>\n            <td>Ouvert 24 heures sur 24<\/td>\n        <\/tr>\n        <tr>\n            <td>Mercredi<\/td>\n            <td>Ouvert 24 heures sur 24<\/td>\n        <\/tr>\n        <tr>\n            <td>Jeudi<\/td>\n            <td>Ouvert 24 heures sur 24<\/td>\n        <\/tr>\n        <tr>\n            <td>Vendredi<\/td>\n            <td>Ouvert 24 heures sur 24<\/td>\n        <\/tr>\n        <tr>\n            <td>Samedi<\/td>\n            <td>Ouvert 24 heures sur 24<\/td>\n        <\/tr>\n        <tr>\n            <td>Dimanche<\/td>\n            <td>Ouvert 24 heures sur 24<\/td>\n        <\/tr>\n    <\/tbody>\n<\/table>\r\n        <hr class=\"has-background-success\">\r\n        <h2 class=\"is-size-5 has-text-weight-bold mb-2 has-text-primary\"><i class=\"fas fa-map-marker-alt mr-2 has-text-primary\"><\/i>Carte<\/h2>\r\n        <div class='code-block code-block-50' style='margin: 8px 0; clear: both;'>\n<div class=\"leaflet-map WPLeafletMap\" style=\"height:250px; width:100%;\"><\/div><script>\nwindow.WPLeafletMapPlugin = window.WPLeafletMapPlugin || [];\nwindow.WPLeafletMapPlugin.push(function WPLeafletMapShortcode() {\/*<script>*\/\nvar baseUrl = atob('aHR0cHM6Ly97c30udGlsZS5vcGVuc3RyZWV0bWFwLm9yZy97en0ve3h9L3t5fS5wbmc=');\nvar base = (!baseUrl && window.MQ) ?\n    window.MQ.mapLayer() : L.tileLayer(baseUrl,\n        L.Util.extend({}, {\n            detectRetina: 0,\n        },\n        {\"subdomains\":\"abc\",\"noWrap\":false,\"maxZoom\":19}        )\n    );\n    var options = L.Util.extend({}, {\n        layers: [base],\n        attributionControl: false\n    },\n    {\"zoomControl\":false,\"scrollWheelZoom\":false,\"doubleClickZoom\":false,\"fitBounds\":false,\"minZoom\":0,\"maxZoom\":19,\"maxBounds\":null,\"attribution\":\"<a href=\\\"http:\\\/\\\/leafletjs.com\\\" title=\\\"Une biblioth\\u00e8que JS pour des cartes interactives\\\">Leaflet<\\\/a>; \\u00a9 <a href=\\\"http:\\\/\\\/www.openstreetmap.org\\\/copyright\\\">OpenStreetMap<\\\/a> contributeurs\\\/contributrices\"},\n    {});\nwindow.WPLeafletMapPlugin.createMap(options).setView([36.687504,-6.1372075],15);});<\/script><script>\nwindow.WPLeafletMapPlugin = window.WPLeafletMapPlugin || [];\nwindow.WPLeafletMapPlugin.push(function WPLeafletMarkerShortcode() {\/*<script>*\/\nvar map = window.WPLeafletMapPlugin.getCurrentMap();\nvar group = window.WPLeafletMapPlugin.getCurrentGroup();\nvar marker_options = window.WPLeafletMapPlugin.getIconOptions({});\nvar marker = L.marker(\n    [36.687504,-6.1372075],\n    marker_options\n);\nvar is_image = map.is_image_map;\nif (marker_options.draggable) {\n    marker.on('dragend', function () {\n        var latlng = this.getLatLng();\n        var lat = latlng.lat;\n        var lng = latlng.lng;\n        if (is_image) {\n            console.log('leaflet-marker y=' + lat + ' x=' + lng);\n        } else {\n            console.log('leaflet-marker lat=' + lat + ' lng=' + lng);\n        }\n    });\n}\nmarker.addTo( group );\nwindow.WPLeafletMapPlugin.markers.push( marker );\n        });<\/script><\/div>\n\r\n\r\n\r\n    <\/div>\r\n    <div class=\"column is-8\">\r\n        <p class=\"is-size-5 has-text-weight-bold mb-2 has-text-primary\"><i\r\n                class=\"fas fa-info-circle mr-2 has-text-primary\"><\/i>\u00c0 propos de Parking Plaza de Mamel\u00f3n<\/p>\r\n\r\n        <div class=\"content is-size-7-mobile is-size-6 mt-3 has-text-primary\">\r\n            <p>Le Parking Plaza de Mamel\u00f3n est <b>l&rsquo;une des meilleures options pour se garer \u00e0 Jerez de la Frontera<\/b>. Situ\u00e9 au <b>2 Calle Sevilla<\/b>, ce parking se trouve strat\u00e9giquement pr\u00e8s des principales attractions de la ville, permettant aux visiteurs de profiter de son charme sans se soucier du stationnement. En fl\u00e2nant dans le centre historique, vous pourrez vous d\u00e9tendre en sachant que votre v\u00e9hicule est dans un endroit s\u00fbr et accessible.<\/p>\n\n<p>Les utilisateurs ont partag\u00e9 des exp\u00e9riences tr\u00e8s positives concernant ce parking. Comme ils le disent souvent, ils soulignent la <b>satisfaction g\u00e9n\u00e9rale<\/b> par rapport \u00e0 l&rsquo;acc\u00e8s facile et \u00e0 la localisation centrale. Beaucoup louent sa capacit\u00e9 \u00e0 faciliter les d\u00e9placements dans une zone fr\u00e9quent\u00e9e, indiquant qu&rsquo;il est <b>id\u00e9al pour visiter la ville \u00e0 pied<\/b>. De plus, l&rsquo;option de <b>reconnaissance automatique des plaques d&rsquo;immatriculation<\/b> permet d&rsquo;entrer et de sortir avec un grand confort, ce qui en fait une alternative tr\u00e8s pratique pour ceux qui appr\u00e9cient l&rsquo;efficacit\u00e9.<\/p>\n\n<p>D&rsquo;autre part, certains commentaires mentionnent que les <b>places peuvent \u00eatre \u00e9troites<\/b> et qu&rsquo;il arrive parfois qu&rsquo;elles soient limit\u00e9es. Cependant, les aspects positifs l&#8217;emportent sur les n\u00e9gatifs, car les clients mettent en avant la <b>disponibilit\u00e9 de places couvertes<\/b> et la <b>surveillance continue<\/b> qui garantit la s\u00e9curit\u00e9 de leurs v\u00e9hicules. Sans aucun doute, le Parking Plaza de Mamel\u00f3n est une alternative viable qui s&rsquo;adapte \u00e0 diff\u00e9rents besoins et budgets.<\/p>\n\n<p>Situ\u00e9 dans une zone centrale, le Parking Plaza de Mamel\u00f3n offre non seulement la commodit\u00e9 d&rsquo;un acc\u00e8s facile, mais il dispose \u00e9galement de <b>horaires flexibles<\/b>. Cela permet aux utilisateurs de garer leur v\u00e9hicule \u00e0 toute heure, garantissant qu&rsquo;il y aura toujours une place disponible. <b>Les entr\u00e9es larges<\/b> facilitent l&rsquo;acc\u00e8s, m\u00eame pour les v\u00e9hicules plus grands, ce qui est un autre atout qui distingue ce parking.<\/p>\n\n<p>De plus, le parking ne se contente pas d&rsquo;avoir des tarifs abordables ; l&rsquo;\u00e9quipe du Parking Plaza de Mamel\u00f3n s&rsquo;efforce de maintenir un haut standard de service \u00e0 la client\u00e8le, comme le montrent ses r\u00e9ponses positives aux avis en ligne. Le fait que ce parking r\u00e9ponde rapidement aux pr\u00e9occupations des utilisateurs est un signe qu&rsquo;ils se soucient d&rsquo;offrir une exp\u00e9rience toujours gratifiante.<\/p>\n\n<p>\u00c9tant donn\u00e9 que cette zone conna\u00eet souvent une <b>forte demande<\/b>, nous vous recommandons de <b>r\u00e9server votre place \u00e0 l&rsquo;avance<\/b>. Vous pouvez le faire facilement via ParkingLowCost.es ou contacter directement le Parking Plaza de Mamel\u00f3n. Se garer \u00e0 Jerez de la Frontera n&rsquo;a jamais \u00e9t\u00e9 aussi simple et accessible !<\/p>\r\n        <\/div>\r\n    <\/div>\r\n\r\n<\/div>\r\n<\/article>","protected":false},"excerpt":{"rendered":"<p>D\u00e9couvrez Parking Plaza de Mamel\u00f3n \u00e0 Jerez de la Frontera : s\u00fbr, central et abordable. R\u00e9servez votre place facilement d\u00e8s maintenant !<\/p>\n","protected":false},"author":1,"featured_media":12364,"comment_status":"closed","ping_status":"closed","sticky":false,"template":"","format":"standard","meta":{"footnotes":""},"categories":[],"tags":[334],"class_list":["post-17289","post","type-post","status-publish","format-standard","has-post-thumbnail","hentry","tag-parking-economique-jerez-de-la-frontera"],"_links":{"self":[{"href":"https:\/\/parkinglowcost.es\/fr\/wp-json\/wp\/v2\/posts\/17289","targetHints":{"allow":["GET"]}}],"collection":[{"href":"https:\/\/parkinglowcost.es\/fr\/wp-json\/wp\/v2\/posts"}],"about":[{"href":"https:\/\/parkinglowcost.es\/fr\/wp-json\/wp\/v2\/types\/post"}],"author":[{"embeddable":true,"href":"https:\/\/parkinglowcost.es\/fr\/wp-json\/wp\/v2\/users\/1"}],"replies":[{"embeddable":true,"href":"https:\/\/parkinglowcost.es\/fr\/wp-json\/wp\/v2\/comments?post=17289"}],"version-history":[{"count":0,"href":"https:\/\/parkinglowcost.es\/fr\/wp-json\/wp\/v2\/posts\/17289\/revisions"}],"wp:featuredmedia":[{"embeddable":true,"href":"https:\/\/parkinglowcost.es\/fr\/wp-json\/wp\/v2\/media\/12364"}],"wp:attachment":[{"href":"https:\/\/parkinglowcost.es\/fr\/wp-json\/wp\/v2\/media?parent=17289"}],"wp:term":[{"taxonomy":"category","embeddable":true,"href":"https:\/\/parkinglowcost.es\/fr\/wp-json\/wp\/v2\/categories?post=17289"},{"taxonomy":"post_tag","embeddable":true,"href":"https:\/\/parkinglowcost.es\/fr\/wp-json\/wp\/v2\/tags?post=17289"}],"curies":[{"name":"wp","href":"https:\/\/api.w.org\/{rel}","templated":true}]}}