{"id":17267,"date":"2025-03-11T10:02:21","date_gmt":"2025-03-11T10:02:21","guid":{"rendered":"https:\/\/parkinglowcost.es\/parking-plaza-arenal-jerez-de-la-frontera\/"},"modified":"2025-03-11T15:39:28","modified_gmt":"2025-03-11T15:39:28","slug":"parking-plaza-arenal-jerez-de-la-frontera","status":"publish","type":"post","link":"https:\/\/parkinglowcost.es\/fr\/parking-plaza-arenal-jerez-de-la-frontera\/","title":{"rendered":"Parking Plaza Arenal | Parking \u00e9conomique \u00e0 Jerez de la Frontera"},"content":{"rendered":"<div class=\"columns is-mobile is-variable is-3\">\r\n<div class=\"column is-5\">\r\n    <!-- IMG PROFILE -->\r\n        <img decoding=\"async\" src=\"https:\/\/parkinglowcost.es\/wp-content\/uploads\/AF1QipNcFiiHQY7WuTyjaTJWMogn9RG69sgRLkFyYrZbw408-h306-k-no.jpg\" alt='Parking Plaza Arenal | Parking \u00e9conomique \u00e0 Jerez de la Frontera' title=\"Parking \u00e9conomique \u00e0 Jerez de la Frontera\" class=\"profile-image\">\r\n        <div class=\"profile-image-overflow has-background-primary px-4 py-4\">\r\n    <!-- IMG PROFILE -->\r\n    <!-- GOOGLE -->\r\n        <div class=\"profile-triangle\"><\/div>\r\n                <div class=\"has-background-primary\" style=\"border-radius:10px\">\r\n                    <p class=\"is-size-4-mobile is-size-4 has-text-weight-bold has-text-white ml-3 mb-0\"><i class=\"fas fa-search-location\"><\/i><\/p>\r\n                    <p class=\"is-size-7-mobile is-size-4 has-text-weight-bold has-text-white has-text-centered\">Entreprise not\u00e9e 3.6 sur Google<\/p>\r\n                    <p class=\"is-size-8 has-text-weight-bold mt-2 has-text-centered has-text-white\">Bas\u00e9 sur 502 avis<\/p>\r\n                <\/div>\r\n        <!-- GOOGLE -->\r\n    <\/div>\r\n   \r\n<\/div>\r\n\r\n\r\n<div class=\"column has-text-black\">\r\n    <h1\r\n        class=\"has-text-weight-bold is-size-5-mobile is-size-1 mb-3 has-text-primary\">Parking Plaza Arenal<\/h1>\r\n    <p class=\"is-size-7-mobile is-size-5 has-text-weight-bold has-text-primary\">D\u00e9couvrez Parking Plaza Arenal \u00e0 Jerez de la Frontera : abordable, s\u00e9curis\u00e9 et confortable. R\u00e9servez votre place aujourd&rsquo;hui et profitez sans stress !<\/p>\r\n    <a target=\"_blank\" rel=\"sponsored noopener\" class=\"button is-rounded is-fullwidth mt-3 is-size-7-mobile is-size-4 is-warning has-text-weight-bold\" href=\"https:\/\/www.awin1.com\/cread.php?awinmid=25234&#038;awinaffid=789919\">R\u00e9server un parking<\/a>\r\n\r\n    <hr class=\"mt-4 mb-3 has-background-primary\">\r\n\r\n     <!-- BUSINESS INFO  -->\r\n    <div class=\"columns\">\r\n        <div class=\"column\">\r\n            <h3 class=\"is-size-7-mobile is-size-6 has-text-weight-bold mb-2 has-text-primary\"><i class=\"fas fa-map-marker-alt mr-2 has-text-primary\"><\/i>Adresse<\/h3>\r\n            <p class=\"is-size-7-mobile is-size-5\">Plaza  del Arenal, S\/N | Jerez de la Frontera<\/p>\r\n        <\/div>\r\n        <div class=\"column is-4 column-mobile\">\r\n            <!-- SOCIAL MEDIA -->\r\n            <h3 class=\"is-size-7-mobile is-size-6 has-text-weight-bold mb-2 has-text-primary\"><i class=\"fas fa-share-square mr-3\"><\/i>Contact<\/h3>\r\n            <div class=\"buttons\">\r\n                \r\n            <\/div>\r\n            <!-- SOCIAL MEDIA -->\r\n        <\/div>\r\n    <\/div>\r\n    <!-- BUSINESS INFO  -->\r\n\r\n    <hr class=\"mt-0 mb-3 has-background-primary\">\r\n    <h2 class=\"is-size-7-mobile is-size-6 has-text-weight-bold mb-2 has-text-primary\"><i class=\"fas fa-address-book mr-2 has-text-primary mb-3\"><\/i>Comment y arriver<\/h2>\r\n   \r\n    <a target=\"_blank\" rel=\"nofollow noopener noreferrer\" class=\"button is-rounded is-outlined is-fullwidth is-size-7-mobile is-size-4 is-danger mb-2\" href=\"https:\/\/www.waze.com\/ul?ll=36.6815441,-6.137028&#038;navigate=yes\"><i class=\"fab fa-waze mr-2\"><\/i> Waze<\/a><a target=\"_blank\" rel=\"nofollow noopener noreferrer\" class=\"button is-rounded is-outlined is-fullwidth is-size-7-mobile is-size-4 is-danger mb-2\" href=\"https:\/\/maps.apple.com\/?q=36.6815441,-6.137028\"><i class=\"fab fa-apple mr-2\"><\/i>Apple Maps<\/a><a target=\"_blank\" rel=\"nofollow noopener noreferrer\" class=\"button is-rounded is-outlined is-fullwidth is-size-7-mobile is-size-4 is-danger mb-2\" href=\"https:\/\/www.google.com\/maps\/search\/?api=1&#038;query=Parking%20Plaza%20Arenal&#038;query_place_id=ChIJjRrTbpHGDQ0RCgbRjz7L4oM\"><i class=\"fas fa-map-marker-alt mr-2\"><\/i>Google Maps<\/a>\r\n\r\n\r\n<\/div>\r\n<\/div>\r\n\r\n<div class='code-block code-block-2' style='margin: 8px 0; clear: both;'>\n<script async src=\"https:\/\/pagead2.googlesyndication.com\/pagead\/js\/adsbygoogle.js?client=ca-pub-3045090583979067\"\n     crossorigin=\"anonymous\"><\/script>\n<!-- Display Parking -->\n<ins class=\"adsbygoogle\"\n     style=\"display:block\"\n     data-ad-client=\"ca-pub-3045090583979067\"\n     data-ad-slot=\"3512595945\"\n     data-ad-format=\"auto\"\n     data-full-width-responsive=\"true\"><\/ins>\n<script>\n     (adsbygoogle = window.adsbygoogle || []).push({});\n<\/script><\/div>\n\r\n\r\n\r\n<article class=\"mt-3\">\r\n\r\n<div class=\"columns is-variable is-8\">\r\n    <div class=\"column is-4\">\r\n        <hr class=\"has-background-success\">\r\n        <h2 class=\"is-size-5 has-text-weight-bold mb-2 has-text-primary\"><i class=\"fas fa-calendar-alt mr-2 has-text-primary\"><\/i>Horaires Parking Plaza Arenal<\/h2>\r\n\r\n        <table class=\"table is-fullwidth is-bordered mt-4 has-background-primary is-size-7-mobile is-size-6 has-text-white\">\n    <thead>\n        <tr>\n            <th class=\"has-text-white\">Jour<\/th>\n            <th class=\"has-text-white\">Heures d&rsquo;ouverture<\/th>\n        <\/tr>\n    <\/thead>\n    <tbody>\n        <tr>\n            <td>Lundi<\/td>\n            <td>Ouvert 24 heures sur 24<\/td>\n        <\/tr>\n        <tr>\n            <td>Mardi<\/td>\n            <td>Ouvert 24 heures sur 24<\/td>\n        <\/tr>\n        <tr>\n            <td>Mercredi<\/td>\n            <td>Ouvert 24 heures sur 24<\/td>\n        <\/tr>\n        <tr>\n            <td>Jeudi<\/td>\n            <td>Ouvert 24 heures sur 24<\/td>\n        <\/tr>\n        <tr>\n            <td>Vendredi<\/td>\n            <td>Ouvert 24 heures sur 24<\/td>\n        <\/tr>\n        <tr>\n            <td>Samedi<\/td>\n            <td>Ouvert 24 heures sur 24<\/td>\n        <\/tr>\n        <tr>\n            <td>Dimanche<\/td>\n            <td>Ouvert 24 heures sur 24<\/td>\n        <\/tr>\n    <\/tbody>\n<\/table>\r\n        <hr class=\"has-background-success\">\r\n        <h2 class=\"is-size-5 has-text-weight-bold mb-2 has-text-primary\"><i class=\"fas fa-map-marker-alt mr-2 has-text-primary\"><\/i>Carte<\/h2>\r\n        <div class='code-block code-block-50' style='margin: 8px 0; clear: both;'>\n<div class=\"leaflet-map WPLeafletMap\" style=\"height:250px; width:100%;\"><\/div><script>\nwindow.WPLeafletMapPlugin = window.WPLeafletMapPlugin || [];\nwindow.WPLeafletMapPlugin.push(function WPLeafletMapShortcode() {\/*<script>*\/\nvar baseUrl = atob('aHR0cHM6Ly97c30udGlsZS5vcGVuc3RyZWV0bWFwLm9yZy97en0ve3h9L3t5fS5wbmc=');\nvar base = (!baseUrl && window.MQ) ?\n    window.MQ.mapLayer() : L.tileLayer(baseUrl,\n        L.Util.extend({}, {\n            detectRetina: 0,\n        },\n        {\"subdomains\":\"abc\",\"noWrap\":false,\"maxZoom\":19}        )\n    );\n    var options = L.Util.extend({}, {\n        layers: [base],\n        attributionControl: false\n    },\n    {\"zoomControl\":false,\"scrollWheelZoom\":false,\"doubleClickZoom\":false,\"fitBounds\":false,\"minZoom\":0,\"maxZoom\":19,\"maxBounds\":null,\"attribution\":\"<a href=\\\"http:\\\/\\\/leafletjs.com\\\" title=\\\"Une biblioth\\u00e8que JS pour des cartes interactives\\\">Leaflet<\\\/a>; \\u00a9 <a href=\\\"http:\\\/\\\/www.openstreetmap.org\\\/copyright\\\">OpenStreetMap<\\\/a> contributeurs\\\/contributrices\"},\n    {});\nwindow.WPLeafletMapPlugin.createMap(options).setView([36.6815441,-6.137028],15);});<\/script><script>\nwindow.WPLeafletMapPlugin = window.WPLeafletMapPlugin || [];\nwindow.WPLeafletMapPlugin.push(function WPLeafletMarkerShortcode() {\/*<script>*\/\nvar map = window.WPLeafletMapPlugin.getCurrentMap();\nvar group = window.WPLeafletMapPlugin.getCurrentGroup();\nvar marker_options = window.WPLeafletMapPlugin.getIconOptions({});\nvar marker = L.marker(\n    [36.6815441,-6.137028],\n    marker_options\n);\nvar is_image = map.is_image_map;\nif (marker_options.draggable) {\n    marker.on('dragend', function () {\n        var latlng = this.getLatLng();\n        var lat = latlng.lat;\n        var lng = latlng.lng;\n        if (is_image) {\n            console.log('leaflet-marker y=' + lat + ' x=' + lng);\n        } else {\n            console.log('leaflet-marker lat=' + lat + ' lng=' + lng);\n        }\n    });\n}\nmarker.addTo( group );\nwindow.WPLeafletMapPlugin.markers.push( marker );\n        });<\/script><\/div>\n\r\n\r\n\r\n    <\/div>\r\n    <div class=\"column is-8\">\r\n        <p class=\"is-size-5 has-text-weight-bold mb-2 has-text-primary\"><i\r\n                class=\"fas fa-info-circle mr-2 has-text-primary\"><\/i>\u00c0 propos de Parking Plaza Arenal<\/p>\r\n\r\n        <div class=\"content is-size-7-mobile is-size-6 mt-3 has-text-primary\">\r\n            <p>Dans le charmant c\u0153ur de Jerez de la Frontera, <b>Parking Plaza Arenal<\/b> se pr\u00e9sente comme l\u2019une des meilleures options pour ceux qui recherchent un parking bon march\u00e9 et pratique. Situ\u00e9 \u00e0 la Plaza del Arenal, S\/N, ce parking offre une combinaison parfaite d\u2019emplacement privil\u00e9gi\u00e9, d\u2019accessibilit\u00e9 et de services pratiques pour tout visiteur d\u00e9sireux d&rsquo;explorer la ville sans soucis.<\/p>\n\n<p>Les clients appr\u00e9cient le rapport qualit\u00e9-prix de <b>Parking Plaza Arenal<\/b>, soulignant qu\u2019en certains jours, ils peuvent b\u00e9n\u00e9ficier de tarifs tr\u00e8s abordables, comme 2,36 \u20ac avant 13h00 jusqu\u2019\u00e0 19h00. Cependant, ils mentionnent \u00e9galement la n\u00e9cessit\u00e9 d\u2019am\u00e9liorer certains aspects, comme l\u2019entretien de la zone, car certains ont exprim\u00e9 des pr\u00e9occupations concernant des odeurs d\u00e9sagr\u00e9ables et la propret\u00e9 des lieux. Ils commentent ainsi : \u201cL\u2019odeur d\u2019urine est insupportable. Nous n\u2019avons jamais mis les pieds dans un parking comme \u00e7a.\u201d Cela repr\u00e9sente une opportunit\u00e9 d&rsquo;impl\u00e9menter un service de nettoyage plus efficace, garantissant un espace plus agr\u00e9able.<\/p>\n\n<p>Le parking se trouve dans un emplacement in\u00e9galable, juste au centre de Jerez de la Frontera, ce qui le rend parfait pour profiter de la vie locale vibrante et visiter les points touristiques les plus marquants. Gr\u00e2ce \u00e0 sa proximit\u00e9 avec des attractions cl\u00e9s, il permet un acc\u00e8s rapide et pratique \u00e0 tout ce que la ville a \u00e0 offrir. L&rsquo;accessibilit\u00e9 est \u00e9galement un aspect important, avec des entr\u00e9es larges facilitant l\u2019entr\u00e9e et la sortie des v\u00e9hicules.<\/p>\n\n<p>Parmi les caract\u00e9ristiques qui diff\u00e9rencient <b>Parking Plaza Arenal<\/b> de la concurrence se trouvent la <b>s\u00e9curit\u00e9 24 heures sur 24<\/b> et la <b>gestion automatis\u00e9e<\/b>, qui apportent une tranquillit\u00e9 d\u2019esprit aux utilisateurs. De plus, la disponibilit\u00e9 de places couvertes garantit que votre v\u00e9hicule sera prot\u00e9g\u00e9 des intemp\u00e9ries, ce qui est tr\u00e8s appr\u00e9ci\u00e9 par les visiteurs. En outre, il est important de mentionner que, bien qu&rsquo;il y ait des limitations dans la signalisation des places libres, la facilit\u00e9 de stationnement compense ces petits d\u00e9tails.<\/p>\n\n<p>Pour garantir une exp\u00e9rience de stationnement sans encombre, il est recommand\u00e9 de <b>r\u00e9server votre place \u00e0 l&rsquo;avance<\/b>. La forte demande dans cette zone peut faire que les places se r\u00e9servent rapidement, surtout durant les f\u00eates ou les week-ends. C&rsquo;est pourquoi nous vous invitons \u00e0 planifier votre stationnement \u00e0 l&rsquo;avance. R\u00e9servez facilement via <b>ParkingLowCost.es<\/b> ou contactez directement <b>Parking Plaza Arenal<\/b>. Se garer \u00e0 Jerez de la Frontera n&rsquo;a jamais \u00e9t\u00e9 aussi simple et abordable !<\/p>\r\n        <\/div>\r\n    <\/div>\r\n\r\n<\/div>\r\n<\/article>","protected":false},"excerpt":{"rendered":"<p>D\u00e9couvrez Parking Plaza Arenal \u00e0 Jerez de la Frontera : abordable, s\u00e9curis\u00e9 et confortable. R\u00e9servez votre place aujourd&rsquo;hui et profitez sans stress !<\/p>\n","protected":false},"author":1,"featured_media":12275,"comment_status":"closed","ping_status":"closed","sticky":false,"template":"","format":"standard","meta":{"footnotes":""},"categories":[],"tags":[334],"class_list":["post-17267","post","type-post","status-publish","format-standard","has-post-thumbnail","hentry","tag-parking-economique-jerez-de-la-frontera"],"_links":{"self":[{"href":"https:\/\/parkinglowcost.es\/fr\/wp-json\/wp\/v2\/posts\/17267","targetHints":{"allow":["GET"]}}],"collection":[{"href":"https:\/\/parkinglowcost.es\/fr\/wp-json\/wp\/v2\/posts"}],"about":[{"href":"https:\/\/parkinglowcost.es\/fr\/wp-json\/wp\/v2\/types\/post"}],"author":[{"embeddable":true,"href":"https:\/\/parkinglowcost.es\/fr\/wp-json\/wp\/v2\/users\/1"}],"replies":[{"embeddable":true,"href":"https:\/\/parkinglowcost.es\/fr\/wp-json\/wp\/v2\/comments?post=17267"}],"version-history":[{"count":0,"href":"https:\/\/parkinglowcost.es\/fr\/wp-json\/wp\/v2\/posts\/17267\/revisions"}],"wp:featuredmedia":[{"embeddable":true,"href":"https:\/\/parkinglowcost.es\/fr\/wp-json\/wp\/v2\/media\/12275"}],"wp:attachment":[{"href":"https:\/\/parkinglowcost.es\/fr\/wp-json\/wp\/v2\/media?parent=17267"}],"wp:term":[{"taxonomy":"category","embeddable":true,"href":"https:\/\/parkinglowcost.es\/fr\/wp-json\/wp\/v2\/categories?post=17267"},{"taxonomy":"post_tag","embeddable":true,"href":"https:\/\/parkinglowcost.es\/fr\/wp-json\/wp\/v2\/tags?post=17267"}],"curies":[{"name":"wp","href":"https:\/\/api.w.org\/{rel}","templated":true}]}}