{"id":17239,"date":"2025-03-11T10:01:11","date_gmt":"2025-03-11T10:01:11","guid":{"rendered":"https:\/\/parkinglowcost.es\/parking-placa-catalunya-by-saba-figueres\/"},"modified":"2025-03-11T15:38:26","modified_gmt":"2025-03-11T15:38:26","slug":"parking-placa-catalunya-by-saba-figueres","status":"publish","type":"post","link":"https:\/\/parkinglowcost.es\/fr\/parking-placa-catalunya-by-saba-figueres\/","title":{"rendered":"Parking Pla\u00e7a Catalunya by Saba | Parking \u00e9conomique \u00e0 Figueres"},"content":{"rendered":"<div class=\"columns is-mobile is-variable is-3\">\r\n<div class=\"column is-5\">\r\n    <!-- IMG PROFILE -->\r\n        <img decoding=\"async\" src=\"https:\/\/parkinglowcost.es\/wp-content\/uploads\/AF1QipM6WoO7Zs7dEQvkCdALzzO6SmpBxWk7Nac4pA68w425-h240-k-no.png\" alt='Parking Pla\u00e7a Catalunya by Saba | Parking \u00e9conomique \u00e0 Figueres' title=\"Parking \u00e9conomique \u00e0 Figueres\" class=\"profile-image\">\r\n        <div class=\"profile-image-overflow has-background-primary px-4 py-4\">\r\n    <!-- IMG PROFILE -->\r\n    <!-- GOOGLE -->\r\n        <div class=\"profile-triangle\"><\/div>\r\n                <div class=\"has-background-primary\" style=\"border-radius:10px\">\r\n                    <p class=\"is-size-4-mobile is-size-4 has-text-weight-bold has-text-white ml-3 mb-0\"><i class=\"fas fa-search-location\"><\/i><\/p>\r\n                    <p class=\"is-size-7-mobile is-size-4 has-text-weight-bold has-text-white has-text-centered\">Entreprise not\u00e9e 3.5 sur Google<\/p>\r\n                    <p class=\"is-size-8 has-text-weight-bold mt-2 has-text-centered has-text-white\">Bas\u00e9 sur 308 avis<\/p>\r\n                <\/div>\r\n        <!-- GOOGLE -->\r\n    <\/div>\r\n   \r\n<\/div>\r\n\r\n\r\n<div class=\"column has-text-black\">\r\n    <h1\r\n        class=\"has-text-weight-bold is-size-5-mobile is-size-1 mb-3 has-text-primary\">Parking Pla\u00e7a Catalunya by Saba<\/h1>\r\n    <p class=\"is-size-7-mobile is-size-5 has-text-weight-bold has-text-primary\">D\u00e9couvrez Parking Pla\u00e7a Catalunya by Saba \u00e0 Figueres. R\u00e9servez votre place maintenant et garez-vous sans stress au c\u0153ur de la ville !<\/p>\r\n    <a target=\"_blank\" rel=\"sponsored noopener\" class=\"button is-rounded is-fullwidth mt-3 is-size-7-mobile is-size-4 is-warning has-text-weight-bold\" href=\"https:\/\/www.awin1.com\/cread.php?awinmid=25234&#038;awinaffid=789919\">R\u00e9server un parking<\/a>\r\n\r\n    <hr class=\"mt-4 mb-3 has-background-primary\">\r\n\r\n     <!-- BUSINESS INFO  -->\r\n    <div class=\"columns\">\r\n        <div class=\"column\">\r\n            <h3 class=\"is-size-7-mobile is-size-6 has-text-weight-bold mb-2 has-text-primary\"><i class=\"fas fa-map-marker-alt mr-2 has-text-primary\"><\/i>Adresse<\/h3>\r\n            <p class=\"is-size-7-mobile is-size-5\">Carrer d&rsquo;En Blanc, S\/N | Figueres<\/p>\r\n        <\/div>\r\n        <div class=\"column is-4 column-mobile\">\r\n            <!-- SOCIAL MEDIA -->\r\n            <h3 class=\"is-size-7-mobile is-size-6 has-text-weight-bold mb-2 has-text-primary\"><i class=\"fas fa-share-square mr-3\"><\/i>Contact<\/h3>\r\n            <div class=\"buttons\">\r\n                \r\n            <\/div>\r\n            <!-- SOCIAL MEDIA -->\r\n        <\/div>\r\n    <\/div>\r\n    <!-- BUSINESS INFO  -->\r\n\r\n    <hr class=\"mt-0 mb-3 has-background-primary\">\r\n    <h2 class=\"is-size-7-mobile is-size-6 has-text-weight-bold mb-2 has-text-primary\"><i class=\"fas fa-address-book mr-2 has-text-primary mb-3\"><\/i>Comment y arriver<\/h2>\r\n   \r\n    <a target=\"_blank\" rel=\"nofollow noopener noreferrer\" class=\"button is-rounded is-outlined is-fullwidth is-size-7-mobile is-size-4 is-danger mb-2\" href=\"https:\/\/www.waze.com\/ul?ll=42.2661694,2.9636224&#038;navigate=yes\"><i class=\"fab fa-waze mr-2\"><\/i> Waze<\/a><a target=\"_blank\" rel=\"nofollow noopener noreferrer\" class=\"button is-rounded is-outlined is-fullwidth is-size-7-mobile is-size-4 is-danger mb-2\" href=\"https:\/\/maps.apple.com\/?q=42.2661694,2.9636224\"><i class=\"fab fa-apple mr-2\"><\/i>Apple Maps<\/a><a target=\"_blank\" rel=\"nofollow noopener noreferrer\" class=\"button is-rounded is-outlined is-fullwidth is-size-7-mobile is-size-4 is-danger mb-2\" href=\"https:\/\/www.google.com\/maps\/search\/?api=1&#038;query=Saba%20Aparcamientos%2C%20S.A.&#038;query_place_id=ChIJKe3ftsSNuhIRs1-J_Dnu1ng\"><i class=\"fas fa-map-marker-alt mr-2\"><\/i>Google Maps<\/a>\r\n\r\n\r\n<\/div>\r\n<\/div>\r\n\r\n<div class='code-block code-block-2' style='margin: 8px 0; clear: both;'>\n<script async src=\"https:\/\/pagead2.googlesyndication.com\/pagead\/js\/adsbygoogle.js?client=ca-pub-3045090583979067\"\n     crossorigin=\"anonymous\"><\/script>\n<!-- Display Parking -->\n<ins class=\"adsbygoogle\"\n     style=\"display:block\"\n     data-ad-client=\"ca-pub-3045090583979067\"\n     data-ad-slot=\"3512595945\"\n     data-ad-format=\"auto\"\n     data-full-width-responsive=\"true\"><\/ins>\n<script>\n     (adsbygoogle = window.adsbygoogle || []).push({});\n<\/script><\/div>\n\r\n\r\n\r\n<article class=\"mt-3\">\r\n\r\n<div class=\"columns is-variable is-8\">\r\n    <div class=\"column is-4\">\r\n        <hr class=\"has-background-success\">\r\n        <h2 class=\"is-size-5 has-text-weight-bold mb-2 has-text-primary\"><i class=\"fas fa-calendar-alt mr-2 has-text-primary\"><\/i>Horaires Parking Pla\u00e7a Catalunya by Saba<\/h2>\r\n\r\n        <table class=\"table is-fullwidth is-bordered mt-4 has-background-primary is-size-7-mobile is-size-6 has-text-white\">\n    <thead>\n        <tr>\n            <th class=\"has-text-white\">Jour<\/th>\n            <th class=\"has-text-white\">Heures d&rsquo;ouverture<\/th>\n        <\/tr>\n    <\/thead>\n    <tbody>\n        <tr>\n            <td>Lundi<\/td>\n            <td>Ouvert 24 heures sur 24<\/td>\n        <\/tr>\n        <tr>\n            <td>Mardi<\/td>\n            <td>Ouvert 24 heures sur 24<\/td>\n        <\/tr>\n        <tr>\n            <td>Mercredi<\/td>\n            <td>Ouvert 24 heures sur 24<\/td>\n        <\/tr>\n        <tr>\n            <td>Jeudi<\/td>\n            <td>Ouvert 24 heures sur 24<\/td>\n        <\/tr>\n        <tr>\n            <td>Vendredi<\/td>\n            <td>Ouvert 24 heures sur 24<\/td>\n        <\/tr>\n        <tr>\n            <td>Samedi<\/td>\n            <td>Ouvert 24 heures sur 24<\/td>\n        <\/tr>\n        <tr>\n            <td>Dimanche<\/td>\n            <td>Ouvert 24 heures sur 24<\/td>\n        <\/tr>\n    <\/tbody>\n<\/table>\r\n        <hr class=\"has-background-success\">\r\n        <h2 class=\"is-size-5 has-text-weight-bold mb-2 has-text-primary\"><i class=\"fas fa-map-marker-alt mr-2 has-text-primary\"><\/i>Carte<\/h2>\r\n        <div class='code-block code-block-50' style='margin: 8px 0; clear: both;'>\n<div class=\"leaflet-map WPLeafletMap\" style=\"height:250px; width:100%;\"><\/div><script>\nwindow.WPLeafletMapPlugin = window.WPLeafletMapPlugin || [];\nwindow.WPLeafletMapPlugin.push(function WPLeafletMapShortcode() {\/*<script>*\/\nvar baseUrl = atob('aHR0cHM6Ly97c30udGlsZS5vcGVuc3RyZWV0bWFwLm9yZy97en0ve3h9L3t5fS5wbmc=');\nvar base = (!baseUrl && window.MQ) ?\n    window.MQ.mapLayer() : L.tileLayer(baseUrl,\n        L.Util.extend({}, {\n            detectRetina: 0,\n        },\n        {\"subdomains\":\"abc\",\"noWrap\":false,\"maxZoom\":19}        )\n    );\n    var options = L.Util.extend({}, {\n        layers: [base],\n        attributionControl: false\n    },\n    {\"zoomControl\":false,\"scrollWheelZoom\":false,\"doubleClickZoom\":false,\"fitBounds\":false,\"minZoom\":0,\"maxZoom\":19,\"maxBounds\":null,\"attribution\":\"<a href=\\\"http:\\\/\\\/leafletjs.com\\\" title=\\\"Une biblioth\\u00e8que JS pour des cartes interactives\\\">Leaflet<\\\/a>; \\u00a9 <a href=\\\"http:\\\/\\\/www.openstreetmap.org\\\/copyright\\\">OpenStreetMap<\\\/a> contributeurs\\\/contributrices\"},\n    {});\nwindow.WPLeafletMapPlugin.createMap(options).setView([42.2661694,2.9636224],15);});<\/script><script>\nwindow.WPLeafletMapPlugin = window.WPLeafletMapPlugin || [];\nwindow.WPLeafletMapPlugin.push(function WPLeafletMarkerShortcode() {\/*<script>*\/\nvar map = window.WPLeafletMapPlugin.getCurrentMap();\nvar group = window.WPLeafletMapPlugin.getCurrentGroup();\nvar marker_options = window.WPLeafletMapPlugin.getIconOptions({});\nvar marker = L.marker(\n    [42.2661694,2.9636224],\n    marker_options\n);\nvar is_image = map.is_image_map;\nif (marker_options.draggable) {\n    marker.on('dragend', function () {\n        var latlng = this.getLatLng();\n        var lat = latlng.lat;\n        var lng = latlng.lng;\n        if (is_image) {\n            console.log('leaflet-marker y=' + lat + ' x=' + lng);\n        } else {\n            console.log('leaflet-marker lat=' + lat + ' lng=' + lng);\n        }\n    });\n}\nmarker.addTo( group );\nwindow.WPLeafletMapPlugin.markers.push( marker );\n        });<\/script><\/div>\n\r\n\r\n\r\n    <\/div>\r\n    <div class=\"column is-8\">\r\n        <p class=\"is-size-5 has-text-weight-bold mb-2 has-text-primary\"><i\r\n                class=\"fas fa-info-circle mr-2 has-text-primary\"><\/i>\u00c0 propos de Parking Pla\u00e7a Catalunya by Saba<\/p>\r\n\r\n        <div class=\"content is-size-7-mobile is-size-6 mt-3 has-text-primary\">\r\n            <p>Lorsque vous devez <b>vous garer \u00e0 Figueres<\/b>, <b>Parking Pla\u00e7a Catalunya by Saba<\/b> se pr\u00e9sente comme l&rsquo;une des meilleures options pour ceux qui recherchent un endroit abordable et s\u00e9curis\u00e9. Situ\u00e9 au <b>Carrer d&rsquo;En Blanc, S\/N<\/b>, ce parking offre une exp\u00e9rience de stationnement agr\u00e9able et pratique au c\u0153ur de la ville. Peu importe si vous \u00eates en visite pour explorer le c\u00e9l\u00e8bre <b>Th\u00e9\u00e2tre-Mus\u00e9e Dal\u00ed<\/b> ou simplement pour effectuer une d\u00e9marche, son emplacement strat\u00e9gique facilitera votre parcours.<\/p>\n\n<p>Comme le disent souvent ses clients, ce parking est fr\u00e9quemment lou\u00e9 pour son <b>accessibilit\u00e9<\/b> et sa <b>commodit\u00e9<\/b>. Beaucoup d&rsquo;utilisateurs appr\u00e9cient la possibilit\u00e9 de trouver des places disponibles m\u00eame pendant les jours de forte demande, ce qui met en avant son efficacit\u00e9. De plus, il permet un <b>acc\u00e8s rapide<\/b> et dispose d&rsquo;entr\u00e9es spacieuses, ce qui est id\u00e9al pour ceux qui conduisent des v\u00e9hicules de diff\u00e9rentes tailles. D&rsquo;un autre c\u00f4t\u00e9, certains visiteurs ont comment\u00e9 la <b>n\u00e9cessit\u00e9 d&rsquo;am\u00e9liorer les services<\/b> de maintenance, comme le fonctionnement des toilettes. Cependant, il ne fait aucun doute que la s\u00e9curit\u00e9 est l&rsquo;une de leurs priorit\u00e9s : le parking est \u00e9quip\u00e9 de <b>cam\u00e9ras de surveillance<\/b> et de personnel de contr\u00f4le sur place, garantissant la protection des v\u00e9hicules.<\/p>\n\n<p>La facilit\u00e9 de stationnement est renforc\u00e9e par l&rsquo;avantage de disposer de <b>places couvertes<\/b>, ce qui prot\u00e8ge votre v\u00e9hicule des intemp\u00e9ries. Parking Pla\u00e7a Catalunya by Saba est con\u00e7u pour offrir un service automatis\u00e9, offrant \u00e0 ses utilisateurs une exp\u00e9rience moderne et efficace. Cela est particuli\u00e8rement pertinent si l&rsquo;on consid\u00e8re la grande affluence de visiteurs dans la zone, o\u00f9 il est normalement difficile de trouver une place pour se garer.<\/p>\n\n<p>Si vous souhaitez \u00e9viter les surprises de derni\u00e8re minute, il est conseill\u00e9 de planifier votre stationnement \u00e0 l&rsquo;avance. Puisque la demande est g\u00e9n\u00e9ralement \u00e9lev\u00e9e, garantir une place dans ce parking strat\u00e9giquement situ\u00e9 est une d\u00e9cision intelligente. Vous pouvez g\u00e9rer votre r\u00e9servation facilement via <b>ParkingLowCost.es<\/b>, garantissant votre place pour profiter de la ville sans stress.<\/p>\n\n<p>Visiter Figueres est une exp\u00e9rience unique et <b>Parking Pla\u00e7a Catalunya by Saba<\/b> vous offre l&rsquo;opportunit\u00e9 de le faire de mani\u00e8re simple et \u00e9conomique. Ne restez pas sans parking, contactez directement le parking et profitez de toutes les commodit\u00e9s qu&rsquo;ils ont \u00e0 vous offrir. Se garer \u00e0 Figueres n&rsquo;a jamais \u00e9t\u00e9 aussi facile !<\/p>\r\n        <\/div>\r\n    <\/div>\r\n\r\n<\/div>\r\n<\/article>","protected":false},"excerpt":{"rendered":"<p>D\u00e9couvrez Parking Pla\u00e7a Catalunya by Saba \u00e0 Figueres. R\u00e9servez votre place maintenant et garez-vous sans stress au c\u0153ur de la ville !<\/p>\n","protected":false},"author":1,"featured_media":12163,"comment_status":"closed","ping_status":"closed","sticky":false,"template":"","format":"standard","meta":{"footnotes":""},"categories":[],"tags":[299],"class_list":["post-17239","post","type-post","status-publish","format-standard","has-post-thumbnail","hentry","tag-parking-economique-figueres"],"_links":{"self":[{"href":"https:\/\/parkinglowcost.es\/fr\/wp-json\/wp\/v2\/posts\/17239","targetHints":{"allow":["GET"]}}],"collection":[{"href":"https:\/\/parkinglowcost.es\/fr\/wp-json\/wp\/v2\/posts"}],"about":[{"href":"https:\/\/parkinglowcost.es\/fr\/wp-json\/wp\/v2\/types\/post"}],"author":[{"embeddable":true,"href":"https:\/\/parkinglowcost.es\/fr\/wp-json\/wp\/v2\/users\/1"}],"replies":[{"embeddable":true,"href":"https:\/\/parkinglowcost.es\/fr\/wp-json\/wp\/v2\/comments?post=17239"}],"version-history":[{"count":0,"href":"https:\/\/parkinglowcost.es\/fr\/wp-json\/wp\/v2\/posts\/17239\/revisions"}],"wp:featuredmedia":[{"embeddable":true,"href":"https:\/\/parkinglowcost.es\/fr\/wp-json\/wp\/v2\/media\/12163"}],"wp:attachment":[{"href":"https:\/\/parkinglowcost.es\/fr\/wp-json\/wp\/v2\/media?parent=17239"}],"wp:term":[{"taxonomy":"category","embeddable":true,"href":"https:\/\/parkinglowcost.es\/fr\/wp-json\/wp\/v2\/categories?post=17239"},{"taxonomy":"post_tag","embeddable":true,"href":"https:\/\/parkinglowcost.es\/fr\/wp-json\/wp\/v2\/tags?post=17239"}],"curies":[{"name":"wp","href":"https:\/\/api.w.org\/{rel}","templated":true}]}}