{"id":17029,"date":"2025-03-11T09:55:26","date_gmt":"2025-03-11T09:55:26","guid":{"rendered":"https:\/\/parkinglowcost.es\/parking-jose-fernandez-merida\/"},"modified":"2025-03-11T15:33:05","modified_gmt":"2025-03-11T15:33:05","slug":"parking-jose-fernandez-merida","status":"publish","type":"post","link":"https:\/\/parkinglowcost.es\/fr\/parking-jose-fernandez-merida\/","title":{"rendered":"Parking Jos\u00e9 Fern\u00e1ndez | Parking \u00e9conomique \u00e0 M\u00e9rida"},"content":{"rendered":"<div class=\"columns is-mobile is-variable is-3\">\r\n<div class=\"column is-5\">\r\n    <!-- IMG PROFILE -->\r\n        <img decoding=\"async\" src=\"https:\/\/parkinglowcost.es\/wp-content\/uploads\/AF1QipNtAI-8aKk0gvgUzjQDZvVVx_0E1cNdhkHBfwiXw426-h240-k-no.jpg\" alt='Parking Jos\u00e9 Fern\u00e1ndez | Parking \u00e9conomique \u00e0 M\u00e9rida' title=\"Parking \u00e9conomique \u00e0 M\u00e9rida\" class=\"profile-image\">\r\n        <div class=\"profile-image-overflow has-background-primary px-4 py-4\">\r\n    <!-- IMG PROFILE -->\r\n    <!-- GOOGLE -->\r\n        <div class=\"profile-triangle\"><\/div>\r\n                <div class=\"has-background-primary\" style=\"border-radius:10px\">\r\n                    <p class=\"is-size-4-mobile is-size-4 has-text-weight-bold has-text-white ml-3 mb-0\"><i class=\"fas fa-search-location\"><\/i><\/p>\r\n                    <p class=\"is-size-7-mobile is-size-4 has-text-weight-bold has-text-white has-text-centered\">Entreprise not\u00e9e 4.2 sur Google<\/p>\r\n                    <p class=\"is-size-8 has-text-weight-bold mt-2 has-text-centered has-text-white\">Bas\u00e9 sur 142 avis<\/p>\r\n                <\/div>\r\n        <!-- GOOGLE -->\r\n    <\/div>\r\n   \r\n<\/div>\r\n\r\n\r\n<div class=\"column has-text-black\">\r\n    <h1\r\n        class=\"has-text-weight-bold is-size-5-mobile is-size-1 mb-3 has-text-primary\">Parking Jos\u00e9 Fern\u00e1ndez<\/h1>\r\n    <p class=\"is-size-7-mobile is-size-5 has-text-weight-bold has-text-primary\">Parking Jos\u00e9 Fern\u00e1ndez \u00e0 M\u00e9rida : s\u00e9curis\u00e9, accessible et \u00e9conomique. R\u00e9servez votre place aujourd&rsquo;hui et profitez de la ville sans stress.<\/p>\r\n    <a target=\"_blank\" rel=\"sponsored noopener\" class=\"button is-rounded is-fullwidth mt-3 is-size-7-mobile is-size-4 is-warning has-text-weight-bold\" href=\"https:\/\/www.awin1.com\/cread.php?awinmid=25234&#038;awinaffid=789919\">R\u00e9server un parking<\/a>\r\n\r\n    <hr class=\"mt-4 mb-3 has-background-primary\">\r\n\r\n     <!-- BUSINESS INFO  -->\r\n    <div class=\"columns\">\r\n        <div class=\"column\">\r\n            <h3 class=\"is-size-7-mobile is-size-6 has-text-weight-bold mb-2 has-text-primary\"><i class=\"fas fa-map-marker-alt mr-2 has-text-primary\"><\/i>Adresse<\/h3>\r\n            <p class=\"is-size-7-mobile is-size-5\">Avenida Jos\u00e9 Fern\u00e1ndez L\u00f3pez, S\/N | M\u00e9rida<\/p>\r\n        <\/div>\r\n        <div class=\"column is-4 column-mobile\">\r\n            <!-- SOCIAL MEDIA -->\r\n            <h3 class=\"is-size-7-mobile is-size-6 has-text-weight-bold mb-2 has-text-primary\"><i class=\"fas fa-share-square mr-3\"><\/i>Contact<\/h3>\r\n            <div class=\"buttons\">\r\n                \r\n            <\/div>\r\n            <!-- SOCIAL MEDIA -->\r\n        <\/div>\r\n    <\/div>\r\n    <!-- BUSINESS INFO  -->\r\n\r\n    <hr class=\"mt-0 mb-3 has-background-primary\">\r\n    <h2 class=\"is-size-7-mobile is-size-6 has-text-weight-bold mb-2 has-text-primary\"><i class=\"fas fa-address-book mr-2 has-text-primary mb-3\"><\/i>Comment y arriver<\/h2>\r\n   \r\n    <a target=\"_blank\" rel=\"nofollow noopener noreferrer\" class=\"button is-rounded is-outlined is-fullwidth is-size-7-mobile is-size-4 is-danger mb-2\" href=\"https:\/\/www.waze.com\/ul?ll=38.91971,-6.3521657&#038;navigate=yes\"><i class=\"fab fa-waze mr-2\"><\/i> Waze<\/a><a target=\"_blank\" rel=\"nofollow noopener noreferrer\" class=\"button is-rounded is-outlined is-fullwidth is-size-7-mobile is-size-4 is-danger mb-2\" href=\"https:\/\/maps.apple.com\/?q=38.91971,-6.3521657\"><i class=\"fab fa-apple mr-2\"><\/i>Apple Maps<\/a><a target=\"_blank\" rel=\"nofollow noopener noreferrer\" class=\"button is-rounded is-outlined is-fullwidth is-size-7-mobile is-size-4 is-danger mb-2\" href=\"https:\/\/www.google.com\/maps\/search\/?api=1&#038;query=Parking%20Jos%C3%A9%20Fern%C3%A1ndez%20telpark%20by%20Empark&#038;query_place_id=ChIJDZwoPMImFA0RongHmlF7iUk\"><i class=\"fas fa-map-marker-alt mr-2\"><\/i>Google Maps<\/a>\r\n\r\n\r\n<\/div>\r\n<\/div>\r\n\r\n<div class='code-block code-block-2' style='margin: 8px 0; clear: both;'>\n<script async src=\"https:\/\/pagead2.googlesyndication.com\/pagead\/js\/adsbygoogle.js?client=ca-pub-3045090583979067\"\n     crossorigin=\"anonymous\"><\/script>\n<!-- Display Parking -->\n<ins class=\"adsbygoogle\"\n     style=\"display:block\"\n     data-ad-client=\"ca-pub-3045090583979067\"\n     data-ad-slot=\"3512595945\"\n     data-ad-format=\"auto\"\n     data-full-width-responsive=\"true\"><\/ins>\n<script>\n     (adsbygoogle = window.adsbygoogle || []).push({});\n<\/script><\/div>\n\r\n\r\n\r\n<article class=\"mt-3\">\r\n\r\n<div class=\"columns is-variable is-8\">\r\n    <div class=\"column is-4\">\r\n        <hr class=\"has-background-success\">\r\n        <h2 class=\"is-size-5 has-text-weight-bold mb-2 has-text-primary\"><i class=\"fas fa-calendar-alt mr-2 has-text-primary\"><\/i>Horaires Parking Jos\u00e9 Fern\u00e1ndez<\/h2>\r\n\r\n        <table class=\"table is-fullwidth is-bordered mt-4 has-background-primary is-size-7-mobile is-size-6 has-text-white\">\n    <thead>\n        <tr>\n            <th class=\"has-text-white\">Jour<\/th>\n            <th class=\"has-text-white\">Heures d&rsquo;ouverture<\/th>\n        <\/tr>\n    <\/thead>\n    <tbody>\n        <tr>\n            <td>Lundi<\/td>\n            <td>Ouvert 24 heures sur 24<\/td>\n        <\/tr>\n        <tr>\n            <td>Mardi<\/td>\n            <td>Ouvert 24 heures sur 24<\/td>\n        <\/tr>\n        <tr>\n            <td>Mercredi<\/td>\n            <td>Ouvert 24 heures sur 24<\/td>\n        <\/tr>\n        <tr>\n            <td>Jeudi<\/td>\n            <td>Ouvert 24 heures sur 24<\/td>\n        <\/tr>\n        <tr>\n            <td>Vendredi<\/td>\n            <td>Ouvert 24 heures sur 24<\/td>\n        <\/tr>\n        <tr>\n            <td>Samedi<\/td>\n            <td>Ouvert 24 heures sur 24<\/td>\n        <\/tr>\n        <tr>\n            <td>Dimanche<\/td>\n            <td>Ouvert 24 heures sur 24<\/td>\n        <\/tr>\n    <\/tbody>\n<\/table>\r\n        <hr class=\"has-background-success\">\r\n        <h2 class=\"is-size-5 has-text-weight-bold mb-2 has-text-primary\"><i class=\"fas fa-map-marker-alt mr-2 has-text-primary\"><\/i>Carte<\/h2>\r\n        <div class='code-block code-block-50' style='margin: 8px 0; clear: both;'>\n<div class=\"leaflet-map WPLeafletMap\" style=\"height:250px; width:100%;\"><\/div><script>\nwindow.WPLeafletMapPlugin = window.WPLeafletMapPlugin || [];\nwindow.WPLeafletMapPlugin.push(function WPLeafletMapShortcode() {\/*<script>*\/\nvar baseUrl = atob('aHR0cHM6Ly97c30udGlsZS5vcGVuc3RyZWV0bWFwLm9yZy97en0ve3h9L3t5fS5wbmc=');\nvar base = (!baseUrl && window.MQ) ?\n    window.MQ.mapLayer() : L.tileLayer(baseUrl,\n        L.Util.extend({}, {\n            detectRetina: 0,\n        },\n        {\"subdomains\":\"abc\",\"noWrap\":false,\"maxZoom\":19}        )\n    );\n    var options = L.Util.extend({}, {\n        layers: [base],\n        attributionControl: false\n    },\n    {\"zoomControl\":false,\"scrollWheelZoom\":false,\"doubleClickZoom\":false,\"fitBounds\":false,\"minZoom\":0,\"maxZoom\":19,\"maxBounds\":null,\"attribution\":\"<a href=\\\"http:\\\/\\\/leafletjs.com\\\" title=\\\"Une biblioth\\u00e8que JS pour des cartes interactives\\\">Leaflet<\\\/a>; \\u00a9 <a href=\\\"http:\\\/\\\/www.openstreetmap.org\\\/copyright\\\">OpenStreetMap<\\\/a> contributeurs\\\/contributrices\"},\n    {});\nwindow.WPLeafletMapPlugin.createMap(options).setView([38.91971,-6.3521657],15);});<\/script><script>\nwindow.WPLeafletMapPlugin = window.WPLeafletMapPlugin || [];\nwindow.WPLeafletMapPlugin.push(function WPLeafletMarkerShortcode() {\/*<script>*\/\nvar map = window.WPLeafletMapPlugin.getCurrentMap();\nvar group = window.WPLeafletMapPlugin.getCurrentGroup();\nvar marker_options = window.WPLeafletMapPlugin.getIconOptions({});\nvar marker = L.marker(\n    [38.91971,-6.3521657],\n    marker_options\n);\nvar is_image = map.is_image_map;\nif (marker_options.draggable) {\n    marker.on('dragend', function () {\n        var latlng = this.getLatLng();\n        var lat = latlng.lat;\n        var lng = latlng.lng;\n        if (is_image) {\n            console.log('leaflet-marker y=' + lat + ' x=' + lng);\n        } else {\n            console.log('leaflet-marker lat=' + lat + ' lng=' + lng);\n        }\n    });\n}\nmarker.addTo( group );\nwindow.WPLeafletMapPlugin.markers.push( marker );\n        });<\/script><\/div>\n\r\n\r\n\r\n    <\/div>\r\n    <div class=\"column is-8\">\r\n        <p class=\"is-size-5 has-text-weight-bold mb-2 has-text-primary\"><i\r\n                class=\"fas fa-info-circle mr-2 has-text-primary\"><\/i>\u00c0 propos de Parking Jos\u00e9 Fern\u00e1ndez<\/p>\r\n\r\n        <div class=\"content is-size-7-mobile is-size-6 mt-3 has-text-primary\">\r\n            <p>Si vous recherchez un <b>parking abordable \u00e0 M\u00e9rida<\/b>, <b>Parking Jos\u00e9 Fern\u00e1ndez<\/b> se pr\u00e9sente comme l&rsquo;une des meilleures alternatives. Situ\u00e9 au <b>Avenida Jos\u00e9 Fern\u00e1ndez L\u00f3pez, S\/N<\/b>, ce parking allie commodit\u00e9 et accessibilit\u00e9, \u00e9tant facile \u00e0 localiser et tr\u00e8s pratique pour ceux qui souhaitent explorer la ville sans se soucier de leur v\u00e9hicule. La structure \u00e0 plusieurs niveaux permet un large espace entre les places, facilitant la man\u0153uvre et garantissant une exp\u00e9rience agr\u00e9able au moment du stationnement.<\/p>\n\n<p>D&rsquo;apr\u00e8s les avis de ses clients satisfaits, <b>Parking Jos\u00e9 Fern\u00e1ndez<\/b> est reconnu pour sa s\u00e9curit\u00e9 et son service client\u00e8le. Les commentaires soulignent qu&rsquo;il s&rsquo;agit d&rsquo;un endroit <b>tr\u00e8s accessible<\/b> et confortable, ce qui en fait un site id\u00e9al pour ceux qui visitent les attractions \u00e0 proximit\u00e9. Un client a exprim\u00e9 sa gratitude pour <b>l&rsquo;assistance amicale<\/b> du personnel, mentionnant que le service est efficace, ce qui est toujours appr\u00e9ci\u00e9 dans un parking. De plus, la mise en \u0153uvre du syst\u00e8me de paiement via l&rsquo;application <b>Telpark<\/b> garantit une exp\u00e9rience fluide, rendant le processus d&rsquo;entr\u00e9e et de sortie simple et rapide.<\/p>\n\n<p>La localisation de <b>Parking Jos\u00e9 Fern\u00e1ndez<\/b> est un point fort, car il se trouve \u00e0 <b>proximit\u00e9 du pont Lusitania<\/b> et pr\u00e8s de diverses options gastronomiques et culturelles. Avec un acc\u00e8s depuis diff\u00e9rentes entr\u00e9es, il est facile de se garer et de commencer \u00e0 profiter de tout ce que M\u00e9rida a \u00e0 offrir. Ce parking est con\u00e7u pour faciliter l&rsquo;acc\u00e8s, ce qui est particuli\u00e8rement utile dans une ville qui accueille tant de visiteurs.<\/p>\n\n<p>En ce qui concerne les mesures de s\u00e9curit\u00e9, les utilisateurs peuvent \u00eatre rassur\u00e9s, car le parking dispose d&rsquo;une surveillance 24 heures sur 24 et de cam\u00e9ras de s\u00e9curit\u00e9. Les places couvertes offrent une protection suppl\u00e9mentaire, vous permettant de laisser votre v\u00e9hicule sans souci, m\u00eame les jours de fort soleil ou de pluie. La largeur des entr\u00e9es facilite l&rsquo;acc\u00e8s et rend le processus de stationnement encore plus fluide.<\/p>\n\n<p>\u00c9tant donn\u00e9 la forte demande que conna\u00eet la zone, en particulier durant les weekends et les jours f\u00e9ri\u00e9s, il est recommand\u00e9 de <b>r\u00e9server votre place \u00e0 l&rsquo;avance<\/b> pour \u00e9viter tout inconv\u00e9nient. Planifiez votre stationnement \u00e0 l&rsquo;avance via <b>ParkingLowCost.es<\/b> et assurez votre tranquillit\u00e9 lors de votre visite \u00e0 M\u00e9rida. Se garer n&rsquo;a jamais \u00e9t\u00e9 aussi facile ! Pour plus d&rsquo;informations ou pour des r\u00e9servations, vous pouvez contacter directement <b>Parking Jos\u00e9 Fern\u00e1ndez<\/b>. Ne manquez pas l&rsquo;occasion de profiter de cette excellente option de stationnement \u00e0 M\u00e9rida !<\/p>\r\n        <\/div>\r\n    <\/div>\r\n\r\n<\/div>\r\n<\/article>","protected":false},"excerpt":{"rendered":"<p>Parking Jos\u00e9 Fern\u00e1ndez \u00e0 M\u00e9rida : s\u00e9curis\u00e9, accessible et \u00e9conomique. R\u00e9servez votre place aujourd&rsquo;hui et profitez de la ville sans stress.<\/p>\n","protected":false},"author":1,"featured_media":11352,"comment_status":"closed","ping_status":"closed","sticky":false,"template":"","format":"standard","meta":{"footnotes":""},"categories":[],"tags":[417],"class_list":["post-17029","post","type-post","status-publish","format-standard","has-post-thumbnail","hentry","tag-parking-economique-merida"],"_links":{"self":[{"href":"https:\/\/parkinglowcost.es\/fr\/wp-json\/wp\/v2\/posts\/17029","targetHints":{"allow":["GET"]}}],"collection":[{"href":"https:\/\/parkinglowcost.es\/fr\/wp-json\/wp\/v2\/posts"}],"about":[{"href":"https:\/\/parkinglowcost.es\/fr\/wp-json\/wp\/v2\/types\/post"}],"author":[{"embeddable":true,"href":"https:\/\/parkinglowcost.es\/fr\/wp-json\/wp\/v2\/users\/1"}],"replies":[{"embeddable":true,"href":"https:\/\/parkinglowcost.es\/fr\/wp-json\/wp\/v2\/comments?post=17029"}],"version-history":[{"count":0,"href":"https:\/\/parkinglowcost.es\/fr\/wp-json\/wp\/v2\/posts\/17029\/revisions"}],"wp:featuredmedia":[{"embeddable":true,"href":"https:\/\/parkinglowcost.es\/fr\/wp-json\/wp\/v2\/media\/11352"}],"wp:attachment":[{"href":"https:\/\/parkinglowcost.es\/fr\/wp-json\/wp\/v2\/media?parent=17029"}],"wp:term":[{"taxonomy":"category","embeddable":true,"href":"https:\/\/parkinglowcost.es\/fr\/wp-json\/wp\/v2\/categories?post=17029"},{"taxonomy":"post_tag","embeddable":true,"href":"https:\/\/parkinglowcost.es\/fr\/wp-json\/wp\/v2\/tags?post=17029"}],"curies":[{"name":"wp","href":"https:\/\/api.w.org\/{rel}","templated":true}]}}