{"id":16979,"date":"2025-03-11T09:54:19","date_gmt":"2025-03-11T09:54:19","guid":{"rendered":"https:\/\/parkinglowcost.es\/parking-hernan-cortes-merida\/"},"modified":"2025-03-11T15:32:04","modified_gmt":"2025-03-11T15:32:04","slug":"parking-hernan-cortes-merida","status":"publish","type":"post","link":"https:\/\/parkinglowcost.es\/fr\/parking-hernan-cortes-merida\/","title":{"rendered":"Parking Hern\u00e1n Cort\u00e9s | Parking \u00e9conomique \u00e0 M\u00e9rida"},"content":{"rendered":"<div class=\"columns is-mobile is-variable is-3\">\r\n<div class=\"column is-5\">\r\n    <!-- IMG PROFILE -->\r\n        <img decoding=\"async\" src=\"https:\/\/parkinglowcost.es\/wp-content\/uploads\/AB5caB-G7G9GWHZVh5Zl_SjnSJMXKC8LMoDK_tkgN2Nr2fL7K3W5Cbj9dDxsS_IUPzysqg5hqeNw_Rmid7RQZp9-tsQ7CzhHqvRYZpQ1tLSyNtKUtoXAn77R4pUSzTjdEE5WHdYZn_115Qw408-h306-k-no.jpg\" alt='Parking Hern\u00e1n Cort\u00e9s | Parking \u00e9conomique \u00e0 M\u00e9rida' title=\"Parking \u00e9conomique \u00e0 M\u00e9rida\" class=\"profile-image\">\r\n        <div class=\"profile-image-overflow has-background-primary px-4 py-4\">\r\n    <!-- IMG PROFILE -->\r\n    <!-- GOOGLE -->\r\n        <div class=\"profile-triangle\"><\/div>\r\n                <div class=\"has-background-primary\" style=\"border-radius:10px\">\r\n                    <p class=\"is-size-4-mobile is-size-4 has-text-weight-bold has-text-white ml-3 mb-0\"><i class=\"fas fa-search-location\"><\/i><\/p>\r\n                    <p class=\"is-size-7-mobile is-size-4 has-text-weight-bold has-text-white has-text-centered\">Entreprise not\u00e9e 3.9 sur Google<\/p>\r\n                    <p class=\"is-size-8 has-text-weight-bold mt-2 has-text-centered has-text-white\">Bas\u00e9 sur 119 avis<\/p>\r\n                <\/div>\r\n        <!-- GOOGLE -->\r\n    <\/div>\r\n   \r\n<\/div>\r\n\r\n\r\n<div class=\"column has-text-black\">\r\n    <h1\r\n        class=\"has-text-weight-bold is-size-5-mobile is-size-1 mb-3 has-text-primary\">Parking Hern\u00e1n Cort\u00e9s<\/h1>\r\n    <p class=\"is-size-7-mobile is-size-5 has-text-weight-bold has-text-primary\">Parking Hern\u00e1n Cort\u00e9s \u00e0 M\u00e9rida : s\u00e9curis\u00e9, central et \u00e9conomique. R\u00e9servez votre place maintenant et profitez de la ville sans stress.<\/p>\r\n    <a target=\"_blank\" rel=\"sponsored noopener\" class=\"button is-rounded is-fullwidth mt-3 is-size-7-mobile is-size-4 is-warning has-text-weight-bold\" href=\"https:\/\/www.awin1.com\/cread.php?awinmid=25234&#038;awinaffid=789919\">R\u00e9server un parking<\/a>\r\n\r\n    <hr class=\"mt-4 mb-3 has-background-primary\">\r\n\r\n     <!-- BUSINESS INFO  -->\r\n    <div class=\"columns\">\r\n        <div class=\"column\">\r\n            <h3 class=\"is-size-7-mobile is-size-6 has-text-weight-bold mb-2 has-text-primary\"><i class=\"fas fa-map-marker-alt mr-2 has-text-primary\"><\/i>Adresse<\/h3>\r\n            <p class=\"is-size-7-mobile is-size-5\">Calle Cabo Verde, 2 | M\u00e9rida<\/p>\r\n        <\/div>\r\n        <div class=\"column is-4 column-mobile\">\r\n            <!-- SOCIAL MEDIA -->\r\n            <h3 class=\"is-size-7-mobile is-size-6 has-text-weight-bold mb-2 has-text-primary\"><i class=\"fas fa-share-square mr-3\"><\/i>Contact<\/h3>\r\n            <div class=\"buttons\">\r\n                \r\n            <\/div>\r\n            <!-- SOCIAL MEDIA -->\r\n        <\/div>\r\n    <\/div>\r\n    <!-- BUSINESS INFO  -->\r\n\r\n    <hr class=\"mt-0 mb-3 has-background-primary\">\r\n    <h2 class=\"is-size-7-mobile is-size-6 has-text-weight-bold mb-2 has-text-primary\"><i class=\"fas fa-address-book mr-2 has-text-primary mb-3\"><\/i>Comment y arriver<\/h2>\r\n   \r\n    <a target=\"_blank\" rel=\"nofollow noopener noreferrer\" class=\"button is-rounded is-outlined is-fullwidth is-size-7-mobile is-size-4 is-danger mb-2\" href=\"https:\/\/www.waze.com\/ul?ll=38.9191383,-6.3362692&#038;navigate=yes\"><i class=\"fab fa-waze mr-2\"><\/i> Waze<\/a><a target=\"_blank\" rel=\"nofollow noopener noreferrer\" class=\"button is-rounded is-outlined is-fullwidth is-size-7-mobile is-size-4 is-danger mb-2\" href=\"https:\/\/maps.apple.com\/?q=38.9191383,-6.3362692\"><i class=\"fab fa-apple mr-2\"><\/i>Apple Maps<\/a><a target=\"_blank\" rel=\"nofollow noopener noreferrer\" class=\"button is-rounded is-outlined is-fullwidth is-size-7-mobile is-size-4 is-danger mb-2\" href=\"https:\/\/www.google.com\/maps\/search\/?api=1&#038;query=Parking%20Hern%C3%A1n%20Cort%C3%A9s&#038;query_place_id=ChIJvcE3mb0mFA0RtLH8B7ggJDk\"><i class=\"fas fa-map-marker-alt mr-2\"><\/i>Google Maps<\/a>\r\n\r\n\r\n<\/div>\r\n<\/div>\r\n\r\n<div class='code-block code-block-2' style='margin: 8px 0; clear: both;'>\n<script async src=\"https:\/\/pagead2.googlesyndication.com\/pagead\/js\/adsbygoogle.js?client=ca-pub-3045090583979067\"\n     crossorigin=\"anonymous\"><\/script>\n<!-- Display Parking -->\n<ins class=\"adsbygoogle\"\n     style=\"display:block\"\n     data-ad-client=\"ca-pub-3045090583979067\"\n     data-ad-slot=\"3512595945\"\n     data-ad-format=\"auto\"\n     data-full-width-responsive=\"true\"><\/ins>\n<script>\n     (adsbygoogle = window.adsbygoogle || []).push({});\n<\/script><\/div>\n\r\n\r\n\r\n<article class=\"mt-3\">\r\n\r\n<div class=\"columns is-variable is-8\">\r\n    <div class=\"column is-4\">\r\n        <hr class=\"has-background-success\">\r\n        <h2 class=\"is-size-5 has-text-weight-bold mb-2 has-text-primary\"><i class=\"fas fa-calendar-alt mr-2 has-text-primary\"><\/i>Horaires Parking Hern\u00e1n Cort\u00e9s<\/h2>\r\n\r\n        <table class=\"table is-fullwidth is-bordered mt-4 has-background-primary is-size-7-mobile is-size-6 has-text-white\">\n    <thead>\n        <tr>\n            <th class=\"has-text-white\">Jour<\/th>\n            <th class=\"has-text-white\">Heures d&rsquo;ouverture<\/th>\n        <\/tr>\n    <\/thead>\n    <tbody>\n        <tr>\n            <td>Lundi<\/td>\n            <td>Ouvert 24 heures sur 24<\/td>\n        <\/tr>\n        <tr>\n            <td>Mardi<\/td>\n            <td>Ouvert 24 heures sur 24<\/td>\n        <\/tr>\n        <tr>\n            <td>Mercredi<\/td>\n            <td>Ouvert 24 heures sur 24<\/td>\n        <\/tr>\n        <tr>\n            <td>Jeudi<\/td>\n            <td>Ouvert 24 heures sur 24<\/td>\n        <\/tr>\n        <tr>\n            <td>Vendredi<\/td>\n            <td>Ouvert 24 heures sur 24<\/td>\n        <\/tr>\n        <tr>\n            <td>Samedi<\/td>\n            <td>Ouvert 24 heures sur 24<\/td>\n        <\/tr>\n        <tr>\n            <td>Dimanche<\/td>\n            <td>Ouvert 24 heures sur 24<\/td>\n        <\/tr>\n    <\/tbody>\n<\/table>\r\n        <hr class=\"has-background-success\">\r\n        <h2 class=\"is-size-5 has-text-weight-bold mb-2 has-text-primary\"><i class=\"fas fa-map-marker-alt mr-2 has-text-primary\"><\/i>Carte<\/h2>\r\n        <div class='code-block code-block-50' style='margin: 8px 0; clear: both;'>\n<div class=\"leaflet-map WPLeafletMap\" style=\"height:250px; width:100%;\"><\/div><script>\nwindow.WPLeafletMapPlugin = window.WPLeafletMapPlugin || [];\nwindow.WPLeafletMapPlugin.push(function WPLeafletMapShortcode() {\/*<script>*\/\nvar baseUrl = atob('aHR0cHM6Ly97c30udGlsZS5vcGVuc3RyZWV0bWFwLm9yZy97en0ve3h9L3t5fS5wbmc=');\nvar base = (!baseUrl && window.MQ) ?\n    window.MQ.mapLayer() : L.tileLayer(baseUrl,\n        L.Util.extend({}, {\n            detectRetina: 0,\n        },\n        {\"subdomains\":\"abc\",\"noWrap\":false,\"maxZoom\":19}        )\n    );\n    var options = L.Util.extend({}, {\n        layers: [base],\n        attributionControl: false\n    },\n    {\"zoomControl\":false,\"scrollWheelZoom\":false,\"doubleClickZoom\":false,\"fitBounds\":false,\"minZoom\":0,\"maxZoom\":19,\"maxBounds\":null,\"attribution\":\"<a href=\\\"http:\\\/\\\/leafletjs.com\\\" title=\\\"Une biblioth\\u00e8que JS pour des cartes interactives\\\">Leaflet<\\\/a>; \\u00a9 <a href=\\\"http:\\\/\\\/www.openstreetmap.org\\\/copyright\\\">OpenStreetMap<\\\/a> contributeurs\\\/contributrices\"},\n    {});\nwindow.WPLeafletMapPlugin.createMap(options).setView([38.9191383,-6.3362692],15);});<\/script><script>\nwindow.WPLeafletMapPlugin = window.WPLeafletMapPlugin || [];\nwindow.WPLeafletMapPlugin.push(function WPLeafletMarkerShortcode() {\/*<script>*\/\nvar map = window.WPLeafletMapPlugin.getCurrentMap();\nvar group = window.WPLeafletMapPlugin.getCurrentGroup();\nvar marker_options = window.WPLeafletMapPlugin.getIconOptions({});\nvar marker = L.marker(\n    [38.9191383,-6.3362692],\n    marker_options\n);\nvar is_image = map.is_image_map;\nif (marker_options.draggable) {\n    marker.on('dragend', function () {\n        var latlng = this.getLatLng();\n        var lat = latlng.lat;\n        var lng = latlng.lng;\n        if (is_image) {\n            console.log('leaflet-marker y=' + lat + ' x=' + lng);\n        } else {\n            console.log('leaflet-marker lat=' + lat + ' lng=' + lng);\n        }\n    });\n}\nmarker.addTo( group );\nwindow.WPLeafletMapPlugin.markers.push( marker );\n        });<\/script><\/div>\n\r\n\r\n\r\n    <\/div>\r\n    <div class=\"column is-8\">\r\n        <p class=\"is-size-5 has-text-weight-bold mb-2 has-text-primary\"><i\r\n                class=\"fas fa-info-circle mr-2 has-text-primary\"><\/i>\u00c0 propos de Parking Hern\u00e1n Cort\u00e9s<\/p>\r\n\r\n        <div class=\"content is-size-7-mobile is-size-6 mt-3 has-text-primary\">\r\n            <p>Au c\u0153ur de <b>M\u00e9rida<\/b>, se trouve <b>Parking Hern\u00e1n Cort\u00e9s<\/b>, un parking qui se pr\u00e9sente comme l&rsquo;une des meilleures options si vous recherchez un endroit \u00e9conomique pour garer votre v\u00e9hicule. Sa localisation strat\u00e9gique et son excellent rapport qualit\u00e9-prix en font une r\u00e9f\u00e9rence pour ceux qui souhaitent profiter de la ville sans se soucier du stationnement.<\/p>\n\n<p>Comme le soulignent souvent ses clients, <b>Parking Hern\u00e1n Cort\u00e9s<\/b> est un lieu o\u00f9 la satisfaction est \u00e9vidente. Les avis mettent en avant l&rsquo;attention \u00e0 la client\u00e8le et la s\u00e9curit\u00e9 qu&rsquo;il offre, ce qui est un atout important pour tout voyageur. Bien qu&rsquo;il y ait quelques avis mitig\u00e9s sur la capacit\u00e9 du parking aux heures de pointe, la majorit\u00e9 s&rsquo;accorde \u00e0 dire que l&#8217;emplacement est imbattable, se positionnant comme un endroit <b>central et \u00e0 bon prix<\/b> pour se garer pr\u00e8s des attractions les plus embl\u00e9matiques de M\u00e9rida.<\/p>\n\n<p>Le <b>Parking Hern\u00e1n Cort\u00e9s<\/b> est situ\u00e9 \u00e0 <b>Calle Cabo Verde, 2<\/b>, tout pr\u00e8s des principaux points d&rsquo;int\u00e9r\u00eat de la ville. Son acc\u00e8s est facile et confortable, avec de larges entr\u00e9es qui facilitent l&rsquo;acc\u00e8s \u00e0 tous types de v\u00e9hicules. Ce parking dispose d&rsquo;horaires flexibles, ce qui vous permet de laisser votre v\u00e9hicule sans souci, sans compter que les places sont couvertes, ce qui est id\u00e9al pour prot\u00e9ger votre voiture des intemp\u00e9ries.<\/p>\n\n<p>La s\u00e9curit\u00e9 est l&rsquo;une des caract\u00e9ristiques les plus importantes de <b>Parking Hern\u00e1n Cort\u00e9s<\/b>. Avec une surveillance <b>24 heures<\/b> sur <b>24<\/b> et des cam\u00e9ras de s\u00e9curit\u00e9, les visiteurs peuvent \u00eatre tranquilles en sachant que leur v\u00e9hicule se trouve dans un endroit s\u00fbr. De plus, le syst\u00e8me de gestion automatis\u00e9e du parking contribue \u00e0 une exp\u00e9rience plus fluide et efficace. Cerise sur le g\u00e2teau, ils proposent \u00e9galement des installations adapt\u00e9es pour les personnes \u00e0 <b>mobilit\u00e9 r\u00e9duite<\/b>, ce qui le rend inclusif pour tous.<\/p>\n\n<p>Il est important de noter qu&rsquo;en haute saison, la demande de places est g\u00e9n\u00e9ralement consid\u00e9rable. C&rsquo;est pourquoi il est conseill\u00e9 de <b>r\u00e9server votre place<\/b> \u00e0 l&rsquo;avance pour \u00e9viter les impr\u00e9vus. Planifiez votre stationnement \u00e0 l&rsquo;avance via <b>ParkingLowCost.es<\/b> ou contactez directement <b>Parking Hern\u00e1n Cort\u00e9s<\/b> pour garantir une exp\u00e9rience sans complications. Garer \u00e0 M\u00e9rida n&rsquo;a jamais \u00e9t\u00e9 aussi simple !<\/p>\r\n        <\/div>\r\n    <\/div>\r\n\r\n<\/div>\r\n<\/article>","protected":false},"excerpt":{"rendered":"<p>Parking Hern\u00e1n Cort\u00e9s \u00e0 M\u00e9rida : s\u00e9curis\u00e9, central et \u00e9conomique. R\u00e9servez votre place maintenant et profitez de la ville sans stress.<\/p>\n","protected":false},"author":1,"featured_media":11149,"comment_status":"closed","ping_status":"closed","sticky":false,"template":"","format":"standard","meta":{"footnotes":""},"categories":[],"tags":[417],"class_list":["post-16979","post","type-post","status-publish","format-standard","has-post-thumbnail","hentry","tag-parking-economique-merida"],"_links":{"self":[{"href":"https:\/\/parkinglowcost.es\/fr\/wp-json\/wp\/v2\/posts\/16979","targetHints":{"allow":["GET"]}}],"collection":[{"href":"https:\/\/parkinglowcost.es\/fr\/wp-json\/wp\/v2\/posts"}],"about":[{"href":"https:\/\/parkinglowcost.es\/fr\/wp-json\/wp\/v2\/types\/post"}],"author":[{"embeddable":true,"href":"https:\/\/parkinglowcost.es\/fr\/wp-json\/wp\/v2\/users\/1"}],"replies":[{"embeddable":true,"href":"https:\/\/parkinglowcost.es\/fr\/wp-json\/wp\/v2\/comments?post=16979"}],"version-history":[{"count":0,"href":"https:\/\/parkinglowcost.es\/fr\/wp-json\/wp\/v2\/posts\/16979\/revisions"}],"wp:featuredmedia":[{"embeddable":true,"href":"https:\/\/parkinglowcost.es\/fr\/wp-json\/wp\/v2\/media\/11149"}],"wp:attachment":[{"href":"https:\/\/parkinglowcost.es\/fr\/wp-json\/wp\/v2\/media?parent=16979"}],"wp:term":[{"taxonomy":"category","embeddable":true,"href":"https:\/\/parkinglowcost.es\/fr\/wp-json\/wp\/v2\/categories?post=16979"},{"taxonomy":"post_tag","embeddable":true,"href":"https:\/\/parkinglowcost.es\/fr\/wp-json\/wp\/v2\/tags?post=16979"}],"curies":[{"name":"wp","href":"https:\/\/api.w.org\/{rel}","templated":true}]}}