{"id":16951,"date":"2025-03-11T09:53:10","date_gmt":"2025-03-11T09:53:10","guid":{"rendered":"https:\/\/parkinglowcost.es\/parking-estacion-de-tren-de-jaen-by-saba-jaen\/"},"modified":"2025-03-11T15:30:58","modified_gmt":"2025-03-11T15:30:58","slug":"parking-estacion-de-tren-de-jaen-by-saba-jaen","status":"publish","type":"post","link":"https:\/\/parkinglowcost.es\/fr\/parking-estacion-de-tren-de-jaen-by-saba-jaen\/","title":{"rendered":"Parking Estaci\u00f3n de Tren de Ja\u00e9n by Saba | Parking \u00e9conomique \u00e0 Ja\u00e9n"},"content":{"rendered":"<div class=\"columns is-mobile is-variable is-3\">\r\n<div class=\"column is-5\">\r\n    <!-- IMG PROFILE -->\r\n        <img decoding=\"async\" src=\"https:\/\/parkinglowcost.es\/wp-content\/uploads\/AF1QipMeudzHQZjyX-PuMKSexSV5mtnPP65ZTkuX1iwZw426-h240-k-no.png\" alt='Parking Estaci\u00f3n de Tren de Ja\u00e9n by Saba | Parking \u00e9conomique \u00e0 Ja\u00e9n' title=\"Parking \u00e9conomique \u00e0 Ja\u00e9n\" class=\"profile-image\">\r\n        <div class=\"profile-image-overflow has-background-primary px-4 py-4\">\r\n    <!-- IMG PROFILE -->\r\n    <!-- GOOGLE -->\r\n        <div class=\"profile-triangle\"><\/div>\r\n                <div class=\"has-background-primary\" style=\"border-radius:10px\">\r\n                    <p class=\"is-size-4-mobile is-size-4 has-text-weight-bold has-text-white ml-3 mb-0\"><i class=\"fas fa-search-location\"><\/i><\/p>\r\n                    <p class=\"is-size-7-mobile is-size-4 has-text-weight-bold has-text-white has-text-centered\">Entreprise not\u00e9e 3.6 sur Google<\/p>\r\n                    <p class=\"is-size-8 has-text-weight-bold mt-2 has-text-centered has-text-white\">Bas\u00e9 sur 16 avis<\/p>\r\n                <\/div>\r\n        <!-- GOOGLE -->\r\n    <\/div>\r\n   \r\n<\/div>\r\n\r\n\r\n<div class=\"column has-text-black\">\r\n    <h1\r\n        class=\"has-text-weight-bold is-size-5-mobile is-size-1 mb-3 has-text-primary\">Parking Estaci\u00f3n de Tren de Ja\u00e9n by Saba<\/h1>\r\n    <p class=\"is-size-7-mobile is-size-5 has-text-weight-bold has-text-primary\">Gare \u00e9conomique et s\u00e9curis\u00e9e \u00e0 Ja\u00e9n. R\u00e9servez votre place et profitez de la commodit\u00e9 pr\u00e8s de la gare.<\/p>\r\n    <a target=\"_blank\" rel=\"sponsored noopener\" class=\"button is-rounded is-fullwidth mt-3 is-size-7-mobile is-size-4 is-warning has-text-weight-bold\" href=\"https:\/\/www.awin1.com\/cread.php?awinmid=25234&#038;awinaffid=789919\">R\u00e9server un parking<\/a>\r\n\r\n    <hr class=\"mt-4 mb-3 has-background-primary\">\r\n\r\n     <!-- BUSINESS INFO  -->\r\n    <div class=\"columns\">\r\n        <div class=\"column\">\r\n            <h3 class=\"is-size-7-mobile is-size-6 has-text-weight-bold mb-2 has-text-primary\"><i class=\"fas fa-map-marker-alt mr-2 has-text-primary\"><\/i>Adresse<\/h3>\r\n            <p class=\"is-size-7-mobile is-size-5\">Plaza  Ja\u00e9n Por la Paz, 1 | Ja\u00e9n<\/p>\r\n        <\/div>\r\n        <div class=\"column is-4 column-mobile\">\r\n            <!-- SOCIAL MEDIA -->\r\n            <h3 class=\"is-size-7-mobile is-size-6 has-text-weight-bold mb-2 has-text-primary\"><i class=\"fas fa-share-square mr-3\"><\/i>Contact<\/h3>\r\n            <div class=\"buttons\">\r\n                \r\n            <\/div>\r\n            <!-- SOCIAL MEDIA -->\r\n        <\/div>\r\n    <\/div>\r\n    <!-- BUSINESS INFO  -->\r\n\r\n    <hr class=\"mt-0 mb-3 has-background-primary\">\r\n    <h2 class=\"is-size-7-mobile is-size-6 has-text-weight-bold mb-2 has-text-primary\"><i class=\"fas fa-address-book mr-2 has-text-primary mb-3\"><\/i>Comment y arriver<\/h2>\r\n   \r\n    <a target=\"_blank\" rel=\"nofollow noopener noreferrer\" class=\"button is-rounded is-outlined is-fullwidth is-size-7-mobile is-size-4 is-danger mb-2\" href=\"https:\/\/www.waze.com\/ul?ll=37.7795444,-3.7908302&#038;navigate=yes\"><i class=\"fab fa-waze mr-2\"><\/i> Waze<\/a><a target=\"_blank\" rel=\"nofollow noopener noreferrer\" class=\"button is-rounded is-outlined is-fullwidth is-size-7-mobile is-size-4 is-danger mb-2\" href=\"https:\/\/maps.apple.com\/?q=37.7795444,-3.7908302\"><i class=\"fab fa-apple mr-2\"><\/i>Apple Maps<\/a><a target=\"_blank\" rel=\"nofollow noopener noreferrer\" class=\"button is-rounded is-outlined is-fullwidth is-size-7-mobile is-size-4 is-danger mb-2\" href=\"https:\/\/www.google.com\/maps\/search\/?api=1&#038;query=Parking%20Saba%20Estaci%C3%B3n%20Tren%20Ja%C3%A9n&#038;query_place_id=ChIJ1QEEOHfXbQ0R-OPyo8ptZFU\"><i class=\"fas fa-map-marker-alt mr-2\"><\/i>Google Maps<\/a>\r\n\r\n\r\n<\/div>\r\n<\/div>\r\n\r\n<div class='code-block code-block-2' style='margin: 8px 0; clear: both;'>\n<script async src=\"https:\/\/pagead2.googlesyndication.com\/pagead\/js\/adsbygoogle.js?client=ca-pub-3045090583979067\"\n     crossorigin=\"anonymous\"><\/script>\n<!-- Display Parking -->\n<ins class=\"adsbygoogle\"\n     style=\"display:block\"\n     data-ad-client=\"ca-pub-3045090583979067\"\n     data-ad-slot=\"3512595945\"\n     data-ad-format=\"auto\"\n     data-full-width-responsive=\"true\"><\/ins>\n<script>\n     (adsbygoogle = window.adsbygoogle || []).push({});\n<\/script><\/div>\n\r\n\r\n\r\n<article class=\"mt-3\">\r\n\r\n<div class=\"columns is-variable is-8\">\r\n    <div class=\"column is-4\">\r\n        <hr class=\"has-background-success\">\r\n        <h2 class=\"is-size-5 has-text-weight-bold mb-2 has-text-primary\"><i class=\"fas fa-calendar-alt mr-2 has-text-primary\"><\/i>Horaires Parking Estaci\u00f3n de Tren de Ja\u00e9n by Saba<\/h2>\r\n\r\n        <table class=\"table is-fullwidth is-bordered mt-4 has-background-primary is-size-7-mobile is-size-6 has-text-white\">\n    <thead>\n        <tr>\n            <th class=\"has-text-white\">Jour<\/th>\n            <th class=\"has-text-white\">Heures d&rsquo;ouverture<\/th>\n        <\/tr>\n    <\/thead>\n    <tbody>\n        <tr>\n            <td>Lundi<\/td>\n            <td>Ouvert 24 heures sur 24<\/td>\n        <\/tr>\n        <tr>\n            <td>Mardi<\/td>\n            <td>Ouvert 24 heures sur 24<\/td>\n        <\/tr>\n        <tr>\n            <td>Mercredi<\/td>\n            <td>Ouvert 24 heures sur 24<\/td>\n        <\/tr>\n        <tr>\n            <td>Jeudi<\/td>\n            <td>Ouvert 24 heures sur 24<\/td>\n        <\/tr>\n        <tr>\n            <td>Vendredi<\/td>\n            <td>Ouvert 24 heures sur 24<\/td>\n        <\/tr>\n        <tr>\n            <td>Samedi<\/td>\n            <td>Ouvert 24 heures sur 24<\/td>\n        <\/tr>\n        <tr>\n            <td>Dimanche<\/td>\n            <td>Ouvert 24 heures sur 24<\/td>\n        <\/tr>\n    <\/tbody>\n<\/table>\r\n        <hr class=\"has-background-success\">\r\n        <h2 class=\"is-size-5 has-text-weight-bold mb-2 has-text-primary\"><i class=\"fas fa-map-marker-alt mr-2 has-text-primary\"><\/i>Carte<\/h2>\r\n        <div class='code-block code-block-50' style='margin: 8px 0; clear: both;'>\n<div class=\"leaflet-map WPLeafletMap\" style=\"height:250px; width:100%;\"><\/div><script>\nwindow.WPLeafletMapPlugin = window.WPLeafletMapPlugin || [];\nwindow.WPLeafletMapPlugin.push(function WPLeafletMapShortcode() {\/*<script>*\/\nvar baseUrl = atob('aHR0cHM6Ly97c30udGlsZS5vcGVuc3RyZWV0bWFwLm9yZy97en0ve3h9L3t5fS5wbmc=');\nvar base = (!baseUrl && window.MQ) ?\n    window.MQ.mapLayer() : L.tileLayer(baseUrl,\n        L.Util.extend({}, {\n            detectRetina: 0,\n        },\n        {\"subdomains\":\"abc\",\"noWrap\":false,\"maxZoom\":19}        )\n    );\n    var options = L.Util.extend({}, {\n        layers: [base],\n        attributionControl: false\n    },\n    {\"zoomControl\":false,\"scrollWheelZoom\":false,\"doubleClickZoom\":false,\"fitBounds\":false,\"minZoom\":0,\"maxZoom\":19,\"maxBounds\":null,\"attribution\":\"<a href=\\\"http:\\\/\\\/leafletjs.com\\\" title=\\\"Une biblioth\\u00e8que JS pour des cartes interactives\\\">Leaflet<\\\/a>; \\u00a9 <a href=\\\"http:\\\/\\\/www.openstreetmap.org\\\/copyright\\\">OpenStreetMap<\\\/a> contributeurs\\\/contributrices\"},\n    {});\nwindow.WPLeafletMapPlugin.createMap(options).setView([37.7795444,-3.7908302],15);});<\/script><script>\nwindow.WPLeafletMapPlugin = window.WPLeafletMapPlugin || [];\nwindow.WPLeafletMapPlugin.push(function WPLeafletMarkerShortcode() {\/*<script>*\/\nvar map = window.WPLeafletMapPlugin.getCurrentMap();\nvar group = window.WPLeafletMapPlugin.getCurrentGroup();\nvar marker_options = window.WPLeafletMapPlugin.getIconOptions({});\nvar marker = L.marker(\n    [37.7795444,-3.7908302],\n    marker_options\n);\nvar is_image = map.is_image_map;\nif (marker_options.draggable) {\n    marker.on('dragend', function () {\n        var latlng = this.getLatLng();\n        var lat = latlng.lat;\n        var lng = latlng.lng;\n        if (is_image) {\n            console.log('leaflet-marker y=' + lat + ' x=' + lng);\n        } else {\n            console.log('leaflet-marker lat=' + lat + ' lng=' + lng);\n        }\n    });\n}\nmarker.addTo( group );\nwindow.WPLeafletMapPlugin.markers.push( marker );\n        });<\/script><\/div>\n\r\n\r\n\r\n    <\/div>\r\n    <div class=\"column is-8\">\r\n        <p class=\"is-size-5 has-text-weight-bold mb-2 has-text-primary\"><i\r\n                class=\"fas fa-info-circle mr-2 has-text-primary\"><\/i>\u00c0 propos de Parking Estaci\u00f3n de Tren de Ja\u00e9n by Saba<\/p>\r\n\r\n        <div class=\"content is-size-7-mobile is-size-6 mt-3 has-text-primary\">\r\n            <p>Le Parking Gare de Train de Ja\u00e9n par Saba se pr\u00e9sente comme une option id\u00e9ale pour ceux qui cherchent \u00e0 <b>se garer \u00e0 moindres frais \u00e0 Ja\u00e9n<\/b>. Que vous ayez besoin de d\u00e9poser ou de r\u00e9cup\u00e9rer quelqu&rsquo;un \u00e0 la gare, ce parking vous offre une solution confortable et abordable, se distinguant par sa <b>localisation strat\u00e9gique juste \u00e0 c\u00f4t\u00e9 de la gare<\/b>.<\/p>\n\n<p>Comme l&rsquo;entendent souvent les clients, beaucoup ont \u00e9valu\u00e9 positivement la <b>facilit\u00e9 d&rsquo;acc\u00e8s<\/b> et la <b>grandeur de ses espaces<\/b>. En effet, les 15 premi\u00e8res minutes sont gratuites, ce qui est parfait pour ces d\u00e9placements rapides \u00e0 la gare. La s\u00e9curit\u00e9 est \u00e9galement un aspect que les utilisateurs ont remarqu\u00e9, exprimant que c&rsquo;est un bon endroit pour laisser la voiture, en plus de son espace en plein air et de sa localisation.<\/p>\n\n<p>Situ\u00e9 \u00e0 <b>Plaza Ja\u00e9n Por la Paz, 1<\/b>, ce parking se trouve dans une zone tr\u00e8s connue de Ja\u00e9n, facilitant l&rsquo;acc\u00e8s \u00e0 divers points d&rsquo;int\u00e9r\u00eat. Ce n&rsquo;est pas seulement un endroit pour laisser le v\u00e9hicule, mais il offre \u00e9galement des <b>places couvertes<\/b> et un syst\u00e8me de s\u00e9curit\u00e9 24 heures sur 24, apportant tranquillit\u00e9 \u00e0 ses utilisateurs. De plus, sa gestion automatis\u00e9e fait que le stationnement est un processus rapide et efficace, id\u00e9al pour ceux qui ont un emploi du temps charg\u00e9.<\/p>\n\n<p>Un des avantages les plus soulign\u00e9s par les utilisateurs est la <b>surveillance constante<\/b>, avec des cam\u00e9ras qui surveillent l&rsquo;espace afin que vous puissiez toujours \u00eatre tranquille. Les entr\u00e9es larges permettent un acc\u00e8s rapide et sans complications, ce qui n&rsquo;est pas le cas de tous les parkings de la ville. Le Parking Gare de Train de Ja\u00e9n par Saba a su se diff\u00e9rencier de la concurrence avec son <b>offre adapt\u00e9e aux besoins du voyageur moderne<\/b>.<\/p>\n\n<p>Avec la demande croissante dans la r\u00e9gion, il est essentiel de garder \u00e0 l&rsquo;esprit que ce parking peut se remplir rapidement, donc <b>r\u00e9server votre place \u00e0 l&rsquo;avance<\/b> est une mesure tr\u00e8s recommand\u00e9e. Planifiez votre stationnement avant de visiter ce magnifique coin d&rsquo;Andalousie, garantissant ainsi que votre v\u00e9hicule soit en s\u00e9curit\u00e9. Vous pouvez facilement faire votre r\u00e9servation via <b>ParkingLowCost.es<\/b>, ou si vous pr\u00e9f\u00e9rez, contactez directement le <b>Parking Gare de Train de Ja\u00e9n par Saba<\/b>. Se garer \u00e0 Ja\u00e9n n&rsquo;a jamais \u00e9t\u00e9 aussi simple !<\/p>\r\n        <\/div>\r\n    <\/div>\r\n\r\n<\/div>\r\n<\/article>","protected":false},"excerpt":{"rendered":"<p>Gare \u00e9conomique et s\u00e9curis\u00e9e \u00e0 Ja\u00e9n. R\u00e9servez votre place et profitez de la commodit\u00e9 pr\u00e8s de la gare.<\/p>\n","protected":false},"author":1,"featured_media":11037,"comment_status":"closed","ping_status":"closed","sticky":false,"template":"","format":"standard","meta":{"footnotes":""},"categories":[],"tags":[351],"class_list":["post-16951","post","type-post","status-publish","format-standard","has-post-thumbnail","hentry","tag-parking-economique-jaen"],"_links":{"self":[{"href":"https:\/\/parkinglowcost.es\/fr\/wp-json\/wp\/v2\/posts\/16951","targetHints":{"allow":["GET"]}}],"collection":[{"href":"https:\/\/parkinglowcost.es\/fr\/wp-json\/wp\/v2\/posts"}],"about":[{"href":"https:\/\/parkinglowcost.es\/fr\/wp-json\/wp\/v2\/types\/post"}],"author":[{"embeddable":true,"href":"https:\/\/parkinglowcost.es\/fr\/wp-json\/wp\/v2\/users\/1"}],"replies":[{"embeddable":true,"href":"https:\/\/parkinglowcost.es\/fr\/wp-json\/wp\/v2\/comments?post=16951"}],"version-history":[{"count":0,"href":"https:\/\/parkinglowcost.es\/fr\/wp-json\/wp\/v2\/posts\/16951\/revisions"}],"wp:featuredmedia":[{"embeddable":true,"href":"https:\/\/parkinglowcost.es\/fr\/wp-json\/wp\/v2\/media\/11037"}],"wp:attachment":[{"href":"https:\/\/parkinglowcost.es\/fr\/wp-json\/wp\/v2\/media?parent=16951"}],"wp:term":[{"taxonomy":"category","embeddable":true,"href":"https:\/\/parkinglowcost.es\/fr\/wp-json\/wp\/v2\/categories?post=16951"},{"taxonomy":"post_tag","embeddable":true,"href":"https:\/\/parkinglowcost.es\/fr\/wp-json\/wp\/v2\/tags?post=16951"}],"curies":[{"name":"wp","href":"https:\/\/api.w.org\/{rel}","templated":true}]}}