{"id":16892,"date":"2025-03-11T09:51:26","date_gmt":"2025-03-11T09:51:26","guid":{"rendered":"https:\/\/parkinglowcost.es\/parking-estacio-de-tren-by-saba-figueres\/"},"modified":"2025-03-11T15:29:20","modified_gmt":"2025-03-11T15:29:20","slug":"parking-estacio-de-tren-by-saba-figueres","status":"publish","type":"post","link":"https:\/\/parkinglowcost.es\/fr\/parking-estacio-de-tren-by-saba-figueres\/","title":{"rendered":"Parking Estaci\u00f3 de Tren by Saba | Parking \u00e9conomique \u00e0 Figueres"},"content":{"rendered":"<div class=\"columns is-mobile is-variable is-3\">\r\n<div class=\"column is-5\">\r\n    <!-- IMG PROFILE -->\r\n        <img decoding=\"async\" src=\"https:\/\/parkinglowcost.es\/wp-content\/uploads\/AF1QipOtDUOHiAWnBO9WMwfT10YLBYw7OPm15cwLYnS9w427-h240-k-no.png\" alt='Parking Estaci\u00f3 de Tren by Saba | Parking \u00e9conomique \u00e0 Figueres' title=\"Parking \u00e9conomique \u00e0 Figueres\" class=\"profile-image\">\r\n        <div class=\"profile-image-overflow has-background-primary px-4 py-4\">\r\n    <!-- IMG PROFILE -->\r\n    <!-- GOOGLE -->\r\n        <div class=\"profile-triangle\"><\/div>\r\n                <div class=\"has-background-primary\" style=\"border-radius:10px\">\r\n                    <p class=\"is-size-4-mobile is-size-4 has-text-weight-bold has-text-white ml-3 mb-0\"><i class=\"fas fa-search-location\"><\/i><\/p>\r\n                    <p class=\"is-size-7-mobile is-size-4 has-text-weight-bold has-text-white has-text-centered\">Entreprise not\u00e9e 3 sur Google<\/p>\r\n                    <p class=\"is-size-8 has-text-weight-bold mt-2 has-text-centered has-text-white\">Bas\u00e9 sur 20 avis<\/p>\r\n                <\/div>\r\n        <!-- GOOGLE -->\r\n    <\/div>\r\n   \r\n<\/div>\r\n\r\n\r\n<div class=\"column has-text-black\">\r\n    <h1\r\n        class=\"has-text-weight-bold is-size-5-mobile is-size-1 mb-3 has-text-primary\">Parking Estaci\u00f3 de Tren by Saba<\/h1>\r\n    <p class=\"is-size-7-mobile is-size-5 has-text-weight-bold has-text-primary\">Garez facilement \u00e0 Figueres. Tarifs comp\u00e9titifs et s\u00e9curit\u00e9 24h. R\u00e9servez votre place et voyagez sereinement !<\/p>\r\n    <a target=\"_blank\" rel=\"sponsored noopener\" class=\"button is-rounded is-fullwidth mt-3 is-size-7-mobile is-size-4 is-warning has-text-weight-bold\" href=\"https:\/\/www.awin1.com\/cread.php?awinmid=25234&#038;awinaffid=789919\">R\u00e9server un parking<\/a>\r\n\r\n    <hr class=\"mt-4 mb-3 has-background-primary\">\r\n\r\n     <!-- BUSINESS INFO  -->\r\n    <div class=\"columns\">\r\n        <div class=\"column\">\r\n            <h3 class=\"is-size-7-mobile is-size-6 has-text-weight-bold mb-2 has-text-primary\"><i class=\"fas fa-map-marker-alt mr-2 has-text-primary\"><\/i>Adresse<\/h3>\r\n            <p class=\"is-size-7-mobile is-size-5\">Avenida Puig Grau | Figueres<\/p>\r\n        <\/div>\r\n        <div class=\"column is-4 column-mobile\">\r\n            <!-- SOCIAL MEDIA -->\r\n            <h3 class=\"is-size-7-mobile is-size-6 has-text-weight-bold mb-2 has-text-primary\"><i class=\"fas fa-share-square mr-3\"><\/i>Contact<\/h3>\r\n            <div class=\"buttons\">\r\n                \r\n            <\/div>\r\n            <!-- SOCIAL MEDIA -->\r\n        <\/div>\r\n    <\/div>\r\n    <!-- BUSINESS INFO  -->\r\n\r\n    <hr class=\"mt-0 mb-3 has-background-primary\">\r\n    <h2 class=\"is-size-7-mobile is-size-6 has-text-weight-bold mb-2 has-text-primary\"><i class=\"fas fa-address-book mr-2 has-text-primary mb-3\"><\/i>Comment y arriver<\/h2>\r\n   \r\n    <a target=\"_blank\" rel=\"nofollow noopener noreferrer\" class=\"button is-rounded is-outlined is-fullwidth is-size-7-mobile is-size-4 is-danger mb-2\" href=\"https:\/\/www.waze.com\/ul?ll=42.265321,2.944171&#038;navigate=yes\"><i class=\"fab fa-waze mr-2\"><\/i> Waze<\/a><a target=\"_blank\" rel=\"nofollow noopener noreferrer\" class=\"button is-rounded is-outlined is-fullwidth is-size-7-mobile is-size-4 is-danger mb-2\" href=\"https:\/\/maps.apple.com\/?q=42.265321,2.944171\"><i class=\"fab fa-apple mr-2\"><\/i>Apple Maps<\/a><a target=\"_blank\" rel=\"nofollow noopener noreferrer\" class=\"button is-rounded is-outlined is-fullwidth is-size-7-mobile is-size-4 is-danger mb-2\" href=\"https:\/\/www.google.com\/maps\/search\/?api=1&#038;query=Parking%20Saba%20Estaci%C3%B3%20Tren%20Figueres&#038;query_place_id=ChIJ3eSWovGNuhIRGgH5SJQtaNg\"><i class=\"fas fa-map-marker-alt mr-2\"><\/i>Google Maps<\/a>\r\n\r\n\r\n<\/div>\r\n<\/div>\r\n\r\n<div class='code-block code-block-2' style='margin: 8px 0; clear: both;'>\n<script async src=\"https:\/\/pagead2.googlesyndication.com\/pagead\/js\/adsbygoogle.js?client=ca-pub-3045090583979067\"\n     crossorigin=\"anonymous\"><\/script>\n<!-- Display Parking -->\n<ins class=\"adsbygoogle\"\n     style=\"display:block\"\n     data-ad-client=\"ca-pub-3045090583979067\"\n     data-ad-slot=\"3512595945\"\n     data-ad-format=\"auto\"\n     data-full-width-responsive=\"true\"><\/ins>\n<script>\n     (adsbygoogle = window.adsbygoogle || []).push({});\n<\/script><\/div>\n\r\n\r\n\r\n<article class=\"mt-3\">\r\n\r\n<div class=\"columns is-variable is-8\">\r\n    <div class=\"column is-4\">\r\n        <hr class=\"has-background-success\">\r\n        <h2 class=\"is-size-5 has-text-weight-bold mb-2 has-text-primary\"><i class=\"fas fa-calendar-alt mr-2 has-text-primary\"><\/i>Horaires Parking Estaci\u00f3 de Tren by Saba<\/h2>\r\n\r\n        <table class=\"table is-fullwidth is-bordered mt-4 has-background-primary is-size-7-mobile is-size-6 has-text-white\">\n    <thead>\n        <tr>\n            <th class=\"has-text-white\">Jour<\/th>\n            <th class=\"has-text-white\">Heures d&rsquo;ouverture<\/th>\n        <\/tr>\n    <\/thead>\n    <tbody>\n        <tr>\n            <td>Lundi<\/td>\n            <td>5:00 a 12:00 <\/td>\n        <\/tr>\n        <tr>\n            <td>Mardi<\/td>\n            <td>5:00 a 12:00 <\/td>\n        <\/tr>\n        <tr>\n            <td>Mercredi<\/td>\n            <td>5:00 a 12:00 <\/td>\n        <\/tr>\n        <tr>\n            <td>Jeudi<\/td>\n            <td>5:00 a 12:00 <\/td>\n        <\/tr>\n        <tr>\n            <td>Vendredi<\/td>\n            <td>5:00 a 12:00 <\/td>\n        <\/tr>\n        <tr>\n            <td>Samedi<\/td>\n            <td>5:00 a 12:00 <\/td>\n        <\/tr>\n        <tr>\n            <td>Dimanche<\/td>\n            <td>5:00 a 12:00 <\/td>\n        <\/tr>\n    <\/tbody>\n<\/table>\r\n        <hr class=\"has-background-success\">\r\n        <h2 class=\"is-size-5 has-text-weight-bold mb-2 has-text-primary\"><i class=\"fas fa-map-marker-alt mr-2 has-text-primary\"><\/i>Carte<\/h2>\r\n        <div class='code-block code-block-50' style='margin: 8px 0; clear: both;'>\n<div class=\"leaflet-map WPLeafletMap\" style=\"height:250px; width:100%;\"><\/div><script>\nwindow.WPLeafletMapPlugin = window.WPLeafletMapPlugin || [];\nwindow.WPLeafletMapPlugin.push(function WPLeafletMapShortcode() {\/*<script>*\/\nvar baseUrl = atob('aHR0cHM6Ly97c30udGlsZS5vcGVuc3RyZWV0bWFwLm9yZy97en0ve3h9L3t5fS5wbmc=');\nvar base = (!baseUrl && window.MQ) ?\n    window.MQ.mapLayer() : L.tileLayer(baseUrl,\n        L.Util.extend({}, {\n            detectRetina: 0,\n        },\n        {\"subdomains\":\"abc\",\"noWrap\":false,\"maxZoom\":19}        )\n    );\n    var options = L.Util.extend({}, {\n        layers: [base],\n        attributionControl: false\n    },\n    {\"zoomControl\":false,\"scrollWheelZoom\":false,\"doubleClickZoom\":false,\"fitBounds\":false,\"minZoom\":0,\"maxZoom\":19,\"maxBounds\":null,\"attribution\":\"<a href=\\\"http:\\\/\\\/leafletjs.com\\\" title=\\\"Une biblioth\\u00e8que JS pour des cartes interactives\\\">Leaflet<\\\/a>; \\u00a9 <a href=\\\"http:\\\/\\\/www.openstreetmap.org\\\/copyright\\\">OpenStreetMap<\\\/a> contributeurs\\\/contributrices\"},\n    {});\nwindow.WPLeafletMapPlugin.createMap(options).setView([42.265321,2.944171],15);});<\/script><script>\nwindow.WPLeafletMapPlugin = window.WPLeafletMapPlugin || [];\nwindow.WPLeafletMapPlugin.push(function WPLeafletMarkerShortcode() {\/*<script>*\/\nvar map = window.WPLeafletMapPlugin.getCurrentMap();\nvar group = window.WPLeafletMapPlugin.getCurrentGroup();\nvar marker_options = window.WPLeafletMapPlugin.getIconOptions({});\nvar marker = L.marker(\n    [42.265321,2.944171],\n    marker_options\n);\nvar is_image = map.is_image_map;\nif (marker_options.draggable) {\n    marker.on('dragend', function () {\n        var latlng = this.getLatLng();\n        var lat = latlng.lat;\n        var lng = latlng.lng;\n        if (is_image) {\n            console.log('leaflet-marker y=' + lat + ' x=' + lng);\n        } else {\n            console.log('leaflet-marker lat=' + lat + ' lng=' + lng);\n        }\n    });\n}\nmarker.addTo( group );\nwindow.WPLeafletMapPlugin.markers.push( marker );\n        });<\/script><\/div>\n\r\n\r\n\r\n    <\/div>\r\n    <div class=\"column is-8\">\r\n        <p class=\"is-size-5 has-text-weight-bold mb-2 has-text-primary\"><i\r\n                class=\"fas fa-info-circle mr-2 has-text-primary\"><\/i>\u00c0 propos de Parking Estaci\u00f3 de Tren by Saba<\/p>\r\n\r\n        <div class=\"content is-size-7-mobile is-size-6 mt-3 has-text-primary\">\r\n            <p>Au c\u0153ur de Figueres, <b>Parking Estaci\u00f3 de Tren by Saba<\/b> se pr\u00e9sente comme l&rsquo;une des meilleures options pour ceux qui recherchent un stationnement abordable et confortable. Avec un emplacement strat\u00e9gique, ce parking donne un acc\u00e8s direct \u00e0 la gare, ce qui en fait l&rsquo;endroit id\u00e9al pour voyager sans soucis. L&rsquo;exp\u00e9rience utilisateur se traduit par du confort et des \u00e9conomies, permettant de profiter d&rsquo;une visite dans cette charmante ville sans complications.<\/p>\n\n<p>Comme l&rsquo;entendent souvent de leurs clients, le parking a \u00e9t\u00e9 reconnu pour \u00eatre <b>tr\u00e8s pratique<\/b> et avec des prix comp\u00e9titifs. Les utilisateurs ont partag\u00e9 leurs impressions sur l&rsquo;accessibilit\u00e9 et la facilit\u00e9 d&rsquo;utilisation du syst\u00e8me. Par exemple, un client a soulign\u00e9 qu&rsquo;il avait utilis\u00e9 le service en ao\u00fbt 2024 et avait remarqu\u00e9 une baisse des prix par rapport \u00e0 d&rsquo;autres parkings \u00e0 proximit\u00e9. Ce type de t\u00e9moignages met en avant la satisfaction g\u00e9n\u00e9rale et la possibilit\u00e9 de trouver des options plus \u00e9conomiques sans sacrifier la qualit\u00e9 du service.<\/p>\n\n<p>Situ\u00e9 sur l&rsquo;Avenida Puig Grau, ce parking se trouve dans une zone facilement accessible et \u00e0 proximit\u00e9 de la gare, id\u00e9al pour ceux qui souhaitent laisser leur voiture dans un endroit s\u00fbr et proche. <b>Parking Estaci\u00f3 de Tren by Saba<\/b> propose des horaires flexibles pour s&rsquo;adapter aux besoins de ses utilisateurs, des solutions de stationnement couvertes et des places spacieuses qui offrent un acc\u00e8s rapide, essentiel pour ceux qui voyagent \u00e0 toute vitesse. La gestion automatis\u00e9e du parking contribue \u00e9galement \u00e0 une exp\u00e9rience plus fluide, permettant aux conducteurs de se concentrer sur ce qui compte vraiment : leur voyage.<\/p>\n\n<p>La s\u00e9curit\u00e9 est un autre aspect o\u00f9 ce parking excelle. Avec une surveillance 24 heures sur 24 et un syst\u00e8me de cam\u00e9ras de s\u00e9curit\u00e9, <b>Parking Estaci\u00f3 de Tren by Saba<\/b> se distingue des autres parkings. Les conducteurs peuvent se sentir tranquilles, sachant que leur v\u00e9hicule est prot\u00e9g\u00e9 pendant qu&rsquo;ils profitent de leur s\u00e9jour \u00e0 Figueres. Ce niveau de s\u00e9curit\u00e9, combin\u00e9 \u00e0 la possibilit\u00e9 de se garer dans des places couvertes, ajoute une valeur significative \u00e0 l&rsquo;exp\u00e9rience client.<\/p>\n\n<p>\u00c9tant donn\u00e9 que cette zone enregistre souvent une forte demande, nous vous recommandons de <b>r\u00e9server votre place \u00e0 l\u2019avance<\/b>. Planifiez votre stationnement et \u00e9vitez les contretemps en r\u00e9servant votre espace facilement. Vous pouvez le faire via <b>ParkingLowCost.es<\/b> ou en contactant directement <b>Parking Estaci\u00f3 de Tren by Saba<\/b>. Se garer \u00e0 Figueres n&rsquo;a jamais \u00e9t\u00e9 aussi simple et pratique !<\/p>\r\n        <\/div>\r\n    <\/div>\r\n\r\n<\/div>\r\n<\/article>","protected":false},"excerpt":{"rendered":"<p>Garez facilement \u00e0 Figueres. Tarifs comp\u00e9titifs et s\u00e9curit\u00e9 24h. R\u00e9servez votre place et voyagez sereinement !<\/p>\n","protected":false},"author":1,"featured_media":10801,"comment_status":"closed","ping_status":"closed","sticky":false,"template":"","format":"standard","meta":{"footnotes":""},"categories":[],"tags":[299],"class_list":["post-16892","post","type-post","status-publish","format-standard","has-post-thumbnail","hentry","tag-parking-economique-figueres"],"_links":{"self":[{"href":"https:\/\/parkinglowcost.es\/fr\/wp-json\/wp\/v2\/posts\/16892","targetHints":{"allow":["GET"]}}],"collection":[{"href":"https:\/\/parkinglowcost.es\/fr\/wp-json\/wp\/v2\/posts"}],"about":[{"href":"https:\/\/parkinglowcost.es\/fr\/wp-json\/wp\/v2\/types\/post"}],"author":[{"embeddable":true,"href":"https:\/\/parkinglowcost.es\/fr\/wp-json\/wp\/v2\/users\/1"}],"replies":[{"embeddable":true,"href":"https:\/\/parkinglowcost.es\/fr\/wp-json\/wp\/v2\/comments?post=16892"}],"version-history":[{"count":0,"href":"https:\/\/parkinglowcost.es\/fr\/wp-json\/wp\/v2\/posts\/16892\/revisions"}],"wp:featuredmedia":[{"embeddable":true,"href":"https:\/\/parkinglowcost.es\/fr\/wp-json\/wp\/v2\/media\/10801"}],"wp:attachment":[{"href":"https:\/\/parkinglowcost.es\/fr\/wp-json\/wp\/v2\/media?parent=16892"}],"wp:term":[{"taxonomy":"category","embeddable":true,"href":"https:\/\/parkinglowcost.es\/fr\/wp-json\/wp\/v2\/categories?post=16892"},{"taxonomy":"post_tag","embeddable":true,"href":"https:\/\/parkinglowcost.es\/fr\/wp-json\/wp\/v2\/tags?post=16892"}],"curies":[{"name":"wp","href":"https:\/\/api.w.org\/{rel}","templated":true}]}}