{"id":16870,"date":"2025-03-11T09:50:55","date_gmt":"2025-03-11T09:50:55","guid":{"rendered":"https:\/\/parkinglowcost.es\/parking-el-garrigal-by-saba-figueres\/"},"modified":"2025-03-11T15:28:50","modified_gmt":"2025-03-11T15:28:50","slug":"parking-el-garrigal-by-saba-figueres","status":"publish","type":"post","link":"https:\/\/parkinglowcost.es\/fr\/parking-el-garrigal-by-saba-figueres\/","title":{"rendered":"Parking El Garrigal by Saba | Parking \u00e9conomique \u00e0 Figueres"},"content":{"rendered":"<div class=\"columns is-mobile is-variable is-3\">\r\n<div class=\"column is-5\">\r\n    <!-- IMG PROFILE -->\r\n        <img decoding=\"async\" src=\"https:\/\/parkinglowcost.es\/wp-content\/uploads\/AF1QipOhNY_W3NX6tl-OW3SIfIg7uqDL-paLURlfKAO5w426-h240-k-no.jpg\" alt='Parking El Garrigal by Saba | Parking \u00e9conomique \u00e0 Figueres' title=\"Parking \u00e9conomique \u00e0 Figueres\" class=\"profile-image\">\r\n        <div class=\"profile-image-overflow has-background-primary px-4 py-4\">\r\n    <!-- IMG PROFILE -->\r\n    <!-- GOOGLE -->\r\n        <div class=\"profile-triangle\"><\/div>\r\n                <div class=\"has-background-primary\" style=\"border-radius:10px\">\r\n                    <p class=\"is-size-4-mobile is-size-4 has-text-weight-bold has-text-white ml-3 mb-0\"><i class=\"fas fa-search-location\"><\/i><\/p>\r\n                    <p class=\"is-size-7-mobile is-size-4 has-text-weight-bold has-text-white has-text-centered\">Entreprise not\u00e9e 3.3 sur Google<\/p>\r\n                    <p class=\"is-size-8 has-text-weight-bold mt-2 has-text-centered has-text-white\">Bas\u00e9 sur 116 avis<\/p>\r\n                <\/div>\r\n        <!-- GOOGLE -->\r\n    <\/div>\r\n   \r\n<\/div>\r\n\r\n\r\n<div class=\"column has-text-black\">\r\n    <h1\r\n        class=\"has-text-weight-bold is-size-5-mobile is-size-1 mb-3 has-text-primary\">Parking El Garrigal by Saba<\/h1>\r\n    <p class=\"is-size-7-mobile is-size-5 has-text-weight-bold has-text-primary\">D\u00e9couvrez Parking El Garrigal by Saba \u00e0 Figueres. R\u00e9servez maintenant et profitez d\u2019un stationnement confortable et s\u00e9curis\u00e9.<\/p>\r\n    <a target=\"_blank\" rel=\"sponsored noopener\" class=\"button is-rounded is-fullwidth mt-3 is-size-7-mobile is-size-4 is-warning has-text-weight-bold\" href=\"https:\/\/www.awin1.com\/cread.php?awinmid=25234&#038;awinaffid=789919\">R\u00e9server un parking<\/a>\r\n\r\n    <hr class=\"mt-4 mb-3 has-background-primary\">\r\n\r\n     <!-- BUSINESS INFO  -->\r\n    <div class=\"columns\">\r\n        <div class=\"column\">\r\n            <h3 class=\"is-size-7-mobile is-size-6 has-text-weight-bold mb-2 has-text-primary\"><i class=\"fas fa-map-marker-alt mr-2 has-text-primary\"><\/i>Adresse<\/h3>\r\n            <p class=\"is-size-7-mobile is-size-5\">Carrer Canig\u00f3 | Figueres<\/p>\r\n        <\/div>\r\n        <div class=\"column is-4 column-mobile\">\r\n            <!-- SOCIAL MEDIA -->\r\n            <h3 class=\"is-size-7-mobile is-size-6 has-text-weight-bold mb-2 has-text-primary\"><i class=\"fas fa-share-square mr-3\"><\/i>Contact<\/h3>\r\n            <div class=\"buttons\">\r\n                \r\n            <\/div>\r\n            <!-- SOCIAL MEDIA -->\r\n        <\/div>\r\n    <\/div>\r\n    <!-- BUSINESS INFO  -->\r\n\r\n    <hr class=\"mt-0 mb-3 has-background-primary\">\r\n    <h2 class=\"is-size-7-mobile is-size-6 has-text-weight-bold mb-2 has-text-primary\"><i class=\"fas fa-address-book mr-2 has-text-primary mb-3\"><\/i>Comment y arriver<\/h2>\r\n   \r\n    <a target=\"_blank\" rel=\"nofollow noopener noreferrer\" class=\"button is-rounded is-outlined is-fullwidth is-size-7-mobile is-size-4 is-danger mb-2\" href=\"https:\/\/www.waze.com\/ul?ll=42.2683765,2.9596955&#038;navigate=yes\"><i class=\"fab fa-waze mr-2\"><\/i> Waze<\/a><a target=\"_blank\" rel=\"nofollow noopener noreferrer\" class=\"button is-rounded is-outlined is-fullwidth is-size-7-mobile is-size-4 is-danger mb-2\" href=\"https:\/\/maps.apple.com\/?q=42.2683765,2.9596955\"><i class=\"fab fa-apple mr-2\"><\/i>Apple Maps<\/a><a target=\"_blank\" rel=\"nofollow noopener noreferrer\" class=\"button is-rounded is-outlined is-fullwidth is-size-7-mobile is-size-4 is-danger mb-2\" href=\"https:\/\/www.google.com\/maps\/search\/?api=1&#038;query=Parking%20Saba%20El%20Garrigal&#038;query_place_id=ChIJ0RolPd2NuhIRLvWDXHg0rkY\"><i class=\"fas fa-map-marker-alt mr-2\"><\/i>Google Maps<\/a>\r\n\r\n\r\n<\/div>\r\n<\/div>\r\n\r\n<div class='code-block code-block-2' style='margin: 8px 0; clear: both;'>\n<script async src=\"https:\/\/pagead2.googlesyndication.com\/pagead\/js\/adsbygoogle.js?client=ca-pub-3045090583979067\"\n     crossorigin=\"anonymous\"><\/script>\n<!-- Display Parking -->\n<ins class=\"adsbygoogle\"\n     style=\"display:block\"\n     data-ad-client=\"ca-pub-3045090583979067\"\n     data-ad-slot=\"3512595945\"\n     data-ad-format=\"auto\"\n     data-full-width-responsive=\"true\"><\/ins>\n<script>\n     (adsbygoogle = window.adsbygoogle || []).push({});\n<\/script><\/div>\n\r\n\r\n\r\n<article class=\"mt-3\">\r\n\r\n<div class=\"columns is-variable is-8\">\r\n    <div class=\"column is-4\">\r\n        <hr class=\"has-background-success\">\r\n        <h2 class=\"is-size-5 has-text-weight-bold mb-2 has-text-primary\"><i class=\"fas fa-calendar-alt mr-2 has-text-primary\"><\/i>Horaires Parking El Garrigal by Saba<\/h2>\r\n\r\n        <table class=\"table is-fullwidth is-bordered mt-4 has-background-primary is-size-7-mobile is-size-6 has-text-white\">\n    <thead>\n        <tr>\n            <th class=\"has-text-white\">Jour<\/th>\n            <th class=\"has-text-white\">Heures d&rsquo;ouverture<\/th>\n        <\/tr>\n    <\/thead>\n    <tbody>\n        <tr>\n            <td>Lundi<\/td>\n            <td>Ouvert 24 heures sur 24<\/td>\n        <\/tr>\n        <tr>\n            <td>Mardi<\/td>\n            <td>Ouvert 24 heures sur 24<\/td>\n        <\/tr>\n        <tr>\n            <td>Mercredi<\/td>\n            <td>Ouvert 24 heures sur 24<\/td>\n        <\/tr>\n        <tr>\n            <td>Jeudi<\/td>\n            <td>Ouvert 24 heures sur 24<\/td>\n        <\/tr>\n        <tr>\n            <td>Vendredi<\/td>\n            <td>Ouvert 24 heures sur 24<\/td>\n        <\/tr>\n        <tr>\n            <td>Samedi<\/td>\n            <td>Ouvert 24 heures sur 24<\/td>\n        <\/tr>\n        <tr>\n            <td>Dimanche<\/td>\n            <td>Ouvert 24 heures sur 24<\/td>\n        <\/tr>\n    <\/tbody>\n<\/table>\r\n        <hr class=\"has-background-success\">\r\n        <h2 class=\"is-size-5 has-text-weight-bold mb-2 has-text-primary\"><i class=\"fas fa-map-marker-alt mr-2 has-text-primary\"><\/i>Carte<\/h2>\r\n        <div class='code-block code-block-50' style='margin: 8px 0; clear: both;'>\n<div class=\"leaflet-map WPLeafletMap\" style=\"height:250px; width:100%;\"><\/div><script>\nwindow.WPLeafletMapPlugin = window.WPLeafletMapPlugin || [];\nwindow.WPLeafletMapPlugin.push(function WPLeafletMapShortcode() {\/*<script>*\/\nvar baseUrl = atob('aHR0cHM6Ly97c30udGlsZS5vcGVuc3RyZWV0bWFwLm9yZy97en0ve3h9L3t5fS5wbmc=');\nvar base = (!baseUrl && window.MQ) ?\n    window.MQ.mapLayer() : L.tileLayer(baseUrl,\n        L.Util.extend({}, {\n            detectRetina: 0,\n        },\n        {\"subdomains\":\"abc\",\"noWrap\":false,\"maxZoom\":19}        )\n    );\n    var options = L.Util.extend({}, {\n        layers: [base],\n        attributionControl: false\n    },\n    {\"zoomControl\":false,\"scrollWheelZoom\":false,\"doubleClickZoom\":false,\"fitBounds\":false,\"minZoom\":0,\"maxZoom\":19,\"maxBounds\":null,\"attribution\":\"<a href=\\\"http:\\\/\\\/leafletjs.com\\\" title=\\\"Une biblioth\\u00e8que JS pour des cartes interactives\\\">Leaflet<\\\/a>; \\u00a9 <a href=\\\"http:\\\/\\\/www.openstreetmap.org\\\/copyright\\\">OpenStreetMap<\\\/a> contributeurs\\\/contributrices\"},\n    {});\nwindow.WPLeafletMapPlugin.createMap(options).setView([42.2683765,2.9596955],15);});<\/script><script>\nwindow.WPLeafletMapPlugin = window.WPLeafletMapPlugin || [];\nwindow.WPLeafletMapPlugin.push(function WPLeafletMarkerShortcode() {\/*<script>*\/\nvar map = window.WPLeafletMapPlugin.getCurrentMap();\nvar group = window.WPLeafletMapPlugin.getCurrentGroup();\nvar marker_options = window.WPLeafletMapPlugin.getIconOptions({});\nvar marker = L.marker(\n    [42.2683765,2.9596955],\n    marker_options\n);\nvar is_image = map.is_image_map;\nif (marker_options.draggable) {\n    marker.on('dragend', function () {\n        var latlng = this.getLatLng();\n        var lat = latlng.lat;\n        var lng = latlng.lng;\n        if (is_image) {\n            console.log('leaflet-marker y=' + lat + ' x=' + lng);\n        } else {\n            console.log('leaflet-marker lat=' + lat + ' lng=' + lng);\n        }\n    });\n}\nmarker.addTo( group );\nwindow.WPLeafletMapPlugin.markers.push( marker );\n        });<\/script><\/div>\n\r\n\r\n\r\n    <\/div>\r\n    <div class=\"column is-8\">\r\n        <p class=\"is-size-5 has-text-weight-bold mb-2 has-text-primary\"><i\r\n                class=\"fas fa-info-circle mr-2 has-text-primary\"><\/i>\u00c0 propos de Parking El Garrigal by Saba<\/p>\r\n\r\n        <div class=\"content is-size-7-mobile is-size-6 mt-3 has-text-primary\">\r\n            <p>Si vous recherchez un stationnement \u00e9conomique \u00e0 Figueres, <b>Parking El Garrigal by Saba<\/b> se pr\u00e9sente comme l&rsquo;une des options les plus attrayantes de la r\u00e9gion. Ce parking offre une alternative abordable et confortable, surtout compte tenu de sa proximit\u00e9 avec le c\u00e9l\u00e8bre <b>Mus\u00e9e Dal\u00ed<\/b>, situ\u00e9 \u00e0 seulement 50 m\u00e8tres. Sans aucun doute, c&rsquo;est le point de d\u00e9part id\u00e9al pour explorer cette charmante ville.<\/p>\n\n<p>Les visiteurs soulignent souvent le confort de <b>Parking El Garrigal by Saba<\/b>. Comme l&rsquo;entendent habituellement leurs clients, les places sont spacieuses et permettent une bonne man\u0153uvrabilit\u00e9. Il n&rsquo;est pas rare d&rsquo;entendre que, bien que certaines places puissent \u00eatre un peu serr\u00e9es, la majorit\u00e9 des clients appr\u00e9cient leur disposition, surtout ceux qui visitent le mus\u00e9e. De plus, beaucoup valorisent la facilit\u00e9 d&rsquo;acc\u00e8s, ce qui transforme l&rsquo;exp\u00e9rience de stationnement en quelque chose de sans complications. Certains utilisateurs commentent que le co\u00fbt est un peu plus \u00e9lev\u00e9 que d&rsquo;autres parkings de la ville, mais affirment que la commodit\u00e9 de laisser la voiture presque au pied de l&rsquo;attraction culturelle le justifie.<\/p>\n\n<p><b>Parking El Garrigal by Saba<\/b> est situ\u00e9 Carrer Canig\u00f3, en plein c\u0153ur de Figueres. Sa localisation privil\u00e9gi\u00e9e en fait une option extr\u00eamement pratique pour ceux qui cherchent \u00e0 se garer pr\u00e8s des principaux points d&rsquo;int\u00e9r\u00eat. De plus, pour maximiser l&rsquo;exp\u00e9rience utilisateur, le parking dispose d&rsquo;horaires flexibles et d&rsquo;un acc\u00e8s facile, permettant que le stationnement ne soit jamais un inconv\u00e9nient.<\/p>\n\n<p>La s\u00e9curit\u00e9 est \u00e9galement une priorit\u00e9 dans ce parking. Avec une surveillance active et des cam\u00e9ras de s\u00e9curit\u00e9, les clients peuvent \u00eatre tranquilles en sachant que leurs v\u00e9hicules seront bien prot\u00e9g\u00e9s. De plus, les entr\u00e9es sont larges, facilitant l&rsquo;acc\u00e8s tant aux petites voitures qu&rsquo;aux v\u00e9hicules plus grands. Pour couronner le tout, il dispose de places couvertes qui prot\u00e8gent les v\u00e9hicules des intemp\u00e9ries, augmentant ainsi son attrait.<\/p>\n\n<p>Il est important de souligner qu&rsquo;en raison de la forte demande dans la r\u00e9gion, il est recommand\u00e9 de planifier votre stationnement \u00e0 l&rsquo;avance. Assurez votre place \u00e0 <b>Parking El Garrigal by Saba<\/b> pour profiter d&rsquo;une visite sans tracas. Vous pouvez le faire facilement via <b>ParkingLowCost.es<\/b> ou en contactant directement leurs bureaux. Se garer \u00e0 Figueres n&rsquo;a jamais \u00e9t\u00e9 aussi simple !<\/p>\r\n        <\/div>\r\n    <\/div>\r\n\r\n<\/div>\r\n<\/article>","protected":false},"excerpt":{"rendered":"<p>D\u00e9couvrez Parking El Garrigal by Saba \u00e0 Figueres. R\u00e9servez maintenant et profitez d\u2019un stationnement confortable et s\u00e9curis\u00e9.<\/p>\n","protected":false},"author":1,"featured_media":10713,"comment_status":"closed","ping_status":"closed","sticky":false,"template":"","format":"standard","meta":{"footnotes":""},"categories":[],"tags":[299],"class_list":["post-16870","post","type-post","status-publish","format-standard","has-post-thumbnail","hentry","tag-parking-economique-figueres"],"_links":{"self":[{"href":"https:\/\/parkinglowcost.es\/fr\/wp-json\/wp\/v2\/posts\/16870","targetHints":{"allow":["GET"]}}],"collection":[{"href":"https:\/\/parkinglowcost.es\/fr\/wp-json\/wp\/v2\/posts"}],"about":[{"href":"https:\/\/parkinglowcost.es\/fr\/wp-json\/wp\/v2\/types\/post"}],"author":[{"embeddable":true,"href":"https:\/\/parkinglowcost.es\/fr\/wp-json\/wp\/v2\/users\/1"}],"replies":[{"embeddable":true,"href":"https:\/\/parkinglowcost.es\/fr\/wp-json\/wp\/v2\/comments?post=16870"}],"version-history":[{"count":0,"href":"https:\/\/parkinglowcost.es\/fr\/wp-json\/wp\/v2\/posts\/16870\/revisions"}],"wp:featuredmedia":[{"embeddable":true,"href":"https:\/\/parkinglowcost.es\/fr\/wp-json\/wp\/v2\/media\/10713"}],"wp:attachment":[{"href":"https:\/\/parkinglowcost.es\/fr\/wp-json\/wp\/v2\/media?parent=16870"}],"wp:term":[{"taxonomy":"category","embeddable":true,"href":"https:\/\/parkinglowcost.es\/fr\/wp-json\/wp\/v2\/categories?post=16870"},{"taxonomy":"post_tag","embeddable":true,"href":"https:\/\/parkinglowcost.es\/fr\/wp-json\/wp\/v2\/tags?post=16870"}],"curies":[{"name":"wp","href":"https:\/\/api.w.org\/{rel}","templated":true}]}}