{"id":16789,"date":"2025-03-11T09:48:40","date_gmt":"2025-03-11T09:48:40","guid":{"rendered":"https:\/\/parkinglowcost.es\/parking-cervantes-merida\/"},"modified":"2025-03-11T15:26:48","modified_gmt":"2025-03-11T15:26:48","slug":"parking-cervantes-merida","status":"publish","type":"post","link":"https:\/\/parkinglowcost.es\/fr\/parking-cervantes-merida\/","title":{"rendered":"Parking Cervantes | Parking \u00e9conomique \u00e0 M\u00e9rida"},"content":{"rendered":"<div class=\"columns is-mobile is-variable is-3\">\r\n<div class=\"column is-5\">\r\n    <!-- IMG PROFILE -->\r\n        <img decoding=\"async\" src=\"https:\/\/parkinglowcost.es\/wp-content\/uploads\/AF1QipO4TAaPLVTllV6XxYydVgImGnsfjP0DWjKHFNmiw408-h725-k-no.jpg\" alt='Parking Cervantes | Parking \u00e9conomique \u00e0 M\u00e9rida' title=\"Parking \u00e9conomique \u00e0 M\u00e9rida\" class=\"profile-image\">\r\n        <div class=\"profile-image-overflow has-background-primary px-4 py-4\">\r\n    <!-- IMG PROFILE -->\r\n    <!-- GOOGLE -->\r\n        <div class=\"profile-triangle\"><\/div>\r\n                <div class=\"has-background-primary\" style=\"border-radius:10px\">\r\n                    <p class=\"is-size-4-mobile is-size-4 has-text-weight-bold has-text-white ml-3 mb-0\"><i class=\"fas fa-search-location\"><\/i><\/p>\r\n                    <p class=\"is-size-7-mobile is-size-4 has-text-weight-bold has-text-white has-text-centered\">Entreprise not\u00e9e 4 sur Google<\/p>\r\n                    <p class=\"is-size-8 has-text-weight-bold mt-2 has-text-centered has-text-white\">Bas\u00e9 sur 419 avis<\/p>\r\n                <\/div>\r\n        <!-- GOOGLE -->\r\n    <\/div>\r\n   \r\n<\/div>\r\n\r\n\r\n<div class=\"column has-text-black\">\r\n    <h1\r\n        class=\"has-text-weight-bold is-size-5-mobile is-size-1 mb-3 has-text-primary\">Parking Cervantes<\/h1>\r\n    <p class=\"is-size-7-mobile is-size-5 has-text-weight-bold has-text-primary\">Parking Cervantes \u00e0 M\u00e9rida : s\u00e9curis\u00e9 et accessible. R\u00e9servez votre place et profitez de cette belle ville sans souci.<\/p>\r\n    <a target=\"_blank\" rel=\"sponsored noopener\" class=\"button is-rounded is-fullwidth mt-3 is-size-7-mobile is-size-4 is-warning has-text-weight-bold\" href=\"https:\/\/www.awin1.com\/cread.php?awinmid=25234&#038;awinaffid=789919\">R\u00e9server un parking<\/a>\r\n\r\n    <hr class=\"mt-4 mb-3 has-background-primary\">\r\n\r\n     <!-- BUSINESS INFO  -->\r\n    <div class=\"columns\">\r\n        <div class=\"column\">\r\n            <h3 class=\"is-size-7-mobile is-size-6 has-text-weight-bold mb-2 has-text-primary\"><i class=\"fas fa-map-marker-alt mr-2 has-text-primary\"><\/i>Adresse<\/h3>\r\n            <p class=\"is-size-7-mobile is-size-5\">Tr.\u00aa Cervantes, SN | M\u00e9rida<\/p>\r\n        <\/div>\r\n        <div class=\"column is-4 column-mobile\">\r\n            <!-- SOCIAL MEDIA -->\r\n            <h3 class=\"is-size-7-mobile is-size-6 has-text-weight-bold mb-2 has-text-primary\"><i class=\"fas fa-share-square mr-3\"><\/i>Contact<\/h3>\r\n            <div class=\"buttons\">\r\n                \r\n            <\/div>\r\n            <!-- SOCIAL MEDIA -->\r\n        <\/div>\r\n    <\/div>\r\n    <!-- BUSINESS INFO  -->\r\n\r\n    <hr class=\"mt-0 mb-3 has-background-primary\">\r\n    <h2 class=\"is-size-7-mobile is-size-6 has-text-weight-bold mb-2 has-text-primary\"><i class=\"fas fa-address-book mr-2 has-text-primary mb-3\"><\/i>Comment y arriver<\/h2>\r\n   \r\n    <a target=\"_blank\" rel=\"nofollow noopener noreferrer\" class=\"button is-rounded is-outlined is-fullwidth is-size-7-mobile is-size-4 is-danger mb-2\" href=\"https:\/\/www.waze.com\/ul?ll=38.9195173,-6.3429419&#038;navigate=yes\"><i class=\"fab fa-waze mr-2\"><\/i> Waze<\/a><a target=\"_blank\" rel=\"nofollow noopener noreferrer\" class=\"button is-rounded is-outlined is-fullwidth is-size-7-mobile is-size-4 is-danger mb-2\" href=\"https:\/\/maps.apple.com\/?q=38.9195173,-6.3429419\"><i class=\"fab fa-apple mr-2\"><\/i>Apple Maps<\/a><a target=\"_blank\" rel=\"nofollow noopener noreferrer\" class=\"button is-rounded is-outlined is-fullwidth is-size-7-mobile is-size-4 is-danger mb-2\" href=\"https:\/\/www.google.com\/maps\/search\/?api=1&#038;query=Cervantes%20Car%20Park&#038;query_place_id=ChIJVw6R-78mFA0REQfol4zE_W8\"><i class=\"fas fa-map-marker-alt mr-2\"><\/i>Google Maps<\/a>\r\n\r\n\r\n<\/div>\r\n<\/div>\r\n\r\n<div class='code-block code-block-2' style='margin: 8px 0; clear: both;'>\n<script async src=\"https:\/\/pagead2.googlesyndication.com\/pagead\/js\/adsbygoogle.js?client=ca-pub-3045090583979067\"\n     crossorigin=\"anonymous\"><\/script>\n<!-- Display Parking -->\n<ins class=\"adsbygoogle\"\n     style=\"display:block\"\n     data-ad-client=\"ca-pub-3045090583979067\"\n     data-ad-slot=\"3512595945\"\n     data-ad-format=\"auto\"\n     data-full-width-responsive=\"true\"><\/ins>\n<script>\n     (adsbygoogle = window.adsbygoogle || []).push({});\n<\/script><\/div>\n\r\n\r\n\r\n<article class=\"mt-3\">\r\n\r\n<div class=\"columns is-variable is-8\">\r\n    <div class=\"column is-4\">\r\n        <hr class=\"has-background-success\">\r\n        <h2 class=\"is-size-5 has-text-weight-bold mb-2 has-text-primary\"><i class=\"fas fa-calendar-alt mr-2 has-text-primary\"><\/i>Horaires Parking Cervantes<\/h2>\r\n\r\n        <table class=\"table is-fullwidth is-bordered mt-4 has-background-primary is-size-7-mobile is-size-6 has-text-white\">\n    <thead>\n        <tr>\n            <th class=\"has-text-white\">Jour<\/th>\n            <th class=\"has-text-white\">Heures d&rsquo;ouverture<\/th>\n        <\/tr>\n    <\/thead>\n    <tbody>\n        <tr>\n            <td>Lundi<\/td>\n            <td>8:00 a 1:00 <\/td>\n        <\/tr>\n        <tr>\n            <td>Mardi<\/td>\n            <td>8:00 a 1:00 <\/td>\n        <\/tr>\n        <tr>\n            <td>Mercredi<\/td>\n            <td>8:00 a 1:00 <\/td>\n        <\/tr>\n        <tr>\n            <td>Jeudi<\/td>\n            <td>8:00 a 1:00 <\/td>\n        <\/tr>\n        <tr>\n            <td>Vendredi<\/td>\n            <td>8:00 a 1:00 <\/td>\n        <\/tr>\n        <tr>\n            <td>Samedi<\/td>\n            <td>8:00 a 1:00 <\/td>\n        <\/tr>\n        <tr>\n            <td>Dimanche<\/td>\n            <td>8:00 a 1:00 <\/td>\n        <\/tr>\n    <\/tbody>\n<\/table>\r\n        <hr class=\"has-background-success\">\r\n        <h2 class=\"is-size-5 has-text-weight-bold mb-2 has-text-primary\"><i class=\"fas fa-map-marker-alt mr-2 has-text-primary\"><\/i>Carte<\/h2>\r\n        <div class='code-block code-block-50' style='margin: 8px 0; clear: both;'>\n<div class=\"leaflet-map WPLeafletMap\" style=\"height:250px; width:100%;\"><\/div><script>\nwindow.WPLeafletMapPlugin = window.WPLeafletMapPlugin || [];\nwindow.WPLeafletMapPlugin.push(function WPLeafletMapShortcode() {\/*<script>*\/\nvar baseUrl = atob('aHR0cHM6Ly97c30udGlsZS5vcGVuc3RyZWV0bWFwLm9yZy97en0ve3h9L3t5fS5wbmc=');\nvar base = (!baseUrl && window.MQ) ?\n    window.MQ.mapLayer() : L.tileLayer(baseUrl,\n        L.Util.extend({}, {\n            detectRetina: 0,\n        },\n        {\"subdomains\":\"abc\",\"noWrap\":false,\"maxZoom\":19}        )\n    );\n    var options = L.Util.extend({}, {\n        layers: [base],\n        attributionControl: false\n    },\n    {\"zoomControl\":false,\"scrollWheelZoom\":false,\"doubleClickZoom\":false,\"fitBounds\":false,\"minZoom\":0,\"maxZoom\":19,\"maxBounds\":null,\"attribution\":\"<a href=\\\"http:\\\/\\\/leafletjs.com\\\" title=\\\"Une biblioth\\u00e8que JS pour des cartes interactives\\\">Leaflet<\\\/a>; \\u00a9 <a href=\\\"http:\\\/\\\/www.openstreetmap.org\\\/copyright\\\">OpenStreetMap<\\\/a> contributeurs\\\/contributrices\"},\n    {});\nwindow.WPLeafletMapPlugin.createMap(options).setView([38.9195173,-6.3429419],15);});<\/script><script>\nwindow.WPLeafletMapPlugin = window.WPLeafletMapPlugin || [];\nwindow.WPLeafletMapPlugin.push(function WPLeafletMarkerShortcode() {\/*<script>*\/\nvar map = window.WPLeafletMapPlugin.getCurrentMap();\nvar group = window.WPLeafletMapPlugin.getCurrentGroup();\nvar marker_options = window.WPLeafletMapPlugin.getIconOptions({});\nvar marker = L.marker(\n    [38.9195173,-6.3429419],\n    marker_options\n);\nvar is_image = map.is_image_map;\nif (marker_options.draggable) {\n    marker.on('dragend', function () {\n        var latlng = this.getLatLng();\n        var lat = latlng.lat;\n        var lng = latlng.lng;\n        if (is_image) {\n            console.log('leaflet-marker y=' + lat + ' x=' + lng);\n        } else {\n            console.log('leaflet-marker lat=' + lat + ' lng=' + lng);\n        }\n    });\n}\nmarker.addTo( group );\nwindow.WPLeafletMapPlugin.markers.push( marker );\n        });<\/script><\/div>\n\r\n\r\n\r\n    <\/div>\r\n    <div class=\"column is-8\">\r\n        <p class=\"is-size-5 has-text-weight-bold mb-2 has-text-primary\"><i\r\n                class=\"fas fa-info-circle mr-2 has-text-primary\"><\/i>\u00c0 propos de Parking Cervantes<\/p>\r\n\r\n        <div class=\"content is-size-7-mobile is-size-6 mt-3 has-text-primary\">\r\n            <p>Au c\u0153ur de M\u00e9rida, <b>Parking Cervantes<\/b> se dresse comme une solution fantastique pour ceux qui recherchent un stationnement <b>\u00e9conomique<\/b> et accessible. Cet \u00e9tablissement est id\u00e9al pour ceux qui souhaitent explorer la richesse culturelle de la ville sans se soucier du co\u00fbt du parking. C&rsquo;est l&rsquo;une des meilleures options si vous vous trouvez \u00e0 proximit\u00e9 de lieux embl\u00e9matiques, garantissant une exp\u00e9rience confortable et sans complications.<\/p>\n\n<p>Comme le disent souvent ses clients, le <b>personnel attentionn\u00e9<\/b> de Parking Cervantes se distingue par sa gentillesse et sa disposition \u00e0 aider, m\u00eame aux moments les plus fr\u00e9quent\u00e9s. Les <b>places spacieuses<\/b> et la bonne hauteur du parking facilitent l&rsquo;acc\u00e8s, \u00e9tant adapt\u00e9es aux v\u00e9hicules grands comme les vans. Ce parking a \u00e9galement des accords avec des h\u00f4tels voisins et des appartements touristiques, renfor\u00e7ant ainsi sa proposition de valeur. Bien que certains utilisateurs aient comment\u00e9 l&rsquo;attitude de certains membres de l&rsquo;\u00e9quipe, l&rsquo;attention g\u00e9n\u00e9rale est reconnue comme un point fort par la client\u00e8le.<\/p>\n\n<p>Situ\u00e9 au Tr.\u00aa Cervantes, SN, le parking se trouve dans une zone strat\u00e9gique de <b>M\u00e9rida<\/b>, tr\u00e8s proche du centre. Son <b>accessibilit\u00e9<\/b> et sa proximit\u00e9 avec les principaux points d&rsquo;int\u00e9r\u00eat culturel font de ce stationnement une option inestimable. De plus, il propose des horaires flexibles qui s&rsquo;adaptent aux besoins des visiteurs. Il est bon de mentionner que, bien que la pr\u00e9sence de travaux \u00e0 proximit\u00e9 puisse parfois compliquer l&rsquo;acc\u00e8s, cet \u00e9v\u00e9nement ne nuit en rien \u00e0 la qualit\u00e9 du service propos\u00e9 par Parking Cervantes.<\/p>\n\n<p>D&rsquo;autre part, la <b>s\u00e9curit\u00e9<\/b> est une priorit\u00e9 dans ce parking. Avec une surveillance 24 heures sur 24 et un syst\u00e8me de cam\u00e9ras de s\u00e9curit\u00e9, les clients peuvent stationner en toute tranquillit\u00e9, sachant que leurs v\u00e9hicules sont entre de bonnes mains. L&rsquo;acc\u00e8s rapide et les entr\u00e9es larges sont des caract\u00e9ristiques qui ajoutent une valeur significative par rapport \u00e0 d&rsquo;autres parkings de la r\u00e9gion, comme le Parking Municipal Atarazanas ou le Parking Saba Estaci\u00f3n Tren M\u00e9rida.<\/p>\n\n<p>\u00c9tant donn\u00e9 que cette zone enregistre g\u00e9n\u00e9ralement une forte demande, nous vous recommandons de <b>r\u00e9server votre place<\/b> \u00e0 l&rsquo;avance. Vous pouvez planifier votre stationnement facilement via <b>ParkingLowCost.es<\/b> ou contacter directement <b>Parking Cervantes<\/b>. Garer votre voiture \u00e0 M\u00e9rida n\u2019a jamais \u00e9t\u00e9 aussi simple !<\/p>\r\n        <\/div>\r\n    <\/div>\r\n\r\n<\/div>\r\n<\/article>","protected":false},"excerpt":{"rendered":"<p>Parking Cervantes \u00e0 M\u00e9rida : s\u00e9curis\u00e9 et accessible. R\u00e9servez votre place et profitez de cette belle ville sans souci.<\/p>\n","protected":false},"author":1,"featured_media":10392,"comment_status":"closed","ping_status":"closed","sticky":false,"template":"","format":"standard","meta":{"footnotes":""},"categories":[],"tags":[417],"class_list":["post-16789","post","type-post","status-publish","format-standard","has-post-thumbnail","hentry","tag-parking-economique-merida"],"_links":{"self":[{"href":"https:\/\/parkinglowcost.es\/fr\/wp-json\/wp\/v2\/posts\/16789","targetHints":{"allow":["GET"]}}],"collection":[{"href":"https:\/\/parkinglowcost.es\/fr\/wp-json\/wp\/v2\/posts"}],"about":[{"href":"https:\/\/parkinglowcost.es\/fr\/wp-json\/wp\/v2\/types\/post"}],"author":[{"embeddable":true,"href":"https:\/\/parkinglowcost.es\/fr\/wp-json\/wp\/v2\/users\/1"}],"replies":[{"embeddable":true,"href":"https:\/\/parkinglowcost.es\/fr\/wp-json\/wp\/v2\/comments?post=16789"}],"version-history":[{"count":0,"href":"https:\/\/parkinglowcost.es\/fr\/wp-json\/wp\/v2\/posts\/16789\/revisions"}],"wp:featuredmedia":[{"embeddable":true,"href":"https:\/\/parkinglowcost.es\/fr\/wp-json\/wp\/v2\/media\/10392"}],"wp:attachment":[{"href":"https:\/\/parkinglowcost.es\/fr\/wp-json\/wp\/v2\/media?parent=16789"}],"wp:term":[{"taxonomy":"category","embeddable":true,"href":"https:\/\/parkinglowcost.es\/fr\/wp-json\/wp\/v2\/categories?post=16789"},{"taxonomy":"post_tag","embeddable":true,"href":"https:\/\/parkinglowcost.es\/fr\/wp-json\/wp\/v2\/tags?post=16789"}],"curies":[{"name":"wp","href":"https:\/\/api.w.org\/{rel}","templated":true}]}}