{"id":16650,"date":"2025-03-11T09:44:48","date_gmt":"2025-03-11T09:44:48","guid":{"rendered":"https:\/\/parkinglowcost.es\/parking-avinguda-salvador-dali-figueres\/"},"modified":"2025-03-11T15:23:13","modified_gmt":"2025-03-11T15:23:13","slug":"parking-avinguda-salvador-dali-figueres","status":"publish","type":"post","link":"https:\/\/parkinglowcost.es\/fr\/parking-avinguda-salvador-dali-figueres\/","title":{"rendered":"Parking Avinguda Salvador Dal\u00ed | Parking \u00e9conomique \u00e0 Figueres"},"content":{"rendered":"<div class=\"columns is-mobile is-variable is-3\">\r\n<div class=\"column is-5\">\r\n    <!-- IMG PROFILE -->\r\n        <img decoding=\"async\" src=\"https:\/\/parkinglowcost.es\/wp-content\/uploads\/AF1QipM0ztWrXTJkXXH48XtUCDmltBAG8lQYVdbM-Hddw408-h544-k-no.jpg\" alt='Parking Avinguda Salvador Dal\u00ed | Parking \u00e9conomique \u00e0 Figueres' title=\"Parking \u00e9conomique \u00e0 Figueres\" class=\"profile-image\">\r\n        <div class=\"profile-image-overflow has-background-primary px-4 py-4\">\r\n    <!-- IMG PROFILE -->\r\n    <!-- GOOGLE -->\r\n        <div class=\"profile-triangle\"><\/div>\r\n                <div class=\"has-background-primary\" style=\"border-radius:10px\">\r\n                    <p class=\"is-size-4-mobile is-size-4 has-text-weight-bold has-text-white ml-3 mb-0\"><i class=\"fas fa-search-location\"><\/i><\/p>\r\n                    <p class=\"is-size-7-mobile is-size-4 has-text-weight-bold has-text-white has-text-centered\">Entreprise not\u00e9e 4 sur Google<\/p>\r\n                    <p class=\"is-size-8 has-text-weight-bold mt-2 has-text-centered has-text-white\">Bas\u00e9 sur 39 avis<\/p>\r\n                <\/div>\r\n        <!-- GOOGLE -->\r\n    <\/div>\r\n   \r\n<\/div>\r\n\r\n\r\n<div class=\"column has-text-black\">\r\n    <h1\r\n        class=\"has-text-weight-bold is-size-5-mobile is-size-1 mb-3 has-text-primary\">Parking Avinguda Salvador Dal\u00ed<\/h1>\r\n    <p class=\"is-size-7-mobile is-size-5 has-text-weight-bold has-text-primary\">D\u00e9couvrez Parking Avinguda Salvador Dal\u00ed \u00e0 Figueres. R\u00e9servez votre place au meilleur prix et stationnez sans souci.<\/p>\r\n    <a target=\"_blank\" rel=\"sponsored noopener\" class=\"button is-rounded is-fullwidth mt-3 is-size-7-mobile is-size-4 is-warning has-text-weight-bold\" href=\"https:\/\/www.awin1.com\/cread.php?awinmid=25234&#038;awinaffid=789919\">R\u00e9server un parking<\/a>\r\n\r\n    <hr class=\"mt-4 mb-3 has-background-primary\">\r\n\r\n     <!-- BUSINESS INFO  -->\r\n    <div class=\"columns\">\r\n        <div class=\"column\">\r\n            <h3 class=\"is-size-7-mobile is-size-6 has-text-weight-bold mb-2 has-text-primary\"><i class=\"fas fa-map-marker-alt mr-2 has-text-primary\"><\/i>Adresse<\/h3>\r\n            <p class=\"is-size-7-mobile is-size-5\">Avinguda de Salvador Dal\u00ed i Dom\u00e8nech, 101 | Figueres<\/p>\r\n        <\/div>\r\n        <div class=\"column is-4 column-mobile\">\r\n            <!-- SOCIAL MEDIA -->\r\n            <h3 class=\"is-size-7-mobile is-size-6 has-text-weight-bold mb-2 has-text-primary\"><i class=\"fas fa-share-square mr-3\"><\/i>Contact<\/h3>\r\n            <div class=\"buttons\">\r\n                \r\n            <\/div>\r\n            <!-- SOCIAL MEDIA -->\r\n        <\/div>\r\n    <\/div>\r\n    <!-- BUSINESS INFO  -->\r\n\r\n    <hr class=\"mt-0 mb-3 has-background-primary\">\r\n    <h2 class=\"is-size-7-mobile is-size-6 has-text-weight-bold mb-2 has-text-primary\"><i class=\"fas fa-address-book mr-2 has-text-primary mb-3\"><\/i>Comment y arriver<\/h2>\r\n   \r\n    <a target=\"_blank\" rel=\"nofollow noopener noreferrer\" class=\"button is-rounded is-outlined is-fullwidth is-size-7-mobile is-size-4 is-danger mb-2\" href=\"https:\/\/www.waze.com\/ul?ll=42.2639307,2.9579408&#038;navigate=yes\"><i class=\"fab fa-waze mr-2\"><\/i> Waze<\/a><a target=\"_blank\" rel=\"nofollow noopener noreferrer\" class=\"button is-rounded is-outlined is-fullwidth is-size-7-mobile is-size-4 is-danger mb-2\" href=\"https:\/\/maps.apple.com\/?q=42.2639307,2.9579408\"><i class=\"fab fa-apple mr-2\"><\/i>Apple Maps<\/a><a target=\"_blank\" rel=\"nofollow noopener noreferrer\" class=\"button is-rounded is-outlined is-fullwidth is-size-7-mobile is-size-4 is-danger mb-2\" href=\"https:\/\/www.google.com\/maps\/search\/?api=1&#038;query=Parking%20Figueres&#038;query_place_id=ChIJ8dkOdMKNuhIR0LnRiYs_ldw\"><i class=\"fas fa-map-marker-alt mr-2\"><\/i>Google Maps<\/a>\r\n\r\n\r\n<\/div>\r\n<\/div>\r\n\r\n<div class='code-block code-block-2' style='margin: 8px 0; clear: both;'>\n<script async src=\"https:\/\/pagead2.googlesyndication.com\/pagead\/js\/adsbygoogle.js?client=ca-pub-3045090583979067\"\n     crossorigin=\"anonymous\"><\/script>\n<!-- Display Parking -->\n<ins class=\"adsbygoogle\"\n     style=\"display:block\"\n     data-ad-client=\"ca-pub-3045090583979067\"\n     data-ad-slot=\"3512595945\"\n     data-ad-format=\"auto\"\n     data-full-width-responsive=\"true\"><\/ins>\n<script>\n     (adsbygoogle = window.adsbygoogle || []).push({});\n<\/script><\/div>\n\r\n\r\n\r\n<article class=\"mt-3\">\r\n\r\n<div class=\"columns is-variable is-8\">\r\n    <div class=\"column is-4\">\r\n        <hr class=\"has-background-success\">\r\n        <h2 class=\"is-size-5 has-text-weight-bold mb-2 has-text-primary\"><i class=\"fas fa-calendar-alt mr-2 has-text-primary\"><\/i>Horaires Parking Avinguda Salvador Dal\u00ed<\/h2>\r\n\r\n        <table class=\"table is-fullwidth is-bordered mt-4 has-background-primary is-size-7-mobile is-size-6 has-text-white\">\n    <thead>\n        <tr>\n            <th class=\"has-text-white\">Jour<\/th>\n            <th class=\"has-text-white\">Heures d&rsquo;ouverture<\/th>\n        <\/tr>\n    <\/thead>\n    <tbody>\n        <tr>\n            <td>Lundi<\/td>\n            <td>Ouvert 24 heures sur 24<\/td>\n        <\/tr>\n        <tr>\n            <td>Mardi<\/td>\n            <td>Ouvert 24 heures sur 24<\/td>\n        <\/tr>\n        <tr>\n            <td>Mercredi<\/td>\n            <td>Ouvert 24 heures sur 24<\/td>\n        <\/tr>\n        <tr>\n            <td>Jeudi<\/td>\n            <td>Ouvert 24 heures sur 24<\/td>\n        <\/tr>\n        <tr>\n            <td>Vendredi<\/td>\n            <td>Ouvert 24 heures sur 24<\/td>\n        <\/tr>\n        <tr>\n            <td>Samedi<\/td>\n            <td>Ouvert 24 heures sur 24<\/td>\n        <\/tr>\n        <tr>\n            <td>Dimanche<\/td>\n            <td>Ouvert 24 heures sur 24<\/td>\n        <\/tr>\n    <\/tbody>\n<\/table>\r\n        <hr class=\"has-background-success\">\r\n        <h2 class=\"is-size-5 has-text-weight-bold mb-2 has-text-primary\"><i class=\"fas fa-map-marker-alt mr-2 has-text-primary\"><\/i>Carte<\/h2>\r\n        <div class='code-block code-block-50' style='margin: 8px 0; clear: both;'>\n<div class=\"leaflet-map WPLeafletMap\" style=\"height:250px; width:100%;\"><\/div><script>\nwindow.WPLeafletMapPlugin = window.WPLeafletMapPlugin || [];\nwindow.WPLeafletMapPlugin.push(function WPLeafletMapShortcode() {\/*<script>*\/\nvar baseUrl = atob('aHR0cHM6Ly97c30udGlsZS5vcGVuc3RyZWV0bWFwLm9yZy97en0ve3h9L3t5fS5wbmc=');\nvar base = (!baseUrl && window.MQ) ?\n    window.MQ.mapLayer() : L.tileLayer(baseUrl,\n        L.Util.extend({}, {\n            detectRetina: 0,\n        },\n        {\"subdomains\":\"abc\",\"noWrap\":false,\"maxZoom\":19}        )\n    );\n    var options = L.Util.extend({}, {\n        layers: [base],\n        attributionControl: false\n    },\n    {\"zoomControl\":false,\"scrollWheelZoom\":false,\"doubleClickZoom\":false,\"fitBounds\":false,\"minZoom\":0,\"maxZoom\":19,\"maxBounds\":null,\"attribution\":\"<a href=\\\"http:\\\/\\\/leafletjs.com\\\" title=\\\"Une biblioth\\u00e8que JS pour des cartes interactives\\\">Leaflet<\\\/a>; \\u00a9 <a href=\\\"http:\\\/\\\/www.openstreetmap.org\\\/copyright\\\">OpenStreetMap<\\\/a> contributeurs\\\/contributrices\"},\n    {});\nwindow.WPLeafletMapPlugin.createMap(options).setView([42.2639307,2.9579408],15);});<\/script><script>\nwindow.WPLeafletMapPlugin = window.WPLeafletMapPlugin || [];\nwindow.WPLeafletMapPlugin.push(function WPLeafletMarkerShortcode() {\/*<script>*\/\nvar map = window.WPLeafletMapPlugin.getCurrentMap();\nvar group = window.WPLeafletMapPlugin.getCurrentGroup();\nvar marker_options = window.WPLeafletMapPlugin.getIconOptions({});\nvar marker = L.marker(\n    [42.2639307,2.9579408],\n    marker_options\n);\nvar is_image = map.is_image_map;\nif (marker_options.draggable) {\n    marker.on('dragend', function () {\n        var latlng = this.getLatLng();\n        var lat = latlng.lat;\n        var lng = latlng.lng;\n        if (is_image) {\n            console.log('leaflet-marker y=' + lat + ' x=' + lng);\n        } else {\n            console.log('leaflet-marker lat=' + lat + ' lng=' + lng);\n        }\n    });\n}\nmarker.addTo( group );\nwindow.WPLeafletMapPlugin.markers.push( marker );\n        });<\/script><\/div>\n\r\n\r\n\r\n    <\/div>\r\n    <div class=\"column is-8\">\r\n        <p class=\"is-size-5 has-text-weight-bold mb-2 has-text-primary\"><i\r\n                class=\"fas fa-info-circle mr-2 has-text-primary\"><\/i>\u00c0 propos de Parking Avinguda Salvador Dal\u00ed<\/p>\r\n\r\n        <div class=\"content is-size-7-mobile is-size-6 mt-3 has-text-primary\">\r\n            <p>D\u00e9couvrir <b>Parking Avinguda Salvador Dal\u00ed<\/b> est une excellente option si vous vous trouvez dans la zone de <b>l&rsquo;H\u00f4tel Europa de Figueres<\/b>. Strat\u00e9giquement situ\u00e9 au <b>101 Avinguda de Salvador Dal\u00ed i Dom\u00e8nech<\/b>, ce parking allie confort et accessibilit\u00e9, vous permettant de profiter de la ville sans vous soucier de l&rsquo;endroit o\u00f9 garer votre v\u00e9hicule. Avec des tarifs d&rsquo;environ 20 euros par nuit, c&rsquo;est id\u00e9al pour ceux qui cherchent un parking \u00e0 port\u00e9e de budget.<\/p>\n\n<p>Selon les avis des utilisateurs, <b>Parking Avinguda Salvador Dal\u00ed<\/b> a re\u00e7u des \u00e9valuations mitig\u00e9es. De nombreux clients soulignent la <b>proximit\u00e9<\/b> des principales attractions de Figueres et de ses h\u00f4tels, ce qui en fait un lieu pratique pour laisser la voiture. Comme on le dit souvent \u00e0 ses clients, la <b>localisation<\/b> est l&rsquo;un des points les plus appr\u00e9ci\u00e9s. Cependant, certains commentaires indiquent qu&rsquo;il pourrait \u00eatre plus \u00e9conomique. Malgr\u00e9 cela, le rapport qualit\u00e9-prix reste remarquable par rapport \u00e0 d&rsquo;autres parkings souterrains de la r\u00e9gion.<\/p>\n\n<p>L&rsquo; <b>accessibilit\u00e9<\/b> de ce parking est un autre aspect qui ne passe pas inaper\u00e7u. Situ\u00e9 \u00e0 <b>Figueres<\/b>, pr\u00e8s de points d&rsquo;int\u00e9r\u00eat importants, c&rsquo;est une option pratique pour les visiteurs de cette charmante ville catalane. De plus, gr\u00e2ce \u00e0 son design, il permet une entr\u00e9e et une sortie rapides des v\u00e9hicules, un avantage que beaucoup de conducteurs appr\u00e9cient. Les places sont spacieuses, ce qui facilite le stationnement, m\u00eame aux heures de forte demande.<\/p>\n\n<p>En ce qui concerne la <b>s\u00e9curit\u00e9<\/b>, le <b>Parking Avinguda Salvador Dal\u00ed<\/b> dispose de mesures garantissant la protection des v\u00e9hicules. Il offre une surveillance, des cam\u00e9ras de s\u00e9curit\u00e9 et des places couvertes, des \u00e9l\u00e9ments qui apportent tranquillit\u00e9 d&rsquo;esprit aux utilisateurs qui choisissent de laisser leur v\u00e9hicule. Cette diff\u00e9rence significative par rapport aux autres parkings de la r\u00e9gion est un facteur cl\u00e9 \u00e0 prendre en compte lors de votre choix.<\/p>\n\n<p>L&rsquo;espace de stationnement est une alternative aux options comme <b>Saba Aparcamientos<\/b> et d&rsquo;autres parkings publics de la r\u00e9gion, offrant non seulement <b>confort<\/b>, mais \u00e9galement un service rapide et fiable. \u00c9tant donn\u00e9 que cette zone enregistre g\u00e9n\u00e9ralement une forte demande, nous vous recommandons de <b>r\u00e9server votre place \u00e0 l&rsquo;avance<\/b>. Vous pouvez le faire facilement via <b>ParkingLowCost.es<\/b> ou en contactant directement <b>Parking Avinguda Salvador Dal\u00ed<\/b>. Se garer \u00e0 Figueres n&rsquo;a jamais \u00e9t\u00e9 aussi simple !<\/p>\r\n        <\/div>\r\n    <\/div>\r\n\r\n<\/div>\r\n<\/article>","protected":false},"excerpt":{"rendered":"<p>D\u00e9couvrez Parking Avinguda Salvador Dal\u00ed \u00e0 Figueres. R\u00e9servez votre place au meilleur prix et stationnez sans souci.<\/p>\n","protected":false},"author":1,"featured_media":9847,"comment_status":"closed","ping_status":"closed","sticky":false,"template":"","format":"standard","meta":{"footnotes":""},"categories":[],"tags":[299],"class_list":["post-16650","post","type-post","status-publish","format-standard","has-post-thumbnail","hentry","tag-parking-economique-figueres"],"_links":{"self":[{"href":"https:\/\/parkinglowcost.es\/fr\/wp-json\/wp\/v2\/posts\/16650","targetHints":{"allow":["GET"]}}],"collection":[{"href":"https:\/\/parkinglowcost.es\/fr\/wp-json\/wp\/v2\/posts"}],"about":[{"href":"https:\/\/parkinglowcost.es\/fr\/wp-json\/wp\/v2\/types\/post"}],"author":[{"embeddable":true,"href":"https:\/\/parkinglowcost.es\/fr\/wp-json\/wp\/v2\/users\/1"}],"replies":[{"embeddable":true,"href":"https:\/\/parkinglowcost.es\/fr\/wp-json\/wp\/v2\/comments?post=16650"}],"version-history":[{"count":0,"href":"https:\/\/parkinglowcost.es\/fr\/wp-json\/wp\/v2\/posts\/16650\/revisions"}],"wp:featuredmedia":[{"embeddable":true,"href":"https:\/\/parkinglowcost.es\/fr\/wp-json\/wp\/v2\/media\/9847"}],"wp:attachment":[{"href":"https:\/\/parkinglowcost.es\/fr\/wp-json\/wp\/v2\/media?parent=16650"}],"wp:term":[{"taxonomy":"category","embeddable":true,"href":"https:\/\/parkinglowcost.es\/fr\/wp-json\/wp\/v2\/categories?post=16650"},{"taxonomy":"post_tag","embeddable":true,"href":"https:\/\/parkinglowcost.es\/fr\/wp-json\/wp\/v2\/tags?post=16650"}],"curies":[{"name":"wp","href":"https:\/\/api.w.org\/{rel}","templated":true}]}}