{"id":16596,"date":"2025-03-11T09:43:40","date_gmt":"2025-03-11T09:43:40","guid":{"rendered":"https:\/\/parkinglowcost.es\/parking-alameda-centro-jaen\/"},"modified":"2025-03-11T15:22:11","modified_gmt":"2025-03-11T15:22:11","slug":"parking-alameda-centro-jaen","status":"publish","type":"post","link":"https:\/\/parkinglowcost.es\/fr\/parking-alameda-centro-jaen\/","title":{"rendered":"Parking Alameda Centro | Parking \u00e9conomique \u00e0 Ja\u00e9n"},"content":{"rendered":"<div class=\"columns is-mobile is-variable is-3\">\r\n<div class=\"column is-5\">\r\n    <!-- IMG PROFILE -->\r\n        <img decoding=\"async\" src=\"https:\/\/parkinglowcost.es\/wp-content\/uploads\/AF1QipOXLFjOX0mABr0Pe7kjpQ2uoAZzxk6YBfqiFTjHw426-h240-k-no.jpg\" alt='Parking Alameda Centro | Parking \u00e9conomique \u00e0 Ja\u00e9n' title=\"Parking \u00e9conomique \u00e0 Ja\u00e9n\" class=\"profile-image\">\r\n        <div class=\"profile-image-overflow has-background-primary px-4 py-4\">\r\n    <!-- IMG PROFILE -->\r\n    <!-- GOOGLE -->\r\n        <div class=\"profile-triangle\"><\/div>\r\n                <div class=\"has-background-primary\" style=\"border-radius:10px\">\r\n                    <p class=\"is-size-4-mobile is-size-4 has-text-weight-bold has-text-white ml-3 mb-0\"><i class=\"fas fa-search-location\"><\/i><\/p>\r\n                    <p class=\"is-size-7-mobile is-size-4 has-text-weight-bold has-text-white has-text-centered\">Entreprise not\u00e9e 4 sur Google<\/p>\r\n                    <p class=\"is-size-8 has-text-weight-bold mt-2 has-text-centered has-text-white\">Bas\u00e9 sur 58 avis<\/p>\r\n                <\/div>\r\n        <!-- GOOGLE -->\r\n    <\/div>\r\n   \r\n<\/div>\r\n\r\n\r\n<div class=\"column has-text-black\">\r\n    <h1\r\n        class=\"has-text-weight-bold is-size-5-mobile is-size-1 mb-3 has-text-primary\">Parking Alameda Centro<\/h1>\r\n    <p class=\"is-size-7-mobile is-size-5 has-text-weight-bold has-text-primary\">Parking Alameda Centro \u00e0 Ja\u00e9n : stationnez confortablement et en s\u00e9curit\u00e9. R\u00e9servez votre place maintenant et profitez de la ville sans souci.<\/p>\r\n    <a target=\"_blank\" rel=\"sponsored noopener\" class=\"button is-rounded is-fullwidth mt-3 is-size-7-mobile is-size-4 is-warning has-text-weight-bold\" href=\"https:\/\/www.awin1.com\/cread.php?awinmid=25234&#038;awinaffid=789919\">R\u00e9server un parking<\/a>\r\n\r\n    <hr class=\"mt-4 mb-3 has-background-primary\">\r\n\r\n     <!-- BUSINESS INFO  -->\r\n    <div class=\"columns\">\r\n        <div class=\"column\">\r\n            <h3 class=\"is-size-7-mobile is-size-6 has-text-weight-bold mb-2 has-text-primary\"><i class=\"fas fa-map-marker-alt mr-2 has-text-primary\"><\/i>Adresse<\/h3>\r\n            <p class=\"is-size-7-mobile is-size-5\">Calle Pl. de Toros, 15 | Ja\u00e9n<\/p>\r\n        <\/div>\r\n        <div class=\"column is-4 column-mobile\">\r\n            <!-- SOCIAL MEDIA -->\r\n            <h3 class=\"is-size-7-mobile is-size-6 has-text-weight-bold mb-2 has-text-primary\"><i class=\"fas fa-share-square mr-3\"><\/i>Contact<\/h3>\r\n            <div class=\"buttons\">\r\n                \r\n            <\/div>\r\n            <!-- SOCIAL MEDIA -->\r\n        <\/div>\r\n    <\/div>\r\n    <!-- BUSINESS INFO  -->\r\n\r\n    <hr class=\"mt-0 mb-3 has-background-primary\">\r\n    <h2 class=\"is-size-7-mobile is-size-6 has-text-weight-bold mb-2 has-text-primary\"><i class=\"fas fa-address-book mr-2 has-text-primary mb-3\"><\/i>Comment y arriver<\/h2>\r\n   \r\n    <a target=\"_blank\" rel=\"nofollow noopener noreferrer\" class=\"button is-rounded is-outlined is-fullwidth is-size-7-mobile is-size-4 is-danger mb-2\" href=\"https:\/\/www.waze.com\/ul?ll=37.7680194,-3.7830581&#038;navigate=yes\"><i class=\"fab fa-waze mr-2\"><\/i> Waze<\/a><a target=\"_blank\" rel=\"nofollow noopener noreferrer\" class=\"button is-rounded is-outlined is-fullwidth is-size-7-mobile is-size-4 is-danger mb-2\" href=\"https:\/\/maps.apple.com\/?q=37.7680194,-3.7830581\"><i class=\"fab fa-apple mr-2\"><\/i>Apple Maps<\/a><a target=\"_blank\" rel=\"nofollow noopener noreferrer\" class=\"button is-rounded is-outlined is-fullwidth is-size-7-mobile is-size-4 is-danger mb-2\" href=\"https:\/\/www.google.com\/maps\/search\/?api=1&#038;query=Parking%20Alameda%20Centro&#038;query_place_id=ChIJE6AsOHTXbQ0RcD2D7QFqQ7Q\"><i class=\"fas fa-map-marker-alt mr-2\"><\/i>Google Maps<\/a>\r\n\r\n\r\n<\/div>\r\n<\/div>\r\n\r\n<div class='code-block code-block-2' style='margin: 8px 0; clear: both;'>\n<script async src=\"https:\/\/pagead2.googlesyndication.com\/pagead\/js\/adsbygoogle.js?client=ca-pub-3045090583979067\"\n     crossorigin=\"anonymous\"><\/script>\n<!-- Display Parking -->\n<ins class=\"adsbygoogle\"\n     style=\"display:block\"\n     data-ad-client=\"ca-pub-3045090583979067\"\n     data-ad-slot=\"3512595945\"\n     data-ad-format=\"auto\"\n     data-full-width-responsive=\"true\"><\/ins>\n<script>\n     (adsbygoogle = window.adsbygoogle || []).push({});\n<\/script><\/div>\n\r\n\r\n\r\n<article class=\"mt-3\">\r\n\r\n<div class=\"columns is-variable is-8\">\r\n    <div class=\"column is-4\">\r\n        <hr class=\"has-background-success\">\r\n        <h2 class=\"is-size-5 has-text-weight-bold mb-2 has-text-primary\"><i class=\"fas fa-calendar-alt mr-2 has-text-primary\"><\/i>Horaires Parking Alameda Centro<\/h2>\r\n\r\n        <table class=\"table is-fullwidth is-bordered mt-4 has-background-primary is-size-7-mobile is-size-6 has-text-white\">\n    <thead>\n        <tr>\n            <th class=\"has-text-white\">Jour<\/th>\n            <th class=\"has-text-white\">Heures d&rsquo;ouverture<\/th>\n        <\/tr>\n    <\/thead>\n    <tbody>\n        <tr>\n            <td>Lundi<\/td>\n            <td>No disponible<\/td>\n        <\/tr>\n        <tr>\n            <td>Mardi<\/td>\n            <td>No disponible<\/td>\n        <\/tr>\n        <tr>\n            <td>Mercredi<\/td>\n            <td>No disponible<\/td>\n        <\/tr>\n        <tr>\n            <td>Jeudi<\/td>\n            <td>No disponible<\/td>\n        <\/tr>\n        <tr>\n            <td>Vendredi<\/td>\n            <td>No disponible<\/td>\n        <\/tr>\n        <tr>\n            <td>Samedi<\/td>\n            <td>No disponible<\/td>\n        <\/tr>\n        <tr>\n            <td>Dimanche<\/td>\n            <td>No disponible<\/td>\n        <\/tr>\n    <\/tbody>\n<\/table>\r\n        <hr class=\"has-background-success\">\r\n        <h2 class=\"is-size-5 has-text-weight-bold mb-2 has-text-primary\"><i class=\"fas fa-map-marker-alt mr-2 has-text-primary\"><\/i>Carte<\/h2>\r\n        <div class='code-block code-block-50' style='margin: 8px 0; clear: both;'>\n<div class=\"leaflet-map WPLeafletMap\" style=\"height:250px; width:100%;\"><\/div><script>\nwindow.WPLeafletMapPlugin = window.WPLeafletMapPlugin || [];\nwindow.WPLeafletMapPlugin.push(function WPLeafletMapShortcode() {\/*<script>*\/\nvar baseUrl = atob('aHR0cHM6Ly97c30udGlsZS5vcGVuc3RyZWV0bWFwLm9yZy97en0ve3h9L3t5fS5wbmc=');\nvar base = (!baseUrl && window.MQ) ?\n    window.MQ.mapLayer() : L.tileLayer(baseUrl,\n        L.Util.extend({}, {\n            detectRetina: 0,\n        },\n        {\"subdomains\":\"abc\",\"noWrap\":false,\"maxZoom\":19}        )\n    );\n    var options = L.Util.extend({}, {\n        layers: [base],\n        attributionControl: false\n    },\n    {\"zoomControl\":false,\"scrollWheelZoom\":false,\"doubleClickZoom\":false,\"fitBounds\":false,\"minZoom\":0,\"maxZoom\":19,\"maxBounds\":null,\"attribution\":\"<a href=\\\"http:\\\/\\\/leafletjs.com\\\" title=\\\"Une biblioth\\u00e8que JS pour des cartes interactives\\\">Leaflet<\\\/a>; \\u00a9 <a href=\\\"http:\\\/\\\/www.openstreetmap.org\\\/copyright\\\">OpenStreetMap<\\\/a> contributeurs\\\/contributrices\"},\n    {});\nwindow.WPLeafletMapPlugin.createMap(options).setView([37.7680194,-3.7830581],15);});<\/script><script>\nwindow.WPLeafletMapPlugin = window.WPLeafletMapPlugin || [];\nwindow.WPLeafletMapPlugin.push(function WPLeafletMarkerShortcode() {\/*<script>*\/\nvar map = window.WPLeafletMapPlugin.getCurrentMap();\nvar group = window.WPLeafletMapPlugin.getCurrentGroup();\nvar marker_options = window.WPLeafletMapPlugin.getIconOptions({});\nvar marker = L.marker(\n    [37.7680194,-3.7830581],\n    marker_options\n);\nvar is_image = map.is_image_map;\nif (marker_options.draggable) {\n    marker.on('dragend', function () {\n        var latlng = this.getLatLng();\n        var lat = latlng.lat;\n        var lng = latlng.lng;\n        if (is_image) {\n            console.log('leaflet-marker y=' + lat + ' x=' + lng);\n        } else {\n            console.log('leaflet-marker lat=' + lat + ' lng=' + lng);\n        }\n    });\n}\nmarker.addTo( group );\nwindow.WPLeafletMapPlugin.markers.push( marker );\n        });<\/script><\/div>\n\r\n\r\n\r\n    <\/div>\r\n    <div class=\"column is-8\">\r\n        <p class=\"is-size-5 has-text-weight-bold mb-2 has-text-primary\"><i\r\n                class=\"fas fa-info-circle mr-2 has-text-primary\"><\/i>\u00c0 propos de Parking Alameda Centro<\/p>\r\n\r\n        <div class=\"content is-size-7-mobile is-size-6 mt-3 has-text-primary\">\r\n            <p>Au c\u0153ur de Ja\u00e9n, <b>Parking Alameda Centro<\/b> se pr\u00e9sente comme l&rsquo;une des meilleures options si vous \u00eates dans la r\u00e9gion. Con\u00e7u pour ceux qui recherchent un espace s\u00fbr et abordable, ce parking offre un r\u00e9pit aux automobilistes dans une ville o\u00f9 trouver une place de stationnement peut \u00eatre un d\u00e9fi. Id\u00e9al pour des visites \u00e0 la fois touristiques et professionnelles, sa proposition de valeur repose sur le confort et l\u2019\u00e9conomie.<\/p>\n\n<p>Comme l&rsquo;entendent souvent ses clients, <b>Parking Alameda Centro<\/b> se distingue par son espace vaste et son acc\u00e8s facile, \u00e0 proximit\u00e9 de l&rsquo;animation du centre-ville. Avec des prix mod\u00e9r\u00e9s et un service client qui fait vraiment la diff\u00e9rence, ce parking est hautement appr\u00e9ci\u00e9 pour son accessibilit\u00e9 et la satisfaction qu&rsquo;il apporte \u00e0 ceux qui l\u2019utilisent. Bien que certaines critiques aient signal\u00e9 qu&rsquo;il pourrait am\u00e9liorer sa signal\u00e9tique interne, le consensus g\u00e9n\u00e9ral est que la qualit\u00e9 du service compense ces d\u00e9tails. La rapidit\u00e9 d&rsquo;entr\u00e9e et de sortie, ainsi que le soin apport\u00e9 aux v\u00e9hicules, sont des aspects particuli\u00e8rement appr\u00e9ci\u00e9s par les utilisateurs.<\/p>\n\n<p>Situ\u00e9 au <b>Calle Pl. de Toros, 15<\/b>, ce parking ne se contente pas d&rsquo;\u00eatre dans un emplacement strat\u00e9gique, il offre \u00e9galement une s\u00e9rie d&rsquo;avantages pratiques. Ouvert tous les jours, il propose des horaires flexibles qui s&rsquo;adaptent aux besoins de chaque voyageur. La proximit\u00e9 de plusieurs points d&rsquo;int\u00e9r\u00eat de la ville fait de celui-ci un parking tr\u00e8s attrayant. De plus, <b>son syst\u00e8me de surveillance 24h<\/b> et la pr\u00e9sence de cam\u00e9ras de s\u00e9curit\u00e9 garantissent que votre v\u00e9hicule sera prot\u00e9g\u00e9 \u00e0 tout moment.<\/p>\n\n<p>Parking Alameda Centro se distingue de la concurrence par ses larges places et sa gestion automatis\u00e9e, qui facilite le processus de stationnement. Une autre avantage est que, \u00e9tant situ\u00e9 dans une zone \u00e0 fort passage, son acc\u00e8s est rapide et confortable, ce qui le rend id\u00e9al pour ceux qui cherchent \u00e0 laisser leur voiture et \u00e0 continuer leur chemin sans complications. Dans les environs, vous pouvez \u00e9galement trouver d&rsquo;autres options comme le Parking R\u00e9sidents \u00ab\u00a0Ampliaci\u00f3n Alameda\u00a0\u00bb et le Parking La Victoria, mais peu offrent la combinaison de commodit\u00e9 et de s\u00e9curit\u00e9 que fournit Parking Alameda Centro.<\/p>\n\n<p>\u00c9tant donn\u00e9 que cette zone enregistre souvent une forte demande, nous vous recommandons de <b>r\u00e9server votre place \u00e0 l&rsquo;avance<\/b>. Vous pouvez le faire facilement via <b>ParkingLowCost.es<\/b> ou contacter directement <b>Parking Alameda Centro<\/b>. Garer votre voiture \u00e0 Ja\u00e9n n&rsquo;a jamais \u00e9t\u00e9 aussi simple et accessible ! Ne manquez pas cette opportunit\u00e9 et <b>planifiez votre stationnement<\/b> d\u00e8s aujourd&rsquo;hui pour profiter d&rsquo;une exp\u00e9rience sans stress.<\/p>\r\n        <\/div>\r\n    <\/div>\r\n\r\n<\/div>\r\n<\/article>","protected":false},"excerpt":{"rendered":"<p>Parking Alameda Centro \u00e0 Ja\u00e9n : stationnez confortablement et en s\u00e9curit\u00e9. R\u00e9servez votre place maintenant et profitez de la ville sans souci.<\/p>\n","protected":false},"author":1,"featured_media":9630,"comment_status":"closed","ping_status":"closed","sticky":false,"template":"","format":"standard","meta":{"footnotes":""},"categories":[],"tags":[351],"class_list":["post-16596","post","type-post","status-publish","format-standard","has-post-thumbnail","hentry","tag-parking-economique-jaen"],"_links":{"self":[{"href":"https:\/\/parkinglowcost.es\/fr\/wp-json\/wp\/v2\/posts\/16596","targetHints":{"allow":["GET"]}}],"collection":[{"href":"https:\/\/parkinglowcost.es\/fr\/wp-json\/wp\/v2\/posts"}],"about":[{"href":"https:\/\/parkinglowcost.es\/fr\/wp-json\/wp\/v2\/types\/post"}],"author":[{"embeddable":true,"href":"https:\/\/parkinglowcost.es\/fr\/wp-json\/wp\/v2\/users\/1"}],"replies":[{"embeddable":true,"href":"https:\/\/parkinglowcost.es\/fr\/wp-json\/wp\/v2\/comments?post=16596"}],"version-history":[{"count":0,"href":"https:\/\/parkinglowcost.es\/fr\/wp-json\/wp\/v2\/posts\/16596\/revisions"}],"wp:featuredmedia":[{"embeddable":true,"href":"https:\/\/parkinglowcost.es\/fr\/wp-json\/wp\/v2\/media\/9630"}],"wp:attachment":[{"href":"https:\/\/parkinglowcost.es\/fr\/wp-json\/wp\/v2\/media?parent=16596"}],"wp:term":[{"taxonomy":"category","embeddable":true,"href":"https:\/\/parkinglowcost.es\/fr\/wp-json\/wp\/v2\/categories?post=16596"},{"taxonomy":"post_tag","embeddable":true,"href":"https:\/\/parkinglowcost.es\/fr\/wp-json\/wp\/v2\/tags?post=16596"}],"curies":[{"name":"wp","href":"https:\/\/api.w.org\/{rel}","templated":true}]}}