{"id":16402,"date":"2025-03-11T09:38:56","date_gmt":"2025-03-11T09:38:56","guid":{"rendered":"https:\/\/parkinglowcost.es\/aparcamientos-la-grandilla-badajoz\/"},"modified":"2025-03-11T15:18:00","modified_gmt":"2025-03-11T15:18:00","slug":"aparcamientos-la-grandilla-badajoz","status":"publish","type":"post","link":"https:\/\/parkinglowcost.es\/fr\/aparcamientos-la-grandilla-badajoz\/","title":{"rendered":"Aparcamientos La Grandilla | Parking \u00e9conomique \u00e0 Badajoz"},"content":{"rendered":"<div class=\"columns is-mobile is-variable is-3\">\r\n<div class=\"column is-5\">\r\n    <!-- IMG PROFILE -->\r\n        <img decoding=\"async\" src=\"https:\/\/parkinglowcost.es\/wp-content\/uploads\/thumbnailpanoid6xFZikvluhkoQxMeoywxrQcb_clientsearch.gws-prod.gpsw408h240yaw248.jpg\" alt='Aparcamientos La Grandilla | Parking \u00e9conomique \u00e0 Badajoz' title=\"Parking \u00e9conomique \u00e0 Badajoz\" class=\"profile-image\">\r\n        <div class=\"profile-image-overflow has-background-primary px-4 py-4\">\r\n    <!-- IMG PROFILE -->\r\n    <!-- GOOGLE -->\r\n        <div class=\"profile-triangle\"><\/div>\r\n                <div class=\"has-background-primary\" style=\"border-radius:10px\">\r\n                    <p class=\"is-size-4-mobile is-size-4 has-text-weight-bold has-text-white ml-3 mb-0\"><i class=\"fas fa-search-location\"><\/i><\/p>\r\n                    <p class=\"is-size-7-mobile is-size-4 has-text-weight-bold has-text-white has-text-centered\">Entreprise not\u00e9e 3 sur Google<\/p>\r\n                    <p class=\"is-size-8 has-text-weight-bold mt-2 has-text-centered has-text-white\">Bas\u00e9 sur 1 avis<\/p>\r\n                <\/div>\r\n        <!-- GOOGLE -->\r\n    <\/div>\r\n   \r\n<\/div>\r\n\r\n\r\n<div class=\"column has-text-black\">\r\n    <h1\r\n        class=\"has-text-weight-bold is-size-5-mobile is-size-1 mb-3 has-text-primary\">Aparcamientos La Grandilla<\/h1>\r\n    <p class=\"is-size-7-mobile is-size-5 has-text-weight-bold has-text-primary\">Aparcamientos La Grandilla \u00e0 Badajoz : s\u00fbr, accessible et confortable. R\u00e9servez votre place et profitez de Badajoz sans stress.<\/p>\r\n    <a target=\"_blank\" rel=\"sponsored noopener\" class=\"button is-rounded is-fullwidth mt-3 is-size-7-mobile is-size-4 is-warning has-text-weight-bold\" href=\"https:\/\/www.awin1.com\/cread.php?awinmid=25234&#038;awinaffid=789919\">R\u00e9server un parking<\/a>\r\n\r\n    <hr class=\"mt-4 mb-3 has-background-primary\">\r\n\r\n     <!-- BUSINESS INFO  -->\r\n    <div class=\"columns\">\r\n        <div class=\"column\">\r\n            <h3 class=\"is-size-7-mobile is-size-6 has-text-weight-bold mb-2 has-text-primary\"><i class=\"fas fa-map-marker-alt mr-2 has-text-primary\"><\/i>Adresse<\/h3>\r\n            <p class=\"is-size-7-mobile is-size-5\">Calle Emigrante Pacense | Badajoz<\/p>\r\n        <\/div>\r\n        <div class=\"column is-4 column-mobile\">\r\n            <!-- SOCIAL MEDIA -->\r\n            <h3 class=\"is-size-7-mobile is-size-6 has-text-weight-bold mb-2 has-text-primary\"><i class=\"fas fa-share-square mr-3\"><\/i>Contact<\/h3>\r\n            <div class=\"buttons\">\r\n                \r\n            <\/div>\r\n            <!-- SOCIAL MEDIA -->\r\n        <\/div>\r\n    <\/div>\r\n    <!-- BUSINESS INFO  -->\r\n\r\n    <hr class=\"mt-0 mb-3 has-background-primary\">\r\n    <h2 class=\"is-size-7-mobile is-size-6 has-text-weight-bold mb-2 has-text-primary\"><i class=\"fas fa-address-book mr-2 has-text-primary mb-3\"><\/i>Comment y arriver<\/h2>\r\n   \r\n    <a target=\"_blank\" rel=\"nofollow noopener noreferrer\" class=\"button is-rounded is-outlined is-fullwidth is-size-7-mobile is-size-4 is-danger mb-2\" href=\"https:\/\/www.waze.com\/ul?ll=38.8620783,-7.0045441&#038;navigate=yes\"><i class=\"fab fa-waze mr-2\"><\/i> Waze<\/a><a target=\"_blank\" rel=\"nofollow noopener noreferrer\" class=\"button is-rounded is-outlined is-fullwidth is-size-7-mobile is-size-4 is-danger mb-2\" href=\"https:\/\/maps.apple.com\/?q=38.8620783,-7.0045441\"><i class=\"fab fa-apple mr-2\"><\/i>Apple Maps<\/a><a target=\"_blank\" rel=\"nofollow noopener noreferrer\" class=\"button is-rounded is-outlined is-fullwidth is-size-7-mobile is-size-4 is-danger mb-2\" href=\"https:\/\/www.google.com\/maps\/search\/?api=1&#038;query=Aparcamientos%20La%20Grandilla&#038;query_place_id=ChIJcZsgDb3lFg0Ru-4jhJ_-00w\"><i class=\"fas fa-map-marker-alt mr-2\"><\/i>Google Maps<\/a>\r\n\r\n\r\n<\/div>\r\n<\/div>\r\n\r\n<div class='code-block code-block-2' style='margin: 8px 0; clear: both;'>\n<script async src=\"https:\/\/pagead2.googlesyndication.com\/pagead\/js\/adsbygoogle.js?client=ca-pub-3045090583979067\"\n     crossorigin=\"anonymous\"><\/script>\n<!-- Display Parking -->\n<ins class=\"adsbygoogle\"\n     style=\"display:block\"\n     data-ad-client=\"ca-pub-3045090583979067\"\n     data-ad-slot=\"3512595945\"\n     data-ad-format=\"auto\"\n     data-full-width-responsive=\"true\"><\/ins>\n<script>\n     (adsbygoogle = window.adsbygoogle || []).push({});\n<\/script><\/div>\n\r\n\r\n\r\n<article class=\"mt-3\">\r\n\r\n<div class=\"columns is-variable is-8\">\r\n    <div class=\"column is-4\">\r\n        <hr class=\"has-background-success\">\r\n        <h2 class=\"is-size-5 has-text-weight-bold mb-2 has-text-primary\"><i class=\"fas fa-calendar-alt mr-2 has-text-primary\"><\/i>Horaires Aparcamientos La Grandilla<\/h2>\r\n\r\n        <table class=\"table is-fullwidth is-bordered mt-4 has-background-primary is-size-7-mobile is-size-6 has-text-white\">\n    <thead>\n        <tr>\n            <th class=\"has-text-white\">Jour<\/th>\n            <th class=\"has-text-white\">Heures d&rsquo;ouverture<\/th>\n        <\/tr>\n    <\/thead>\n    <tbody>\n        <tr>\n            <td>Lundi<\/td>\n            <td>Ouvert 24 heures sur 24<\/td>\n        <\/tr>\n        <tr>\n            <td>Mardi<\/td>\n            <td>Ouvert 24 heures sur 24<\/td>\n        <\/tr>\n        <tr>\n            <td>Mercredi<\/td>\n            <td>Ouvert 24 heures sur 24<\/td>\n        <\/tr>\n        <tr>\n            <td>Jeudi<\/td>\n            <td>Ouvert 24 heures sur 24<\/td>\n        <\/tr>\n        <tr>\n            <td>Vendredi<\/td>\n            <td>Ouvert 24 heures sur 24<\/td>\n        <\/tr>\n        <tr>\n            <td>Samedi<\/td>\n            <td>Ouvert 24 heures sur 24<\/td>\n        <\/tr>\n        <tr>\n            <td>Dimanche<\/td>\n            <td>Ouvert 24 heures sur 24<\/td>\n        <\/tr>\n    <\/tbody>\n<\/table>\r\n        <hr class=\"has-background-success\">\r\n        <h2 class=\"is-size-5 has-text-weight-bold mb-2 has-text-primary\"><i class=\"fas fa-map-marker-alt mr-2 has-text-primary\"><\/i>Carte<\/h2>\r\n        <div class='code-block code-block-50' style='margin: 8px 0; clear: both;'>\n<div class=\"leaflet-map WPLeafletMap\" style=\"height:250px; width:100%;\"><\/div><script>\nwindow.WPLeafletMapPlugin = window.WPLeafletMapPlugin || [];\nwindow.WPLeafletMapPlugin.push(function WPLeafletMapShortcode() {\/*<script>*\/\nvar baseUrl = atob('aHR0cHM6Ly97c30udGlsZS5vcGVuc3RyZWV0bWFwLm9yZy97en0ve3h9L3t5fS5wbmc=');\nvar base = (!baseUrl && window.MQ) ?\n    window.MQ.mapLayer() : L.tileLayer(baseUrl,\n        L.Util.extend({}, {\n            detectRetina: 0,\n        },\n        {\"subdomains\":\"abc\",\"noWrap\":false,\"maxZoom\":19}        )\n    );\n    var options = L.Util.extend({}, {\n        layers: [base],\n        attributionControl: false\n    },\n    {\"zoomControl\":false,\"scrollWheelZoom\":false,\"doubleClickZoom\":false,\"fitBounds\":false,\"minZoom\":0,\"maxZoom\":19,\"maxBounds\":null,\"attribution\":\"<a href=\\\"http:\\\/\\\/leafletjs.com\\\" title=\\\"Une biblioth\\u00e8que JS pour des cartes interactives\\\">Leaflet<\\\/a>; \\u00a9 <a href=\\\"http:\\\/\\\/www.openstreetmap.org\\\/copyright\\\">OpenStreetMap<\\\/a> contributeurs\\\/contributrices\"},\n    {});\nwindow.WPLeafletMapPlugin.createMap(options).setView([38.8620783,-7.0045441],15);});<\/script><script>\nwindow.WPLeafletMapPlugin = window.WPLeafletMapPlugin || [];\nwindow.WPLeafletMapPlugin.push(function WPLeafletMarkerShortcode() {\/*<script>*\/\nvar map = window.WPLeafletMapPlugin.getCurrentMap();\nvar group = window.WPLeafletMapPlugin.getCurrentGroup();\nvar marker_options = window.WPLeafletMapPlugin.getIconOptions({});\nvar marker = L.marker(\n    [38.8620783,-7.0045441],\n    marker_options\n);\nvar is_image = map.is_image_map;\nif (marker_options.draggable) {\n    marker.on('dragend', function () {\n        var latlng = this.getLatLng();\n        var lat = latlng.lat;\n        var lng = latlng.lng;\n        if (is_image) {\n            console.log('leaflet-marker y=' + lat + ' x=' + lng);\n        } else {\n            console.log('leaflet-marker lat=' + lat + ' lng=' + lng);\n        }\n    });\n}\nmarker.addTo( group );\nwindow.WPLeafletMapPlugin.markers.push( marker );\n        });<\/script><\/div>\n\r\n\r\n\r\n    <\/div>\r\n    <div class=\"column is-8\">\r\n        <p class=\"is-size-5 has-text-weight-bold mb-2 has-text-primary\"><i\r\n                class=\"fas fa-info-circle mr-2 has-text-primary\"><\/i>\u00c0 propos de Aparcamientos La Grandilla<\/p>\r\n\r\n        <div class=\"content is-size-7-mobile is-size-6 mt-3 has-text-primary\">\r\n            <p>Au c\u0153ur du <b>Polideportivo La Granadilla<\/b>, \u00e0 Badajoz, se trouve <b>Aparcamientos La Grandilla<\/b>, un espace con\u00e7u pour ceux qui cherchent \u00e0 <b>\u00e9conomiser sur le stationnement<\/b> sans sacrifier le confort et la s\u00e9curit\u00e9. Ce parking est l&rsquo;une des meilleures options si vous \u00eates dans le coin et souhaitez profiter de la tranquillit\u00e9 d&rsquo;esprit en sachant que votre v\u00e9hicule est entre de bonnes mains. Sa situation strat\u00e9gique en fait un point de d\u00e9part id\u00e9al pour vos activit\u00e9s, que ce soit pour visiter le polideportivo, pratiquer des sports ou simplement explorer la ville vibrante.<\/p>\n\n<p>Au fil de son parcours, <b>Aparcamientos La Grandilla<\/b> a su satisfaire ses visiteurs, comme on l&rsquo;entend souvent de ses clients : \u201cc&rsquo;est un endroit s\u00fbr et accessible, avec une attention rapide et efficace\u201d. Les utilisateurs valorisent positivement le service client et la disponibilit\u00e9 d&rsquo;un personnel aimable, bien qu&rsquo;ils recommandent \u00e9galement d&rsquo;am\u00e9liorer certains aspects du contr\u00f4le d&rsquo;acc\u00e8s. Toutefois, son <b>accompagnement personnalis\u00e9<\/b> et la <b>garantie de places disponibles<\/b> demeurent ses points forts, attirant les visiteurs qui cherchent \u00e0 \u00e9valuer leurs options dans une ville \u00e0 forte rotation.<\/p>\n\n<p>Situ\u00e9 dans la <b>Calle Emigrante Pacense<\/b>, ce parking offre un acc\u00e8s facile depuis plusieurs principales routes et se trouve \u00e0 proximit\u00e9 d&rsquo;attractions cl\u00e9s de Badajoz. Gr\u00e2ce \u00e0 ses <b>places couvertes<\/b> et \u00e0 son design accessible, les utilisateurs b\u00e9n\u00e9ficient d&rsquo;un acc\u00e8s facile qui minimise le temps d&rsquo;attente \u00e0 l&rsquo;entr\u00e9e et \u00e0 la sortie. De plus, l\u2019attention port\u00e9e aux horaires d&rsquo;exploitation garantit qu&rsquo;il y ait toujours une place disponible, facilitant la planification de toute activit\u00e9, qu&rsquo;il s&rsquo;agisse d&rsquo;un \u00e9v\u00e9nement sportif ou d&rsquo;une t\u00e2che quotidienne.<\/p>\n\n<p>Un des plus grands atouts de <b>Aparcamientos La Grandilla<\/b> est son engagement en mati\u00e8re de s\u00e9curit\u00e9. Avec un syst\u00e8me de <b>vid\u00e9osurveillance 24h<\/b>, des cam\u00e9ras de s\u00e9curit\u00e9 et des acc\u00e8s larges, ce parking garantit que chaque voiture est surveill\u00e9e en permanence. Qui plus est, la <b>gestion automatis\u00e9e<\/b> permet un flux de trafic fluide, ce qui se traduit par une exp\u00e9rience de stationnement efficace et sans complications.<\/p>\n\n<p>Dans une ville o\u00f9 la demande de stationnement tend \u00e0 \u00eatre \u00e9lev\u00e9e, il n&rsquo;y a pas de meilleur moment que maintenant pour <b>s\u00e9curiser votre place<\/b>. Nous vous recommandons de planifier votre stationnement \u00e0 l&rsquo;avance pour \u00e9viter les d\u00e9sagr\u00e9ments. Vous pouvez le faire facilement via <b>ParkingLowCost.es<\/b> ou en contactant directement <b>Aparcamientos La Grandilla<\/b>. Profiter de Badajoz n&rsquo;a jamais \u00e9t\u00e9 aussi facile et accessible qu&rsquo;aujourd&rsquo;hui !<\/p>\r\n        <\/div>\r\n    <\/div>\r\n\r\n<\/div>\r\n<\/article>","protected":false},"excerpt":{"rendered":"<p>Aparcamientos La Grandilla \u00e0 Badajoz : s\u00fbr, accessible et confortable. R\u00e9servez votre place et profitez de Badajoz sans stress.<\/p>\n","protected":false},"author":1,"featured_media":8900,"comment_status":"closed","ping_status":"closed","sticky":false,"template":"","format":"standard","meta":{"footnotes":""},"categories":[],"tags":[392],"class_list":["post-16402","post","type-post","status-publish","format-standard","has-post-thumbnail","hentry","tag-parking-economique-badajoz"],"_links":{"self":[{"href":"https:\/\/parkinglowcost.es\/fr\/wp-json\/wp\/v2\/posts\/16402","targetHints":{"allow":["GET"]}}],"collection":[{"href":"https:\/\/parkinglowcost.es\/fr\/wp-json\/wp\/v2\/posts"}],"about":[{"href":"https:\/\/parkinglowcost.es\/fr\/wp-json\/wp\/v2\/types\/post"}],"author":[{"embeddable":true,"href":"https:\/\/parkinglowcost.es\/fr\/wp-json\/wp\/v2\/users\/1"}],"replies":[{"embeddable":true,"href":"https:\/\/parkinglowcost.es\/fr\/wp-json\/wp\/v2\/comments?post=16402"}],"version-history":[{"count":0,"href":"https:\/\/parkinglowcost.es\/fr\/wp-json\/wp\/v2\/posts\/16402\/revisions"}],"wp:featuredmedia":[{"embeddable":true,"href":"https:\/\/parkinglowcost.es\/fr\/wp-json\/wp\/v2\/media\/8900"}],"wp:attachment":[{"href":"https:\/\/parkinglowcost.es\/fr\/wp-json\/wp\/v2\/media?parent=16402"}],"wp:term":[{"taxonomy":"category","embeddable":true,"href":"https:\/\/parkinglowcost.es\/fr\/wp-json\/wp\/v2\/categories?post=16402"},{"taxonomy":"post_tag","embeddable":true,"href":"https:\/\/parkinglowcost.es\/fr\/wp-json\/wp\/v2\/tags?post=16402"}],"curies":[{"name":"wp","href":"https:\/\/api.w.org\/{rel}","templated":true}]}}