{"id":16400,"date":"2025-03-11T09:38:24","date_gmt":"2025-03-11T09:38:24","guid":{"rendered":"https:\/\/parkinglowcost.es\/aparcamientos-dolores-bas-de-arus-badajoz\/"},"modified":"2025-03-11T15:17:31","modified_gmt":"2025-03-11T15:17:31","slug":"aparcamientos-dolores-bas-de-arus-badajoz","status":"publish","type":"post","link":"https:\/\/parkinglowcost.es\/fr\/aparcamientos-dolores-bas-de-arus-badajoz\/","title":{"rendered":"Aparcamientos Dolores Bas de Arus | Parking \u00e9conomique \u00e0 Badajoz"},"content":{"rendered":"<div class=\"columns is-mobile is-variable is-3\">\r\n<div class=\"column is-5\">\r\n    <!-- IMG PROFILE -->\r\n        <img decoding=\"async\" src=\"https:\/\/parkinglowcost.es\/wp-content\/uploads\/AF1QipPV5nkG55cvWzav-ORbLNEFYIT-o4CLt9LZY1A5w408-h306-k-no.jpg\" alt='Aparcamientos Dolores Bas de Arus | Parking \u00e9conomique \u00e0 Badajoz' title=\"Parking \u00e9conomique \u00e0 Badajoz\" class=\"profile-image\">\r\n        <div class=\"profile-image-overflow has-background-primary px-4 py-4\">\r\n    <!-- IMG PROFILE -->\r\n    <!-- GOOGLE -->\r\n        <div class=\"profile-triangle\"><\/div>\r\n                <div class=\"has-background-primary\" style=\"border-radius:10px\">\r\n                    <p class=\"is-size-4-mobile is-size-4 has-text-weight-bold has-text-white ml-3 mb-0\"><i class=\"fas fa-search-location\"><\/i><\/p>\r\n                    <p class=\"is-size-7-mobile is-size-4 has-text-weight-bold has-text-white has-text-centered\">Entreprise not\u00e9e 4.6 sur Google<\/p>\r\n                    <p class=\"is-size-8 has-text-weight-bold mt-2 has-text-centered has-text-white\">Bas\u00e9 sur 32 avis<\/p>\r\n                <\/div>\r\n        <!-- GOOGLE -->\r\n    <\/div>\r\n   \r\n<\/div>\r\n\r\n\r\n<div class=\"column has-text-black\">\r\n    <h1\r\n        class=\"has-text-weight-bold is-size-5-mobile is-size-1 mb-3 has-text-primary\">Aparcamientos Dolores Bas de Arus<\/h1>\r\n    <p class=\"is-size-7-mobile is-size-5 has-text-weight-bold has-text-primary\">Aparcamientos Dolores Bas de Arus \u00e0 Badajoz : service 24h et places couvertes. R\u00e9servez maintenant et stationnez sans souci !<\/p>\r\n    <a target=\"_blank\" rel=\"sponsored noopener\" class=\"button is-rounded is-fullwidth mt-3 is-size-7-mobile is-size-4 is-warning has-text-weight-bold\" href=\"https:\/\/www.awin1.com\/cread.php?awinmid=25234&#038;awinaffid=789919\">R\u00e9server un parking<\/a>\r\n\r\n    <hr class=\"mt-4 mb-3 has-background-primary\">\r\n\r\n     <!-- BUSINESS INFO  -->\r\n    <div class=\"columns\">\r\n        <div class=\"column\">\r\n            <h3 class=\"is-size-7-mobile is-size-6 has-text-weight-bold mb-2 has-text-primary\"><i class=\"fas fa-map-marker-alt mr-2 has-text-primary\"><\/i>Adresse<\/h3>\r\n            <p class=\"is-size-7-mobile is-size-5\">Avenida Joaqu\u00edn Costa, 38 | Badajoz<\/p>\r\n        <\/div>\r\n        <div class=\"column is-4 column-mobile\">\r\n            <!-- SOCIAL MEDIA -->\r\n            <h3 class=\"is-size-7-mobile is-size-6 has-text-weight-bold mb-2 has-text-primary\"><i class=\"fas fa-share-square mr-3\"><\/i>Contact<\/h3>\r\n            <div class=\"buttons\">\r\n                \r\n            <\/div>\r\n            <!-- SOCIAL MEDIA -->\r\n        <\/div>\r\n    <\/div>\r\n    <!-- BUSINESS INFO  -->\r\n\r\n    <hr class=\"mt-0 mb-3 has-background-primary\">\r\n    <h2 class=\"is-size-7-mobile is-size-6 has-text-weight-bold mb-2 has-text-primary\"><i class=\"fas fa-address-book mr-2 has-text-primary mb-3\"><\/i>Comment y arriver<\/h2>\r\n   \r\n    <a target=\"_blank\" rel=\"nofollow noopener noreferrer\" class=\"button is-rounded is-outlined is-fullwidth is-size-7-mobile is-size-4 is-danger mb-2\" href=\"https:\/\/www.waze.com\/ul?ll=38.88252,-6.97304&#038;navigate=yes\"><i class=\"fab fa-waze mr-2\"><\/i> Waze<\/a><a target=\"_blank\" rel=\"nofollow noopener noreferrer\" class=\"button is-rounded is-outlined is-fullwidth is-size-7-mobile is-size-4 is-danger mb-2\" href=\"https:\/\/maps.apple.com\/?q=38.88252,-6.97304\"><i class=\"fab fa-apple mr-2\"><\/i>Apple Maps<\/a><a target=\"_blank\" rel=\"nofollow noopener noreferrer\" class=\"button is-rounded is-outlined is-fullwidth is-size-7-mobile is-size-4 is-danger mb-2\" href=\"https:\/\/www.google.com\/maps\/search\/?api=1&#038;query=Aparcamientos%20Dolores%20Bas%20de%20Arus&#038;query_place_id=ChIJyUvjFYLlFg0RisIDTgmIFQw\"><i class=\"fas fa-map-marker-alt mr-2\"><\/i>Google Maps<\/a>\r\n\r\n\r\n<\/div>\r\n<\/div>\r\n\r\n<div class='code-block code-block-2' style='margin: 8px 0; clear: both;'>\n<script async src=\"https:\/\/pagead2.googlesyndication.com\/pagead\/js\/adsbygoogle.js?client=ca-pub-3045090583979067\"\n     crossorigin=\"anonymous\"><\/script>\n<!-- Display Parking -->\n<ins class=\"adsbygoogle\"\n     style=\"display:block\"\n     data-ad-client=\"ca-pub-3045090583979067\"\n     data-ad-slot=\"3512595945\"\n     data-ad-format=\"auto\"\n     data-full-width-responsive=\"true\"><\/ins>\n<script>\n     (adsbygoogle = window.adsbygoogle || []).push({});\n<\/script><\/div>\n\r\n\r\n\r\n<article class=\"mt-3\">\r\n\r\n<div class=\"columns is-variable is-8\">\r\n    <div class=\"column is-4\">\r\n        <hr class=\"has-background-success\">\r\n        <h2 class=\"is-size-5 has-text-weight-bold mb-2 has-text-primary\"><i class=\"fas fa-calendar-alt mr-2 has-text-primary\"><\/i>Horaires Aparcamientos Dolores Bas de Arus<\/h2>\r\n\r\n        <table class=\"table is-fullwidth is-bordered mt-4 has-background-primary is-size-7-mobile is-size-6 has-text-white\">\n    <thead>\n        <tr>\n            <th class=\"has-text-white\">Jour<\/th>\n            <th class=\"has-text-white\">Heures d&rsquo;ouverture<\/th>\n        <\/tr>\n    <\/thead>\n    <tbody>\n        <tr>\n            <td>Lundi<\/td>\n            <td>8:00 a 23:00 <\/td>\n        <\/tr>\n        <tr>\n            <td>Mardi<\/td>\n            <td>8:00 a 23:00 <\/td>\n        <\/tr>\n        <tr>\n            <td>Mercredi<\/td>\n            <td>8:00 a 23:00 <\/td>\n        <\/tr>\n        <tr>\n            <td>Jeudi<\/td>\n            <td>8:00 a 23:00 <\/td>\n        <\/tr>\n        <tr>\n            <td>Vendredi<\/td>\n            <td>8:00 a 3:30\u202f<\/td>\n        <\/tr>\n        <tr>\n            <td>Samedi<\/td>\n            <td>9:00 a 3:30\u202f<\/td>\n        <\/tr>\n        <tr>\n            <td>Dimanche<\/td>\n            <td>1 a 23:00 <\/td>\n        <\/tr>\n    <\/tbody>\n<\/table>\r\n        <hr class=\"has-background-success\">\r\n        <h2 class=\"is-size-5 has-text-weight-bold mb-2 has-text-primary\"><i class=\"fas fa-map-marker-alt mr-2 has-text-primary\"><\/i>Carte<\/h2>\r\n        <div class='code-block code-block-50' style='margin: 8px 0; clear: both;'>\n<div class=\"leaflet-map WPLeafletMap\" style=\"height:250px; width:100%;\"><\/div><script>\nwindow.WPLeafletMapPlugin = window.WPLeafletMapPlugin || [];\nwindow.WPLeafletMapPlugin.push(function WPLeafletMapShortcode() {\/*<script>*\/\nvar baseUrl = atob('aHR0cHM6Ly97c30udGlsZS5vcGVuc3RyZWV0bWFwLm9yZy97en0ve3h9L3t5fS5wbmc=');\nvar base = (!baseUrl && window.MQ) ?\n    window.MQ.mapLayer() : L.tileLayer(baseUrl,\n        L.Util.extend({}, {\n            detectRetina: 0,\n        },\n        {\"subdomains\":\"abc\",\"noWrap\":false,\"maxZoom\":19}        )\n    );\n    var options = L.Util.extend({}, {\n        layers: [base],\n        attributionControl: false\n    },\n    {\"zoomControl\":false,\"scrollWheelZoom\":false,\"doubleClickZoom\":false,\"fitBounds\":false,\"minZoom\":0,\"maxZoom\":19,\"maxBounds\":null,\"attribution\":\"<a href=\\\"http:\\\/\\\/leafletjs.com\\\" title=\\\"Une biblioth\\u00e8que JS pour des cartes interactives\\\">Leaflet<\\\/a>; \\u00a9 <a href=\\\"http:\\\/\\\/www.openstreetmap.org\\\/copyright\\\">OpenStreetMap<\\\/a> contributeurs\\\/contributrices\"},\n    {});\nwindow.WPLeafletMapPlugin.createMap(options).setView([38.88252,-6.97304],15);});<\/script><script>\nwindow.WPLeafletMapPlugin = window.WPLeafletMapPlugin || [];\nwindow.WPLeafletMapPlugin.push(function WPLeafletMarkerShortcode() {\/*<script>*\/\nvar map = window.WPLeafletMapPlugin.getCurrentMap();\nvar group = window.WPLeafletMapPlugin.getCurrentGroup();\nvar marker_options = window.WPLeafletMapPlugin.getIconOptions({});\nvar marker = L.marker(\n    [38.88252,-6.97304],\n    marker_options\n);\nvar is_image = map.is_image_map;\nif (marker_options.draggable) {\n    marker.on('dragend', function () {\n        var latlng = this.getLatLng();\n        var lat = latlng.lat;\n        var lng = latlng.lng;\n        if (is_image) {\n            console.log('leaflet-marker y=' + lat + ' x=' + lng);\n        } else {\n            console.log('leaflet-marker lat=' + lat + ' lng=' + lng);\n        }\n    });\n}\nmarker.addTo( group );\nwindow.WPLeafletMapPlugin.markers.push( marker );\n        });<\/script><\/div>\n\r\n\r\n\r\n    <\/div>\r\n    <div class=\"column is-8\">\r\n        <p class=\"is-size-5 has-text-weight-bold mb-2 has-text-primary\"><i\r\n                class=\"fas fa-info-circle mr-2 has-text-primary\"><\/i>\u00c0 propos de Aparcamientos Dolores Bas de Arus<\/p>\r\n\r\n        <div class=\"content is-size-7-mobile is-size-6 mt-3 has-text-primary\">\r\n            <p>Situ\u00e9 au <b>38 Avenida Joaqu\u00edn Costa<\/b>, au c\u0153ur de Badajoz, <b>Aparcamientos Dolores Bas de Arus<\/b> se pr\u00e9sente comme l&rsquo;une des meilleures options si vous \u00eates dans la r\u00e9gion \u00e0 la recherche d&rsquo;un parking pas cher. Ce parking combine le confort d&rsquo;un emplacement strat\u00e9gique avec la chaleur d&rsquo;un service exceptionnel, id\u00e9al pour ceux qui souhaitent explorer la ville sans soucis.<\/p>\n\n<p>Les clients ont soulign\u00e9 la gentillesse de l&rsquo;\u00e9quipe, <b>Fran<\/b> \u00e9tant l&rsquo;un des employ\u00e9s les plus appr\u00e9ci\u00e9s, connu pour sa volont\u00e9 d&rsquo;aider et son attention aux d\u00e9tails. Comme le disent souvent leurs clients, le service client dans ce parking est le reflet de leur engagement, transformant chaque visite en une exp\u00e9rience agr\u00e9able. Les avis louent l&rsquo;<b>emplacement excellent<\/b> et le service personnalis\u00e9, ce qui d\u00e9montre qu&rsquo;ici, on travaille pour garantir la satisfaction des usagers.<\/p>\n\n<p>Situ\u00e9 \u00e0 proximit\u00e9 du fleuve, ce parking est accessible et pratique pour ceux qui souhaitent garer leur v\u00e9hicule pr\u00e8s des points d\u2019int\u00e9r\u00eat cl\u00e9s. Avec de larges heures d&rsquo;ouverture et un accent sur la s\u00e9curit\u00e9, <b>Aparcamientos Dolores Bas de Arus<\/b> se caract\u00e9rise par une surveillance 24 heures sur 24 et des cam\u00e9ras de s\u00e9curit\u00e9 qui prot\u00e8gent votre voiture en tout temps. Pour plus de commodit\u00e9, les places sont couvertes, vous permettant de profiter d&rsquo;un v\u00e9hicule prot\u00e9g\u00e9 des intemp\u00e9ries.<\/p>\n\n<p>De plus, le parking dispose d&rsquo;entr\u00e9es spacieuses, garantissant un acc\u00e8s facile et rapide, minimisant le temps n\u00e9cessaire pour trouver une place. Les \u00e9valuations positives qu&rsquo;il re\u00e7oit mettent en \u00e9vidence un mod\u00e8le de gestion ax\u00e9 sur l&rsquo;am\u00e9lioration continue, quelque chose qui ressort particuli\u00e8rement chez les utilisateurs r\u00e9guliers, qui se sentent toujours bien accueillis et en s\u00e9curit\u00e9 en se garant ici.<\/p>\n\n<p>Avec une forte demande, notamment lors d&rsquo;\u00e9v\u00e9nements locaux tels que le carnaval, il est recommand\u00e9 de planifier votre stationnement \u00e0 l&rsquo;avance. En choisissant <b>Aparcamientos Dolores Bas de Arus<\/b>, vous n&rsquo;assurez pas seulement un espace \u00e9conomique, mais vous b\u00e9n\u00e9ficiez \u00e9galement d&rsquo;un service qui va au-del\u00e0 de la simple op\u00e9ration de stationnement : c&rsquo;est une exp\u00e9rience amicale et fiable. Pr\u00eat \u00e0 profiter de Badajoz sans souci ? Vous pouvez les contacter directement et r\u00e9server votre place d\u00e8s aujourd&rsquo;hui pour ne pas manquer l&rsquo;opportunit\u00e9 de vous garer sans stress. Se garer \u00e0 Badajoz n\u2019a jamais \u00e9t\u00e9 aussi simple !<\/p>\r\n        <\/div>\r\n    <\/div>\r\n\r\n<\/div>\r\n<\/article>","protected":false},"excerpt":{"rendered":"<p>Aparcamientos Dolores Bas de Arus \u00e0 Badajoz : service 24h et places couvertes. R\u00e9servez maintenant et stationnez sans souci !<\/p>\n","protected":false},"author":1,"featured_media":8892,"comment_status":"closed","ping_status":"closed","sticky":false,"template":"","format":"standard","meta":{"footnotes":""},"categories":[],"tags":[392],"class_list":["post-16400","post","type-post","status-publish","format-standard","has-post-thumbnail","hentry","tag-parking-economique-badajoz"],"_links":{"self":[{"href":"https:\/\/parkinglowcost.es\/fr\/wp-json\/wp\/v2\/posts\/16400","targetHints":{"allow":["GET"]}}],"collection":[{"href":"https:\/\/parkinglowcost.es\/fr\/wp-json\/wp\/v2\/posts"}],"about":[{"href":"https:\/\/parkinglowcost.es\/fr\/wp-json\/wp\/v2\/types\/post"}],"author":[{"embeddable":true,"href":"https:\/\/parkinglowcost.es\/fr\/wp-json\/wp\/v2\/users\/1"}],"replies":[{"embeddable":true,"href":"https:\/\/parkinglowcost.es\/fr\/wp-json\/wp\/v2\/comments?post=16400"}],"version-history":[{"count":0,"href":"https:\/\/parkinglowcost.es\/fr\/wp-json\/wp\/v2\/posts\/16400\/revisions"}],"wp:featuredmedia":[{"embeddable":true,"href":"https:\/\/parkinglowcost.es\/fr\/wp-json\/wp\/v2\/media\/8892"}],"wp:attachment":[{"href":"https:\/\/parkinglowcost.es\/fr\/wp-json\/wp\/v2\/media?parent=16400"}],"wp:term":[{"taxonomy":"category","embeddable":true,"href":"https:\/\/parkinglowcost.es\/fr\/wp-json\/wp\/v2\/categories?post=16400"},{"taxonomy":"post_tag","embeddable":true,"href":"https:\/\/parkinglowcost.es\/fr\/wp-json\/wp\/v2\/tags?post=16400"}],"curies":[{"name":"wp","href":"https:\/\/api.w.org\/{rel}","templated":true}]}}