{"id":16349,"date":"2025-03-11T09:37:19","date_gmt":"2025-03-11T09:37:19","guid":{"rendered":"https:\/\/parkinglowcost.es\/aparcamiento-los-vandalos-jaen\/"},"modified":"2025-03-11T15:16:33","modified_gmt":"2025-03-11T15:16:33","slug":"aparcamiento-los-vandalos-jaen","status":"publish","type":"post","link":"https:\/\/parkinglowcost.es\/fr\/aparcamiento-los-vandalos-jaen\/","title":{"rendered":"Aparcamiento Los V\u00e1ndalos | Parking \u00e9conomique \u00e0 Ja\u00e9n"},"content":{"rendered":"<div class=\"columns is-mobile is-variable is-3\">\r\n<div class=\"column is-5\">\r\n    <!-- IMG PROFILE -->\r\n        <img decoding=\"async\" src=\"https:\/\/parkinglowcost.es\/wp-content\/uploads\/thumbnailpanoidFmSSUbQIRoztD1k0kZEQWgcb_clientsearch.gws-prod.gpsw408h240yaw102.jpg\" alt='Aparcamiento Los V\u00e1ndalos | Parking \u00e9conomique \u00e0 Ja\u00e9n' title=\"Parking \u00e9conomique \u00e0 Ja\u00e9n\" class=\"profile-image\">\r\n        <div class=\"profile-image-overflow has-background-primary px-4 py-4\">\r\n    <!-- IMG PROFILE -->\r\n    <!-- GOOGLE -->\r\n        <div class=\"profile-triangle\"><\/div>\r\n                <div class=\"has-background-primary\" style=\"border-radius:10px\">\r\n                    <p class=\"is-size-4-mobile is-size-4 has-text-weight-bold has-text-white ml-3 mb-0\"><i class=\"fas fa-search-location\"><\/i><\/p>\r\n                    <p class=\"is-size-7-mobile is-size-4 has-text-weight-bold has-text-white has-text-centered\">Entreprise not\u00e9e 4.4 sur Google<\/p>\r\n                    <p class=\"is-size-8 has-text-weight-bold mt-2 has-text-centered has-text-white\">Bas\u00e9 sur 7 avis<\/p>\r\n                <\/div>\r\n        <!-- GOOGLE -->\r\n    <\/div>\r\n   \r\n<\/div>\r\n\r\n\r\n<div class=\"column has-text-black\">\r\n    <h1\r\n        class=\"has-text-weight-bold is-size-5-mobile is-size-1 mb-3 has-text-primary\">Aparcamiento Los V\u00e1ndalos<\/h1>\r\n    <p class=\"is-size-7-mobile is-size-5 has-text-weight-bold has-text-primary\">Aparcamiento Los V\u00e1ndalos \u00e0 Ja\u00e9n : s\u00e9curis\u00e9 et abordable. R\u00e9servez votre place maintenant et profitez d&rsquo;une exp\u00e9rience sans tracas.<\/p>\r\n    <a target=\"_blank\" rel=\"sponsored noopener\" class=\"button is-rounded is-fullwidth mt-3 is-size-7-mobile is-size-4 is-warning has-text-weight-bold\" href=\"https:\/\/www.awin1.com\/cread.php?awinmid=25234&#038;awinaffid=789919\">R\u00e9server un parking<\/a>\r\n\r\n    <hr class=\"mt-4 mb-3 has-background-primary\">\r\n\r\n     <!-- BUSINESS INFO  -->\r\n    <div class=\"columns\">\r\n        <div class=\"column\">\r\n            <h3 class=\"is-size-7-mobile is-size-6 has-text-weight-bold mb-2 has-text-primary\"><i class=\"fas fa-map-marker-alt mr-2 has-text-primary\"><\/i>Adresse<\/h3>\r\n            <p class=\"is-size-7-mobile is-size-5\">Calle Carrera de Jes\u00fas, 49 | Ja\u00e9n<\/p>\r\n        <\/div>\r\n        <div class=\"column is-4 column-mobile\">\r\n            <!-- SOCIAL MEDIA -->\r\n            <h3 class=\"is-size-7-mobile is-size-6 has-text-weight-bold mb-2 has-text-primary\"><i class=\"fas fa-share-square mr-3\"><\/i>Contact<\/h3>\r\n            <div class=\"buttons\">\r\n                \r\n            <\/div>\r\n            <!-- SOCIAL MEDIA -->\r\n        <\/div>\r\n    <\/div>\r\n    <!-- BUSINESS INFO  -->\r\n\r\n    <hr class=\"mt-0 mb-3 has-background-primary\">\r\n    <h2 class=\"is-size-7-mobile is-size-6 has-text-weight-bold mb-2 has-text-primary\"><i class=\"fas fa-address-book mr-2 has-text-primary mb-3\"><\/i>Comment y arriver<\/h2>\r\n   \r\n    <a target=\"_blank\" rel=\"nofollow noopener noreferrer\" class=\"button is-rounded is-outlined is-fullwidth is-size-7-mobile is-size-4 is-danger mb-2\" href=\"https:\/\/www.waze.com\/ul?ll=37.7627853,-3.7947099&#038;navigate=yes\"><i class=\"fab fa-waze mr-2\"><\/i> Waze<\/a><a target=\"_blank\" rel=\"nofollow noopener noreferrer\" class=\"button is-rounded is-outlined is-fullwidth is-size-7-mobile is-size-4 is-danger mb-2\" href=\"https:\/\/maps.apple.com\/?q=37.7627853,-3.7947099\"><i class=\"fab fa-apple mr-2\"><\/i>Apple Maps<\/a><a target=\"_blank\" rel=\"nofollow noopener noreferrer\" class=\"button is-rounded is-outlined is-fullwidth is-size-7-mobile is-size-4 is-danger mb-2\" href=\"https:\/\/www.google.com\/maps\/search\/?api=1&#038;query=Los%20V%C3%A1ndalos&#038;query_place_id=ChIJq6oaHG7XbQ0REaaaGudVjRg\"><i class=\"fas fa-map-marker-alt mr-2\"><\/i>Google Maps<\/a>\r\n\r\n\r\n<\/div>\r\n<\/div>\r\n\r\n<div class='code-block code-block-2' style='margin: 8px 0; clear: both;'>\n<script async src=\"https:\/\/pagead2.googlesyndication.com\/pagead\/js\/adsbygoogle.js?client=ca-pub-3045090583979067\"\n     crossorigin=\"anonymous\"><\/script>\n<!-- Display Parking -->\n<ins class=\"adsbygoogle\"\n     style=\"display:block\"\n     data-ad-client=\"ca-pub-3045090583979067\"\n     data-ad-slot=\"3512595945\"\n     data-ad-format=\"auto\"\n     data-full-width-responsive=\"true\"><\/ins>\n<script>\n     (adsbygoogle = window.adsbygoogle || []).push({});\n<\/script><\/div>\n\r\n\r\n\r\n<article class=\"mt-3\">\r\n\r\n<div class=\"columns is-variable is-8\">\r\n    <div class=\"column is-4\">\r\n        <hr class=\"has-background-success\">\r\n        <h2 class=\"is-size-5 has-text-weight-bold mb-2 has-text-primary\"><i class=\"fas fa-calendar-alt mr-2 has-text-primary\"><\/i>Horaires Aparcamiento Los V\u00e1ndalos<\/h2>\r\n\r\n        <table class=\"table is-fullwidth is-bordered mt-4 has-background-primary is-size-7-mobile is-size-6 has-text-white\">\n    <thead>\n        <tr>\n            <th class=\"has-text-white\">Jour<\/th>\n            <th class=\"has-text-white\">Heures d&rsquo;ouverture<\/th>\n        <\/tr>\n    <\/thead>\n    <tbody>\n        <tr>\n            <td>Lundi<\/td>\n            <td>8:00 a 14:00 <br> 4 a 19:00 <\/td>\n        <\/tr>\n        <tr>\n            <td>Mardi<\/td>\n            <td>8:00 a 14:00 <br> 4 a 19:00 <\/td>\n        <\/tr>\n        <tr>\n            <td>Mercredi<\/td>\n            <td>8:00 a 14:00 <br> 4 a 19:00 <\/td>\n        <\/tr>\n        <tr>\n            <td>Jeudi<\/td>\n            <td>8:00 a 14:00 <br> 4 a 19:00 <\/td>\n        <\/tr>\n        <tr>\n            <td>Vendredi<\/td>\n            <td>8:00 a 14:00<br> 4 a 19:00 <\/td>\n        <\/tr>\n        <tr>\n            <td>Samedi<\/td>\n            <td>Ferm\u00e9<\/td>\n        <\/tr>\n        <tr>\n            <td>Dimanche<\/td>\n            <td>Ferm\u00e9<\/td>\n        <\/tr>\n    <\/tbody>\n<\/table>\r\n        <hr class=\"has-background-success\">\r\n        <h2 class=\"is-size-5 has-text-weight-bold mb-2 has-text-primary\"><i class=\"fas fa-map-marker-alt mr-2 has-text-primary\"><\/i>Carte<\/h2>\r\n        <div class='code-block code-block-50' style='margin: 8px 0; clear: both;'>\n<div class=\"leaflet-map WPLeafletMap\" style=\"height:250px; width:100%;\"><\/div><script>\nwindow.WPLeafletMapPlugin = window.WPLeafletMapPlugin || [];\nwindow.WPLeafletMapPlugin.push(function WPLeafletMapShortcode() {\/*<script>*\/\nvar baseUrl = atob('aHR0cHM6Ly97c30udGlsZS5vcGVuc3RyZWV0bWFwLm9yZy97en0ve3h9L3t5fS5wbmc=');\nvar base = (!baseUrl && window.MQ) ?\n    window.MQ.mapLayer() : L.tileLayer(baseUrl,\n        L.Util.extend({}, {\n            detectRetina: 0,\n        },\n        {\"subdomains\":\"abc\",\"noWrap\":false,\"maxZoom\":19}        )\n    );\n    var options = L.Util.extend({}, {\n        layers: [base],\n        attributionControl: false\n    },\n    {\"zoomControl\":false,\"scrollWheelZoom\":false,\"doubleClickZoom\":false,\"fitBounds\":false,\"minZoom\":0,\"maxZoom\":19,\"maxBounds\":null,\"attribution\":\"<a href=\\\"http:\\\/\\\/leafletjs.com\\\" title=\\\"Une biblioth\\u00e8que JS pour des cartes interactives\\\">Leaflet<\\\/a>; \\u00a9 <a href=\\\"http:\\\/\\\/www.openstreetmap.org\\\/copyright\\\">OpenStreetMap<\\\/a> contributeurs\\\/contributrices\"},\n    {});\nwindow.WPLeafletMapPlugin.createMap(options).setView([37.7627853,-3.7947099],15);});<\/script><script>\nwindow.WPLeafletMapPlugin = window.WPLeafletMapPlugin || [];\nwindow.WPLeafletMapPlugin.push(function WPLeafletMarkerShortcode() {\/*<script>*\/\nvar map = window.WPLeafletMapPlugin.getCurrentMap();\nvar group = window.WPLeafletMapPlugin.getCurrentGroup();\nvar marker_options = window.WPLeafletMapPlugin.getIconOptions({});\nvar marker = L.marker(\n    [37.7627853,-3.7947099],\n    marker_options\n);\nvar is_image = map.is_image_map;\nif (marker_options.draggable) {\n    marker.on('dragend', function () {\n        var latlng = this.getLatLng();\n        var lat = latlng.lat;\n        var lng = latlng.lng;\n        if (is_image) {\n            console.log('leaflet-marker y=' + lat + ' x=' + lng);\n        } else {\n            console.log('leaflet-marker lat=' + lat + ' lng=' + lng);\n        }\n    });\n}\nmarker.addTo( group );\nwindow.WPLeafletMapPlugin.markers.push( marker );\n        });<\/script><\/div>\n\r\n\r\n\r\n    <\/div>\r\n    <div class=\"column is-8\">\r\n        <p class=\"is-size-5 has-text-weight-bold mb-2 has-text-primary\"><i\r\n                class=\"fas fa-info-circle mr-2 has-text-primary\"><\/i>\u00c0 propos de Aparcamiento Los V\u00e1ndalos<\/p>\r\n\r\n        <div class=\"content is-size-7-mobile is-size-6 mt-3 has-text-primary\">\r\n            <p>Au c\u0153ur de Ja\u00e9n, le <b>Parking Los V\u00e1ndalos<\/b> se pr\u00e9sente comme l&rsquo;une des meilleures options pour ceux qui recherchent un endroit s\u00fbr et \u00e9conomique pour stationner leur v\u00e9hicule. Ce parking se distingue par son emplacement privil\u00e9gi\u00e9, situ\u00e9 au <b>49 Calle Carrera de Jes\u00fas<\/b>, dans une zone facilement accessible, ce qui en fait un point id\u00e9al pour toute visite de la ville. Que vous soyez de passage ou que vous ayez un rendez-vous, ce parking sera \u00e0 la hauteur de vos attentes.<\/p>\n\n<p>Les clients qui ont eu l&rsquo;occasion d&rsquo;utiliser ce service soulignent souvent la <b>bont\u00e9 et le professionnalisme<\/b> du personnel, en particulier de C\u00e9sar et Antonio, qui sont toujours pr\u00eats \u00e0 aider dans tout ce dont vous avez besoin. Comme ils l&rsquo;entendent souvent de leurs clients, la rapidit\u00e9 du service, associ\u00e9e \u00e0 l&rsquo;attention port\u00e9e aux d\u00e9tails, fait de chaque visite une exp\u00e9rience positive. La <b>satisfaction des utilisateurs<\/b> se refl\u00e8te dans de nombreux commentaires qui mettent en avant la propret\u00e9 et l&rsquo;ordre des lieux, des facteurs qui, sans aucun doute, inspirent confiance.<\/p>\n\n<p>Le parking dispose d&rsquo;horaires flexibles et est con\u00e7u pour offrir une exp\u00e9rience de stationnement sans complications. Avec des <b>places couvertes<\/b> et un syst\u00e8me de surveillance fonctionnant 24 heures sur 24, les utilisateurs peuvent \u00eatre tranquilles en sachant que leur v\u00e9hicule est prot\u00e9g\u00e9. De plus, les entr\u00e9es sont larges et l&rsquo;espace est organis\u00e9 pour faciliter un acc\u00e8s rapide. Ainsi, le <b>Parking Los V\u00e1ndalos<\/b> se d\u00e9marque non seulement par sa qualit\u00e9 mais aussi par sa <b>s\u00fbret\u00e9 et son confort<\/b>.<\/p>\n\n<p>En ce qui concerne sa proximit\u00e9, il se trouve dans un emplacement strat\u00e9gique, \u00e0 proximit\u00e9 d&rsquo;autres points d&rsquo;int\u00e9r\u00eat tels que le <b>Parking Jard\u00edn de los Novios<\/b> et le <b>Parking de Lourdes Castillo D\u00edaz<\/b>, permettant aux utilisateurs d&rsquo;explorer facilement la zone. Cependant, les v\u00e9ritables avantages du <b>Parking Los V\u00e1ndalos<\/b> r\u00e9sident dans son excellent rapport qualit\u00e9-prix, \u00e9tant une option accessible sur le march\u00e9 concurrentiel des parkings de la ville.<\/p>\n\n<p>\u00c9tant donn\u00e9 que cette zone enregistre g\u00e9n\u00e9ralement une forte demande, nous vous recommandons de <b>r\u00e9server votre place<\/b> \u00e0 l&rsquo;avance. Planifier votre stationnement n&rsquo;a jamais \u00e9t\u00e9 aussi simple ; vous pouvez le faire facilement via <b>ParkingLowCost.es<\/b> ou contacter directement le <b>Parking Los V\u00e1ndalos<\/b>. Profitez de l&rsquo;opportunit\u00e9 de b\u00e9n\u00e9ficier du confort et de la tranquillit\u00e9 qu&rsquo;offre ce parking. Faire votre r\u00e9servation maintenant est la premi\u00e8re \u00e9tape pour profiter de tout ce que Ja\u00e9n a \u00e0 vous offrir.<\/p>\r\n        <\/div>\r\n    <\/div>\r\n\r\n<\/div>\r\n<\/article>","protected":false},"excerpt":{"rendered":"<p>Aparcamiento Los V\u00e1ndalos \u00e0 Ja\u00e9n : s\u00e9curis\u00e9 et abordable. R\u00e9servez votre place maintenant et profitez d&rsquo;une exp\u00e9rience sans tracas.<\/p>\n","protected":false},"author":1,"featured_media":8724,"comment_status":"closed","ping_status":"closed","sticky":false,"template":"","format":"standard","meta":{"footnotes":""},"categories":[],"tags":[351],"class_list":["post-16349","post","type-post","status-publish","format-standard","has-post-thumbnail","hentry","tag-parking-economique-jaen"],"_links":{"self":[{"href":"https:\/\/parkinglowcost.es\/fr\/wp-json\/wp\/v2\/posts\/16349","targetHints":{"allow":["GET"]}}],"collection":[{"href":"https:\/\/parkinglowcost.es\/fr\/wp-json\/wp\/v2\/posts"}],"about":[{"href":"https:\/\/parkinglowcost.es\/fr\/wp-json\/wp\/v2\/types\/post"}],"author":[{"embeddable":true,"href":"https:\/\/parkinglowcost.es\/fr\/wp-json\/wp\/v2\/users\/1"}],"replies":[{"embeddable":true,"href":"https:\/\/parkinglowcost.es\/fr\/wp-json\/wp\/v2\/comments?post=16349"}],"version-history":[{"count":0,"href":"https:\/\/parkinglowcost.es\/fr\/wp-json\/wp\/v2\/posts\/16349\/revisions"}],"wp:featuredmedia":[{"embeddable":true,"href":"https:\/\/parkinglowcost.es\/fr\/wp-json\/wp\/v2\/media\/8724"}],"wp:attachment":[{"href":"https:\/\/parkinglowcost.es\/fr\/wp-json\/wp\/v2\/media?parent=16349"}],"wp:term":[{"taxonomy":"category","embeddable":true,"href":"https:\/\/parkinglowcost.es\/fr\/wp-json\/wp\/v2\/categories?post=16349"},{"taxonomy":"post_tag","embeddable":true,"href":"https:\/\/parkinglowcost.es\/fr\/wp-json\/wp\/v2\/tags?post=16349"}],"curies":[{"name":"wp","href":"https:\/\/api.w.org\/{rel}","templated":true}]}}