{"id":16346,"date":"2025-03-11T09:37:19","date_gmt":"2025-03-11T09:37:19","guid":{"rendered":"https:\/\/parkinglowcost.es\/aparcamiento-la-victoria-jaen\/"},"modified":"2025-03-11T15:16:33","modified_gmt":"2025-03-11T15:16:33","slug":"aparcamiento-la-victoria-jaen","status":"publish","type":"post","link":"https:\/\/parkinglowcost.es\/fr\/aparcamiento-la-victoria-jaen\/","title":{"rendered":"Aparcamiento La Victoria | Parking \u00e9conomique \u00e0 Ja\u00e9n"},"content":{"rendered":"<div class=\"columns is-mobile is-variable is-3\">\r\n<div class=\"column is-5\">\r\n    <!-- IMG PROFILE -->\r\n        <img decoding=\"async\" src=\"https:\/\/parkinglowcost.es\/wp-content\/uploads\/AF1QipMBWkSVbZUpyKuZBczin7PjlLnJztAbdicNeZq1w520-h240-k-no.jpg\" alt='Aparcamiento La Victoria | Parking \u00e9conomique \u00e0 Ja\u00e9n' title=\"Parking \u00e9conomique \u00e0 Ja\u00e9n\" class=\"profile-image\">\r\n        <div class=\"profile-image-overflow has-background-primary px-4 py-4\">\r\n    <!-- IMG PROFILE -->\r\n    <!-- GOOGLE -->\r\n        <div class=\"profile-triangle\"><\/div>\r\n                <div class=\"has-background-primary\" style=\"border-radius:10px\">\r\n                    <p class=\"is-size-4-mobile is-size-4 has-text-weight-bold has-text-white ml-3 mb-0\"><i class=\"fas fa-search-location\"><\/i><\/p>\r\n                    <p class=\"is-size-7-mobile is-size-4 has-text-weight-bold has-text-white has-text-centered\">Entreprise not\u00e9e 3.6 sur Google<\/p>\r\n                    <p class=\"is-size-8 has-text-weight-bold mt-2 has-text-centered has-text-white\">Bas\u00e9 sur 348 avis<\/p>\r\n                <\/div>\r\n        <!-- GOOGLE -->\r\n    <\/div>\r\n   \r\n<\/div>\r\n\r\n\r\n<div class=\"column has-text-black\">\r\n    <h1\r\n        class=\"has-text-weight-bold is-size-5-mobile is-size-1 mb-3 has-text-primary\">Aparcamiento La Victoria<\/h1>\r\n    <p class=\"is-size-7-mobile is-size-5 has-text-weight-bold has-text-primary\">Aparcamiento La Victoria \u00e0 Ja\u00e9n : s\u00fbr, \u00e9conomique et accessible. R\u00e9servez maintenant et vivez une exp\u00e9rience de stationnement sans tracas.<\/p>\r\n    <a target=\"_blank\" rel=\"sponsored noopener\" class=\"button is-rounded is-fullwidth mt-3 is-size-7-mobile is-size-4 is-warning has-text-weight-bold\" href=\"https:\/\/www.awin1.com\/cread.php?awinmid=25234&#038;awinaffid=789919\">R\u00e9server un parking<\/a>\r\n\r\n    <hr class=\"mt-4 mb-3 has-background-primary\">\r\n\r\n     <!-- BUSINESS INFO  -->\r\n    <div class=\"columns\">\r\n        <div class=\"column\">\r\n            <h3 class=\"is-size-7-mobile is-size-6 has-text-weight-bold mb-2 has-text-primary\"><i class=\"fas fa-map-marker-alt mr-2 has-text-primary\"><\/i>Adresse<\/h3>\r\n            <p class=\"is-size-7-mobile is-size-5\">Calle de Baeza, S\/N | Ja\u00e9n<\/p>\r\n        <\/div>\r\n        <div class=\"column is-4 column-mobile\">\r\n            <!-- SOCIAL MEDIA -->\r\n            <h3 class=\"is-size-7-mobile is-size-6 has-text-weight-bold mb-2 has-text-primary\"><i class=\"fas fa-share-square mr-3\"><\/i>Contact<\/h3>\r\n            <div class=\"buttons\">\r\n                \r\n            <\/div>\r\n            <!-- SOCIAL MEDIA -->\r\n        <\/div>\r\n    <\/div>\r\n    <!-- BUSINESS INFO  -->\r\n\r\n    <hr class=\"mt-0 mb-3 has-background-primary\">\r\n    <h2 class=\"is-size-7-mobile is-size-6 has-text-weight-bold mb-2 has-text-primary\"><i class=\"fas fa-address-book mr-2 has-text-primary mb-3\"><\/i>Comment y arriver<\/h2>\r\n   \r\n    <a target=\"_blank\" rel=\"nofollow noopener noreferrer\" class=\"button is-rounded is-outlined is-fullwidth is-size-7-mobile is-size-4 is-danger mb-2\" href=\"https:\/\/www.waze.com\/ul?ll=37.7731511,-3.7873636&#038;navigate=yes\"><i class=\"fab fa-waze mr-2\"><\/i> Waze<\/a><a target=\"_blank\" rel=\"nofollow noopener noreferrer\" class=\"button is-rounded is-outlined is-fullwidth is-size-7-mobile is-size-4 is-danger mb-2\" href=\"https:\/\/maps.apple.com\/?q=37.7731511,-3.7873636\"><i class=\"fab fa-apple mr-2\"><\/i>Apple Maps<\/a><a target=\"_blank\" rel=\"nofollow noopener noreferrer\" class=\"button is-rounded is-outlined is-fullwidth is-size-7-mobile is-size-4 is-danger mb-2\" href=\"https:\/\/www.google.com\/maps\/search\/?api=1&#038;query=Aparcamiento%20La%20Victoria&#038;query_place_id=ChIJ6SxluAvXbQ0RBXUL5kNoNHE\"><i class=\"fas fa-map-marker-alt mr-2\"><\/i>Google Maps<\/a>\r\n\r\n\r\n<\/div>\r\n<\/div>\r\n\r\n<div class='code-block code-block-2' style='margin: 8px 0; clear: both;'>\n<script async src=\"https:\/\/pagead2.googlesyndication.com\/pagead\/js\/adsbygoogle.js?client=ca-pub-3045090583979067\"\n     crossorigin=\"anonymous\"><\/script>\n<!-- Display Parking -->\n<ins class=\"adsbygoogle\"\n     style=\"display:block\"\n     data-ad-client=\"ca-pub-3045090583979067\"\n     data-ad-slot=\"3512595945\"\n     data-ad-format=\"auto\"\n     data-full-width-responsive=\"true\"><\/ins>\n<script>\n     (adsbygoogle = window.adsbygoogle || []).push({});\n<\/script><\/div>\n\r\n\r\n\r\n<article class=\"mt-3\">\r\n\r\n<div class=\"columns is-variable is-8\">\r\n    <div class=\"column is-4\">\r\n        <hr class=\"has-background-success\">\r\n        <h2 class=\"is-size-5 has-text-weight-bold mb-2 has-text-primary\"><i class=\"fas fa-calendar-alt mr-2 has-text-primary\"><\/i>Horaires Aparcamiento La Victoria<\/h2>\r\n\r\n        <table class=\"table is-fullwidth is-bordered mt-4 has-background-primary is-size-7-mobile is-size-6 has-text-white\">\n    <thead>\n        <tr>\n            <th class=\"has-text-white\">Jour<\/th>\n            <th class=\"has-text-white\">Heures d&rsquo;ouverture<\/th>\n        <\/tr>\n    <\/thead>\n    <tbody>\n        <tr>\n            <td>Lundi<\/td>\n            <td>Ouvert 24 heures sur 24<\/td>\n        <\/tr>\n        <tr>\n            <td>Mardi<\/td>\n            <td>Ouvert 24 heures sur 24<\/td>\n        <\/tr>\n        <tr>\n            <td>Mercredi<\/td>\n            <td>Ouvert 24 heures sur 24<\/td>\n        <\/tr>\n        <tr>\n            <td>Jeudi<\/td>\n            <td>Ouvert 24 heures sur 24<\/td>\n        <\/tr>\n        <tr>\n            <td>Vendredi<\/td>\n            <td>Ouvert 24 heures sur 24<\/td>\n        <\/tr>\n        <tr>\n            <td>Samedi<\/td>\n            <td>Ouvert 24 heures sur 24<\/td>\n        <\/tr>\n        <tr>\n            <td>Dimanche<\/td>\n            <td>Ouvert 24 heures sur 24<\/td>\n        <\/tr>\n    <\/tbody>\n<\/table>\r\n        <hr class=\"has-background-success\">\r\n        <h2 class=\"is-size-5 has-text-weight-bold mb-2 has-text-primary\"><i class=\"fas fa-map-marker-alt mr-2 has-text-primary\"><\/i>Carte<\/h2>\r\n        <div class='code-block code-block-50' style='margin: 8px 0; clear: both;'>\n<div class=\"leaflet-map WPLeafletMap\" style=\"height:250px; width:100%;\"><\/div><script>\nwindow.WPLeafletMapPlugin = window.WPLeafletMapPlugin || [];\nwindow.WPLeafletMapPlugin.push(function WPLeafletMapShortcode() {\/*<script>*\/\nvar baseUrl = atob('aHR0cHM6Ly97c30udGlsZS5vcGVuc3RyZWV0bWFwLm9yZy97en0ve3h9L3t5fS5wbmc=');\nvar base = (!baseUrl && window.MQ) ?\n    window.MQ.mapLayer() : L.tileLayer(baseUrl,\n        L.Util.extend({}, {\n            detectRetina: 0,\n        },\n        {\"subdomains\":\"abc\",\"noWrap\":false,\"maxZoom\":19}        )\n    );\n    var options = L.Util.extend({}, {\n        layers: [base],\n        attributionControl: false\n    },\n    {\"zoomControl\":false,\"scrollWheelZoom\":false,\"doubleClickZoom\":false,\"fitBounds\":false,\"minZoom\":0,\"maxZoom\":19,\"maxBounds\":null,\"attribution\":\"<a href=\\\"http:\\\/\\\/leafletjs.com\\\" title=\\\"Une biblioth\\u00e8que JS pour des cartes interactives\\\">Leaflet<\\\/a>; \\u00a9 <a href=\\\"http:\\\/\\\/www.openstreetmap.org\\\/copyright\\\">OpenStreetMap<\\\/a> contributeurs\\\/contributrices\"},\n    {});\nwindow.WPLeafletMapPlugin.createMap(options).setView([37.7731511,-3.7873636],15);});<\/script><script>\nwindow.WPLeafletMapPlugin = window.WPLeafletMapPlugin || [];\nwindow.WPLeafletMapPlugin.push(function WPLeafletMarkerShortcode() {\/*<script>*\/\nvar map = window.WPLeafletMapPlugin.getCurrentMap();\nvar group = window.WPLeafletMapPlugin.getCurrentGroup();\nvar marker_options = window.WPLeafletMapPlugin.getIconOptions({});\nvar marker = L.marker(\n    [37.7731511,-3.7873636],\n    marker_options\n);\nvar is_image = map.is_image_map;\nif (marker_options.draggable) {\n    marker.on('dragend', function () {\n        var latlng = this.getLatLng();\n        var lat = latlng.lat;\n        var lng = latlng.lng;\n        if (is_image) {\n            console.log('leaflet-marker y=' + lat + ' x=' + lng);\n        } else {\n            console.log('leaflet-marker lat=' + lat + ' lng=' + lng);\n        }\n    });\n}\nmarker.addTo( group );\nwindow.WPLeafletMapPlugin.markers.push( marker );\n        });<\/script><\/div>\n\r\n\r\n\r\n    <\/div>\r\n    <div class=\"column is-8\">\r\n        <p class=\"is-size-5 has-text-weight-bold mb-2 has-text-primary\"><i\r\n                class=\"fas fa-info-circle mr-2 has-text-primary\"><\/i>\u00c0 propos de Aparcamiento La Victoria<\/p>\r\n\r\n        <div class=\"content is-size-7-mobile is-size-6 mt-3 has-text-primary\">\r\n            <p>Au c\u0153ur de <b>Ja\u00e9n<\/b>, se trouve <b>Aparcamiento La Victoria<\/b>, l&rsquo;un des meilleurs choix pour ceux qui recherchent un endroit s\u00fbr et abordable pour se garer dans la ville. Ce parking se distingue par sa proposition de valeur claire : offrir confort et \u00e9conomie dans une zone o\u00f9 le prix est souvent un facteur d\u00e9cisif. Si vous \u00eates dans le quartier de <b>Calle de Baeza, S\/N<\/b>, n&rsquo;h\u00e9sitez pas \u00e0 envisager cette option.<\/p>\n\n<p>Comme le disent souvent ses clients, <b>Aparcamiento La Victoria<\/b> b\u00e9n\u00e9ficie d&rsquo;un emplacement tr\u00e8s avantageux, id\u00e9al pour ceux qui souhaitent explorer la ville sans complications. Sa proximit\u00e9 avec des lieux embl\u00e9matiques de la ville le rend encore plus attractif. L&rsquo;exp\u00e9rience des utilisateurs refl\u00e8te une satisfaction g\u00e9n\u00e9rale, bien que certains mentionnent que les places peuvent \u00eatre un peu \u00e9troites. Cependant, cela n&rsquo;occulte pas les avantages de son acc\u00e8s facile et de ses prix comp\u00e9titifs.<\/p>\n\n<p>De plus, sa situation strat\u00e9gique dans <b>Ja\u00e9n<\/b> fait qu&rsquo;il est facile \u00e0 trouver et \u00e0 atteindre. \u00c9tant \u00e0 proximit\u00e9 de points d&rsquo;int\u00e9r\u00eat majeurs, vous n&rsquo;aurez pas \u00e0 vous soucier de longues marches. Le parking est ouvert \u00e0 des horaires pratiques, ce qui permet aux locaux comme aux touristes de l&rsquo;utiliser sans probl\u00e8me.<\/p>\n\n<p>La s\u00e9curit\u00e9 est une priorit\u00e9 chez <b>Aparcamiento La Victoria<\/b>. Ce parking est \u00e9quip\u00e9 d&rsquo;une surveillance 24 heures sur 24 et de cam\u00e9ras de s\u00e9curit\u00e9, offrant ainsi une tranquillit\u00e9 d&rsquo;esprit \u00e0 ceux qui d\u00e9cident de laisser leur v\u00e9hicule. Il y a aussi des places couvertes qui prot\u00e8gent des intemp\u00e9ries. Un autre avantage est son acc\u00e8s rapide et ses entr\u00e9es confortables, qui facilitent le stationnement \u00e0 tout moment de la journ\u00e9e.<\/p>\n\n<p>Compar\u00e9 \u00e0 d&rsquo;autres options \u00e0 proximit\u00e9, comme <b>Aparcamiento Avenida<\/b> ou <b>Aparcamiento San Francisco<\/b>, <b>Aparcamiento La Victoria<\/b> se diff\u00e9rencie par son approche de proposer un stationnement bon march\u00e9 sans sacrifier la s\u00e9curit\u00e9 et l&rsquo;accessibilit\u00e9. Cela en fait une option de choix parmi les alternatives disponibles \u00e0 <b>Ja\u00e9n<\/b>.<\/p>\n\n<p>\u00c9tant donn\u00e9 que cette zone est souvent tr\u00e8s demand\u00e9e, nous vous recommandons de <b>r\u00e9server votre place<\/b> \u00e0 l&rsquo;avance. Vous pouvez le faire facilement via <b>ParkingLowCost.es<\/b> ou en contactant directement <b>Aparcamiento La Victoria<\/b>. Ne manquez pas l&rsquo;occasion de profiter d&rsquo;un stationnement confortable et s\u00e9curis\u00e9 \u00e0 <b>Ja\u00e9n<\/b>. Se garer dans la ville n&rsquo;a jamais \u00e9t\u00e9 aussi facile !<\/p>\r\n        <\/div>\r\n    <\/div>\r\n\r\n<\/div>\r\n<\/article>","protected":false},"excerpt":{"rendered":"<p>Aparcamiento La Victoria \u00e0 Ja\u00e9n : s\u00fbr, \u00e9conomique et accessible. R\u00e9servez maintenant et vivez une exp\u00e9rience de stationnement sans tracas.<\/p>\n","protected":false},"author":1,"featured_media":8712,"comment_status":"closed","ping_status":"closed","sticky":false,"template":"","format":"standard","meta":{"footnotes":""},"categories":[],"tags":[351],"class_list":["post-16346","post","type-post","status-publish","format-standard","has-post-thumbnail","hentry","tag-parking-economique-jaen"],"_links":{"self":[{"href":"https:\/\/parkinglowcost.es\/fr\/wp-json\/wp\/v2\/posts\/16346","targetHints":{"allow":["GET"]}}],"collection":[{"href":"https:\/\/parkinglowcost.es\/fr\/wp-json\/wp\/v2\/posts"}],"about":[{"href":"https:\/\/parkinglowcost.es\/fr\/wp-json\/wp\/v2\/types\/post"}],"author":[{"embeddable":true,"href":"https:\/\/parkinglowcost.es\/fr\/wp-json\/wp\/v2\/users\/1"}],"replies":[{"embeddable":true,"href":"https:\/\/parkinglowcost.es\/fr\/wp-json\/wp\/v2\/comments?post=16346"}],"version-history":[{"count":0,"href":"https:\/\/parkinglowcost.es\/fr\/wp-json\/wp\/v2\/posts\/16346\/revisions"}],"wp:featuredmedia":[{"embeddable":true,"href":"https:\/\/parkinglowcost.es\/fr\/wp-json\/wp\/v2\/media\/8712"}],"wp:attachment":[{"href":"https:\/\/parkinglowcost.es\/fr\/wp-json\/wp\/v2\/media?parent=16346"}],"wp:term":[{"taxonomy":"category","embeddable":true,"href":"https:\/\/parkinglowcost.es\/fr\/wp-json\/wp\/v2\/categories?post=16346"},{"taxonomy":"post_tag","embeddable":true,"href":"https:\/\/parkinglowcost.es\/fr\/wp-json\/wp\/v2\/tags?post=16346"}],"curies":[{"name":"wp","href":"https:\/\/api.w.org\/{rel}","templated":true}]}}