{"id":16335,"date":"2025-03-11T09:37:19","date_gmt":"2025-03-11T09:37:19","guid":{"rendered":"https:\/\/parkinglowcost.es\/aparcamiento-ferial-jaen\/"},"modified":"2025-03-11T15:16:33","modified_gmt":"2025-03-11T15:16:33","slug":"aparcamiento-ferial-jaen","status":"publish","type":"post","link":"https:\/\/parkinglowcost.es\/fr\/aparcamiento-ferial-jaen\/","title":{"rendered":"Aparcamiento Ferial | Parking \u00e9conomique \u00e0 Ja\u00e9n"},"content":{"rendered":"<div class=\"columns is-mobile is-variable is-3\">\r\n<div class=\"column is-5\">\r\n    <!-- IMG PROFILE -->\r\n        <img decoding=\"async\" src=\"https:\/\/parkinglowcost.es\/wp-content\/uploads\/AF1QipM6otoO6b5fciBCLolVpY14s7ks__WhDvfgGqajw426-h240-k-no.jpg\" alt='Aparcamiento Ferial | Parking \u00e9conomique \u00e0 Ja\u00e9n' title=\"Parking \u00e9conomique \u00e0 Ja\u00e9n\" class=\"profile-image\">\r\n        <div class=\"profile-image-overflow has-background-primary px-4 py-4\">\r\n    <!-- IMG PROFILE -->\r\n    <!-- GOOGLE -->\r\n        <div class=\"profile-triangle\"><\/div>\r\n                <div class=\"has-background-primary\" style=\"border-radius:10px\">\r\n                    <p class=\"is-size-4-mobile is-size-4 has-text-weight-bold has-text-white ml-3 mb-0\"><i class=\"fas fa-search-location\"><\/i><\/p>\r\n                    <p class=\"is-size-7-mobile is-size-4 has-text-weight-bold has-text-white has-text-centered\">Entreprise not\u00e9e 4 sur Google<\/p>\r\n                    <p class=\"is-size-8 has-text-weight-bold mt-2 has-text-centered has-text-white\">Bas\u00e9 sur 2 avis<\/p>\r\n                <\/div>\r\n        <!-- GOOGLE -->\r\n    <\/div>\r\n   \r\n<\/div>\r\n\r\n\r\n<div class=\"column has-text-black\">\r\n    <h1\r\n        class=\"has-text-weight-bold is-size-5-mobile is-size-1 mb-3 has-text-primary\">Aparcamiento Ferial<\/h1>\r\n    <p class=\"is-size-7-mobile is-size-5 has-text-weight-bold has-text-primary\">Aparcamiento Ferial \u00e0 Ja\u00e9n : s\u00e9curis\u00e9 et strat\u00e9gique. R\u00e9servez maintenant et explorez la ville en toute tranquillit\u00e9.<\/p>\r\n    <a target=\"_blank\" rel=\"sponsored noopener\" class=\"button is-rounded is-fullwidth mt-3 is-size-7-mobile is-size-4 is-warning has-text-weight-bold\" href=\"https:\/\/www.awin1.com\/cread.php?awinmid=25234&#038;awinaffid=789919\">R\u00e9server un parking<\/a>\r\n\r\n    <hr class=\"mt-4 mb-3 has-background-primary\">\r\n\r\n     <!-- BUSINESS INFO  -->\r\n    <div class=\"columns\">\r\n        <div class=\"column\">\r\n            <h3 class=\"is-size-7-mobile is-size-6 has-text-weight-bold mb-2 has-text-primary\"><i class=\"fas fa-map-marker-alt mr-2 has-text-primary\"><\/i>Adresse<\/h3>\r\n            <p class=\"is-size-7-mobile is-size-5\">Avenida Granada, 44 | Ja\u00e9n<\/p>\r\n        <\/div>\r\n        <div class=\"column is-4 column-mobile\">\r\n            <!-- SOCIAL MEDIA -->\r\n            <h3 class=\"is-size-7-mobile is-size-6 has-text-weight-bold mb-2 has-text-primary\"><i class=\"fas fa-share-square mr-3\"><\/i>Contact<\/h3>\r\n            <div class=\"buttons\">\r\n                \r\n            <\/div>\r\n            <!-- SOCIAL MEDIA -->\r\n        <\/div>\r\n    <\/div>\r\n    <!-- BUSINESS INFO  -->\r\n\r\n    <hr class=\"mt-0 mb-3 has-background-primary\">\r\n    <h2 class=\"is-size-7-mobile is-size-6 has-text-weight-bold mb-2 has-text-primary\"><i class=\"fas fa-address-book mr-2 has-text-primary mb-3\"><\/i>Comment y arriver<\/h2>\r\n   \r\n    <a target=\"_blank\" rel=\"nofollow noopener noreferrer\" class=\"button is-rounded is-outlined is-fullwidth is-size-7-mobile is-size-4 is-danger mb-2\" href=\"https:\/\/www.waze.com\/ul?ll=37.7693071,-3.7767719&#038;navigate=yes\"><i class=\"fab fa-waze mr-2\"><\/i> Waze<\/a><a target=\"_blank\" rel=\"nofollow noopener noreferrer\" class=\"button is-rounded is-outlined is-fullwidth is-size-7-mobile is-size-4 is-danger mb-2\" href=\"https:\/\/maps.apple.com\/?q=37.7693071,-3.7767719\"><i class=\"fab fa-apple mr-2\"><\/i>Apple Maps<\/a><a target=\"_blank\" rel=\"nofollow noopener noreferrer\" class=\"button is-rounded is-outlined is-fullwidth is-size-7-mobile is-size-4 is-danger mb-2\" href=\"https:\/\/www.google.com\/maps\/search\/?api=1&#038;query=Aparcamiento%20Ferial&#038;query_place_id=ChIJ25O3hpjXbQ0RCzZ3aCPe1IU\"><i class=\"fas fa-map-marker-alt mr-2\"><\/i>Google Maps<\/a>\r\n\r\n\r\n<\/div>\r\n<\/div>\r\n\r\n<div class='code-block code-block-2' style='margin: 8px 0; clear: both;'>\n<script async src=\"https:\/\/pagead2.googlesyndication.com\/pagead\/js\/adsbygoogle.js?client=ca-pub-3045090583979067\"\n     crossorigin=\"anonymous\"><\/script>\n<!-- Display Parking -->\n<ins class=\"adsbygoogle\"\n     style=\"display:block\"\n     data-ad-client=\"ca-pub-3045090583979067\"\n     data-ad-slot=\"3512595945\"\n     data-ad-format=\"auto\"\n     data-full-width-responsive=\"true\"><\/ins>\n<script>\n     (adsbygoogle = window.adsbygoogle || []).push({});\n<\/script><\/div>\n\r\n\r\n\r\n<article class=\"mt-3\">\r\n\r\n<div class=\"columns is-variable is-8\">\r\n    <div class=\"column is-4\">\r\n        <hr class=\"has-background-success\">\r\n        <h2 class=\"is-size-5 has-text-weight-bold mb-2 has-text-primary\"><i class=\"fas fa-calendar-alt mr-2 has-text-primary\"><\/i>Horaires Aparcamiento Ferial<\/h2>\r\n\r\n        <table class=\"table is-fullwidth is-bordered mt-4 has-background-primary is-size-7-mobile is-size-6 has-text-white\">\n    <thead>\n        <tr>\n            <th class=\"has-text-white\">Jour<\/th>\n            <th class=\"has-text-white\">Heures d&rsquo;ouverture<\/th>\n        <\/tr>\n    <\/thead>\n    <tbody>\n        <tr>\n            <td>Lundi<\/td>\n            <td>No disponible<\/td>\n        <\/tr>\n        <tr>\n            <td>Mardi<\/td>\n            <td>No disponible<\/td>\n        <\/tr>\n        <tr>\n            <td>Mercredi<\/td>\n            <td>No disponible<\/td>\n        <\/tr>\n        <tr>\n            <td>Jeudi<\/td>\n            <td>No disponible<\/td>\n        <\/tr>\n        <tr>\n            <td>Vendredi<\/td>\n            <td>No disponible<\/td>\n        <\/tr>\n        <tr>\n            <td>Samedi<\/td>\n            <td>No disponible<\/td>\n        <\/tr>\n        <tr>\n            <td>Dimanche<\/td>\n            <td>No disponible<\/td>\n        <\/tr>\n    <\/tbody>\n<\/table>\r\n        <hr class=\"has-background-success\">\r\n        <h2 class=\"is-size-5 has-text-weight-bold mb-2 has-text-primary\"><i class=\"fas fa-map-marker-alt mr-2 has-text-primary\"><\/i>Carte<\/h2>\r\n        <div class='code-block code-block-50' style='margin: 8px 0; clear: both;'>\n<div class=\"leaflet-map WPLeafletMap\" style=\"height:250px; width:100%;\"><\/div><script>\nwindow.WPLeafletMapPlugin = window.WPLeafletMapPlugin || [];\nwindow.WPLeafletMapPlugin.push(function WPLeafletMapShortcode() {\/*<script>*\/\nvar baseUrl = atob('aHR0cHM6Ly97c30udGlsZS5vcGVuc3RyZWV0bWFwLm9yZy97en0ve3h9L3t5fS5wbmc=');\nvar base = (!baseUrl && window.MQ) ?\n    window.MQ.mapLayer() : L.tileLayer(baseUrl,\n        L.Util.extend({}, {\n            detectRetina: 0,\n        },\n        {\"subdomains\":\"abc\",\"noWrap\":false,\"maxZoom\":19}        )\n    );\n    var options = L.Util.extend({}, {\n        layers: [base],\n        attributionControl: false\n    },\n    {\"zoomControl\":false,\"scrollWheelZoom\":false,\"doubleClickZoom\":false,\"fitBounds\":false,\"minZoom\":0,\"maxZoom\":19,\"maxBounds\":null,\"attribution\":\"<a href=\\\"http:\\\/\\\/leafletjs.com\\\" title=\\\"Une biblioth\\u00e8que JS pour des cartes interactives\\\">Leaflet<\\\/a>; \\u00a9 <a href=\\\"http:\\\/\\\/www.openstreetmap.org\\\/copyright\\\">OpenStreetMap<\\\/a> contributeurs\\\/contributrices\"},\n    {});\nwindow.WPLeafletMapPlugin.createMap(options).setView([37.7693071,-3.7767719],15);});<\/script><script>\nwindow.WPLeafletMapPlugin = window.WPLeafletMapPlugin || [];\nwindow.WPLeafletMapPlugin.push(function WPLeafletMarkerShortcode() {\/*<script>*\/\nvar map = window.WPLeafletMapPlugin.getCurrentMap();\nvar group = window.WPLeafletMapPlugin.getCurrentGroup();\nvar marker_options = window.WPLeafletMapPlugin.getIconOptions({});\nvar marker = L.marker(\n    [37.7693071,-3.7767719],\n    marker_options\n);\nvar is_image = map.is_image_map;\nif (marker_options.draggable) {\n    marker.on('dragend', function () {\n        var latlng = this.getLatLng();\n        var lat = latlng.lat;\n        var lng = latlng.lng;\n        if (is_image) {\n            console.log('leaflet-marker y=' + lat + ' x=' + lng);\n        } else {\n            console.log('leaflet-marker lat=' + lat + ' lng=' + lng);\n        }\n    });\n}\nmarker.addTo( group );\nwindow.WPLeafletMapPlugin.markers.push( marker );\n        });<\/script><\/div>\n\r\n\r\n\r\n    <\/div>\r\n    <div class=\"column is-8\">\r\n        <p class=\"is-size-5 has-text-weight-bold mb-2 has-text-primary\"><i\r\n                class=\"fas fa-info-circle mr-2 has-text-primary\"><\/i>\u00c0 propos de Aparcamiento Ferial<\/p>\r\n\r\n        <div class=\"content is-size-7-mobile is-size-6 mt-3 has-text-primary\">\r\n            <p>Lorsque vous cherchez un <b>parking pas cher \u00e0 Ja\u00e9n<\/b>, <b>Aparcamiento Ferial<\/b> se pr\u00e9sente comme l&rsquo;une des meilleures options pour ceux qui souhaitent garer leur v\u00e9hicule confortablement. Situ\u00e9 au <b>Avenida Granada, 44<\/b>, ce parking offre une connexion directe et accessible au centre historique de la ville, qui se trouve \u00e0 seulement 15 minutes \u00e0 pied.<\/p>\n\n<p>Les clients ont soulign\u00e9 la <b>satisfaction<\/b> r\u00e9sultant de leur exp\u00e9rience, affirmant que c&rsquo;est un endroit id\u00e9al pour laisser le v\u00e9hicule et explorer Ja\u00e9n sans souci. \u201cComme vous l&rsquo;entendez souvent de la part de vos clients\u201d, ce parking permet de profiter d&rsquo;une visite agr\u00e9able dans l&rsquo;une des villes les plus charmantes d&rsquo;Andalousie.<\/p>\n\n<p>En plus de sa <b> localisation strat\u00e9gique<\/b>, <b>Aparcamiento Ferial<\/b> a gagn\u00e9 la confiance des utilisateurs gr\u00e2ce \u00e0 sa s\u00e9curit\u00e9. Le parking disposait d&rsquo;une <b>surveillance 24 heures sur 24<\/b> et de cam\u00e9ras de s\u00e9curit\u00e9 qui apportent tranquillit\u00e9 d&rsquo;esprit \u00e0 ceux qui garent leur v\u00e9hicule, surtout \u00e0 ceux voyageant avec des camping-cars. De plus, il est important de pr\u00e9ciser que l&rsquo;endroit n&rsquo;offre pas de services sp\u00e9cifiques pour les camping-cars, mais c&rsquo;est un site tranquille o\u00f9 l&rsquo;on a pass\u00e9 des nuits sans bruits d\u00e9rangeants.<\/p>\n\n<p>Un autre aspect notable est que <b>Aparcamiento Ferial<\/b> est situ\u00e9 \u00e0 proximit\u00e9 de la <b>Pr\u00e9fecture de Police Locale<\/b>, ce qui renforce encore sa s\u00e9curit\u00e9. Ce type de confiance est crucial pour ceux qui cherchent un endroit s\u00fbr pour laisser leur v\u00e9hicule pendant qu&rsquo;ils profitent de la ville. De plus, les larges entr\u00e9es et la bonne organisation de l&rsquo;espace permettent un acc\u00e8s rapide et confortable aux places de stationnement.<\/p>\n\n<p>Il est crucial de consid\u00e9rer que la demande dans cette zone a tendance \u00e0 \u00eatre \u00e9lev\u00e9e, surtout pendant les \u00e9v\u00e9nements au parc des expositions. Par cons\u00e9quent, il est recommand\u00e9 de <b>r\u00e9server votre place \u00e0 l&rsquo;avance<\/b> pour \u00e9viter les surprises de derni\u00e8re minute. Ce conseil est fondamental si vous pr\u00e9voyez de visiter la ville lors de p\u00e9riodes charg\u00e9es.<\/p>\n\n<p>Pour profiter d&rsquo;un stationnement s\u00fbr, confortable et accessible \u00e0 Ja\u00e9n, <b>Aparcamiento Ferial<\/b> se pr\u00e9sente comme une solution pratique. N&rsquo;h\u00e9sitez pas \u00e0 <b>planifier votre stationnement \u00e0 l&rsquo;avance<\/b> via <b>ParkingLowCost.es<\/b>, ou \u00e0 contacter directement <b>Aparcamiento Ferial<\/b> pour plus d&rsquo;informations. Votre voyage \u00e0 Ja\u00e9n m\u00e9rite de commencer sans tracas !<\/p>\r\n        <\/div>\r\n    <\/div>\r\n\r\n<\/div>\r\n<\/article>","protected":false},"excerpt":{"rendered":"<p>Aparcamiento Ferial \u00e0 Ja\u00e9n : s\u00e9curis\u00e9 et strat\u00e9gique. R\u00e9servez maintenant et explorez la ville en toute tranquillit\u00e9.<\/p>\n","protected":false},"author":1,"featured_media":8668,"comment_status":"closed","ping_status":"closed","sticky":false,"template":"","format":"standard","meta":{"footnotes":""},"categories":[],"tags":[351],"class_list":["post-16335","post","type-post","status-publish","format-standard","has-post-thumbnail","hentry","tag-parking-economique-jaen"],"_links":{"self":[{"href":"https:\/\/parkinglowcost.es\/fr\/wp-json\/wp\/v2\/posts\/16335","targetHints":{"allow":["GET"]}}],"collection":[{"href":"https:\/\/parkinglowcost.es\/fr\/wp-json\/wp\/v2\/posts"}],"about":[{"href":"https:\/\/parkinglowcost.es\/fr\/wp-json\/wp\/v2\/types\/post"}],"author":[{"embeddable":true,"href":"https:\/\/parkinglowcost.es\/fr\/wp-json\/wp\/v2\/users\/1"}],"replies":[{"embeddable":true,"href":"https:\/\/parkinglowcost.es\/fr\/wp-json\/wp\/v2\/comments?post=16335"}],"version-history":[{"count":0,"href":"https:\/\/parkinglowcost.es\/fr\/wp-json\/wp\/v2\/posts\/16335\/revisions"}],"wp:featuredmedia":[{"embeddable":true,"href":"https:\/\/parkinglowcost.es\/fr\/wp-json\/wp\/v2\/media\/8668"}],"wp:attachment":[{"href":"https:\/\/parkinglowcost.es\/fr\/wp-json\/wp\/v2\/media?parent=16335"}],"wp:term":[{"taxonomy":"category","embeddable":true,"href":"https:\/\/parkinglowcost.es\/fr\/wp-json\/wp\/v2\/categories?post=16335"},{"taxonomy":"post_tag","embeddable":true,"href":"https:\/\/parkinglowcost.es\/fr\/wp-json\/wp\/v2\/tags?post=16335"}],"curies":[{"name":"wp","href":"https:\/\/api.w.org\/{rel}","templated":true}]}}