{"id":14294,"date":"2025-03-11T09:54:19","date_gmt":"2025-03-11T09:54:19","guid":{"rendered":"https:\/\/parkinglowcost.es\/parking-hernan-cortes-merida\/"},"modified":"2025-03-11T11:14:15","modified_gmt":"2025-03-11T11:14:15","slug":"parking-hernan-cortes-merida","status":"publish","type":"post","link":"https:\/\/parkinglowcost.es\/en\/parking-hernan-cortes-merida\/","title":{"rendered":"Parking Hern\u00e1n Cort\u00e9s | Budget Parking in M\u00e9rida"},"content":{"rendered":"<div class=\"columns is-mobile is-variable is-3\">\r\n<div class=\"column is-5\">\r\n    <!-- IMG PROFILE -->\r\n        <img decoding=\"async\" src=\"https:\/\/parkinglowcost.es\/wp-content\/uploads\/AB5caB-G7G9GWHZVh5Zl_SjnSJMXKC8LMoDK_tkgN2Nr2fL7K3W5Cbj9dDxsS_IUPzysqg5hqeNw_Rmid7RQZp9-tsQ7CzhHqvRYZpQ1tLSyNtKUtoXAn77R4pUSzTjdEE5WHdYZn_115Qw408-h306-k-no.jpg\" alt='Parking Hern\u00e1n Cort\u00e9s | Parking Barato in M\u00e9rida' title=\"Parking Hern\u00e1n Cort\u00e9s | Budget Parking in M\u00e9rida\" class=\"profile-image\">\r\n        <div class=\"profile-image-overflow has-background-primary px-4 py-4\">\r\n    <!-- IMG PROFILE -->\r\n    <!-- GOOGLE -->\r\n        <div class=\"profile-triangle\"><\/div>\r\n                <div class=\"has-background-primary\" style=\"border-radius:10px\">\r\n                    <p class=\"is-size-4-mobile is-size-4 has-text-weight-bold has-text-white ml-3 mb-0\"><i class=\"fas fa-search-location\"><\/i><\/p>\r\n                    <p class=\"is-size-7-mobile is-size-4 has-text-weight-bold has-text-white has-text-centered\">Business rated 3.9 on Google<\/p>\r\n                    <p class=\"is-size-8 has-text-weight-bold mt-2 has-text-centered has-text-white\">Based on 119 reviews<\/p>\r\n                <\/div>\r\n        <!-- GOOGLE -->\r\n    <\/div>\r\n    <a href=\"https:\/\/wa.me\/?text= %20Descubre%20los%20mejores%20parkings%20baratos%20en%20ParkingLowCost.es%20Encuentra%20tu%20plaza%20al%20mejor%20precio:%20https%3A%2F%2Fparkinglowcost.es%2Fparking-hernan-cortes-merida%2F\" class=\"button is-rounded is-outlined is-fullwidth mt-3 is-size-7-mobile is-size-4 has-text-white has-text-weight-bold\" style=\"background-color:#25d366\"><i class=\"fab fa-whatsapp mr-2\"><\/i> Compartir<\/a>\r\n   \r\n<\/div>\r\n\r\n\r\n<div class=\"column has-text-black\">\r\n    <h1\r\n        class=\"has-text-weight-bold is-size-5-mobile is-size-1 mb-3 has-text-primary\">Parking Hern\u00e1n Cort\u00e9s<\/h1>\r\n    <p class=\"is-size-7-mobile is-size-5 has-text-weight-bold has-text-primary\">Parking Hern\u00e1n Cort\u00e9s in M\u00e9rida: secure, central, and budget-friendly. Book your spot now and enjoy the city stress-free.<\/p>\r\n    <a target=\"_blank\" rel=\"sponsored noopener\" class=\"button is-rounded is-fullwidth mt-3 is-size-7-mobile is-size-4 is-warning has-text-weight-bold\" href=\"https:\/\/www.awin1.com\/cread.php?awinmid=25234&#038;awinaffid=789919&#038;ued=https%3A%2F%2Fparkimeter.com%2Fen\">Book Parking<\/a>\r\n\r\n    <hr class=\"mt-4 mb-3 has-background-primary\">\r\n\r\n     <!-- BUSINESS INFO  -->\r\n    <div class=\"columns\">\r\n        <div class=\"column\">\r\n            <h3 class=\"is-size-7-mobile is-size-6 has-text-weight-bold mb-2 has-text-primary\"><i class=\"fas fa-map-marker-alt mr-2 has-text-primary\"><\/i>Address<\/h3>\r\n            <p class=\"is-size-7-mobile is-size-5\">Calle Cabo Verde, 2 | M\u00e9rida<\/p>\r\n        <\/div>\r\n        <div class=\"column is-4 column-mobile\">\r\n            <!-- SOCIAL MEDIA -->\r\n            <h3 class=\"is-size-7-mobile is-size-6 has-text-weight-bold mb-2 has-text-primary\"><i class=\"fas fa-share-square mr-3\"><\/i>Contact<\/h3>\r\n            <div class=\"buttons\">\r\n                <a target=\"_blank\" rel=\"nofollow noopener noreferrer\" class=\"button is-size-6-mobile is-size-6\" href=\"+34924304502\"><i class=\"fas fa-phone-square-alt\"><\/i><\/a><button class=\"button is-size-6-mobile is-size-6\" disabled><i class=\"fas fa-envelope\"><\/i><\/button><button class=\"button is-size-6-mobile is-size-6\" disabled><i class=\"fab fa-whatsapp\"><\/i><\/button>\r\n            <\/div>\r\n            <!-- SOCIAL MEDIA -->\r\n        <\/div>\r\n    <\/div>\r\n    <!-- BUSINESS INFO  -->\r\n\r\n    <hr class=\"mt-0 mb-3 has-background-primary\">\r\n    <h2 class=\"is-size-7-mobile is-size-6 has-text-weight-bold mb-2 has-text-primary\"><i class=\"fas fa-address-book mr-2 has-text-primary mb-3\"><\/i>How to Get There<\/h2>\r\n   \r\n    <a target=\"_blank\" rel=\"nofollow noopener noreferrer\" class=\"button is-rounded is-outlined is-fullwidth is-size-7-mobile is-size-4 is-danger mb-2\" href=\"https:\/\/www.waze.com\/ul?ll=38.9191383,-6.3362692&#038;navigate=yes\"><i class=\"fab fa-waze mr-2\"><\/i> Waze<\/a><a target=\"_blank\" rel=\"nofollow noopener noreferrer\" class=\"button is-rounded is-outlined is-fullwidth is-size-7-mobile is-size-4 is-danger mb-2\" href=\"https:\/\/maps.apple.com\/?q=38.9191383,-6.3362692\"><i class=\"fab fa-apple mr-2\"><\/i>Apple Maps<\/a><a target=\"_blank\" rel=\"nofollow noopener noreferrer\" class=\"button is-rounded is-outlined is-fullwidth is-size-7-mobile is-size-4 is-danger mb-2\" href=\"https:\/\/www.google.com\/maps\/search\/?api=1&#038;query=Parking%20Hern%C3%A1n%20Cort%C3%A9s&#038;query_place_id=ChIJvcE3mb0mFA0RtLH8B7ggJDk\"><i class=\"fas fa-map-marker-alt mr-2\"><\/i>Google Maps<\/a>\r\n\r\n\r\n<\/div>\r\n<\/div>\r\n\r\n<div class='code-block code-block-2' style='margin: 8px 0; clear: both;'>\n<script async src=\"https:\/\/pagead2.googlesyndication.com\/pagead\/js\/adsbygoogle.js?client=ca-pub-3045090583979067\"\n     crossorigin=\"anonymous\"><\/script>\n<!-- Display Parking -->\n<ins class=\"adsbygoogle\"\n     style=\"display:block\"\n     data-ad-client=\"ca-pub-3045090583979067\"\n     data-ad-slot=\"3512595945\"\n     data-ad-format=\"auto\"\n     data-full-width-responsive=\"true\"><\/ins>\n<script>\n     (adsbygoogle = window.adsbygoogle || []).push({});\n<\/script><\/div>\n\r\n\r\n\r\n<article class=\"mt-3\">\r\n\r\n<div class=\"columns is-variable is-8\">\r\n    <div class=\"column is-4\">\r\n        <hr class=\"has-background-success\">\r\n        <h2 class=\"is-size-5 has-text-weight-bold mb-2 has-text-primary\"><i class=\"fas fa-calendar-alt mr-2 has-text-primary\"><\/i>Opening Hours | Parking Hern\u00e1n Cort\u00e9s<\/h2>\r\n\r\n        <table class=\"table is-fullwidth is-bordered mt-4 has-background-primary is-size-7-mobile is-size-6 has-text-white\">\n    <thead>\n        <tr>\n            <th class=\"has-text-white\">Day<\/th>\n            <th class=\"has-text-white\">Opening Hours<\/th>\n        <\/tr>\n    <\/thead>\n    <tbody>\n        <tr>\n            <td>Monday<\/td>\n            <td>Open 24 hours<\/td>\n        <\/tr>\n        <tr>\n            <td>Tuesday<\/td>\n            <td>Open 24 hours<\/td>\n        <\/tr>\n        <tr>\n            <td>Wednesday<\/td>\n            <td>Open 24 hours<\/td>\n        <\/tr>\n        <tr>\n            <td>Thursday<\/td>\n            <td>Open 24 hours<\/td>\n        <\/tr>\n        <tr>\n            <td>Friday<\/td>\n            <td>Open 24 hours<\/td>\n        <\/tr>\n        <tr>\n            <td>Saturday<\/td>\n            <td>Open 24 hours<\/td>\n        <\/tr>\n        <tr>\n            <td>Sunday<\/td>\n            <td>Open 24 hours<\/td>\n        <\/tr>\n    <\/tbody>\n<\/table>\r\n        <hr class=\"has-background-success\">\r\n        <h2 class=\"is-size-5 has-text-weight-bold mb-2 has-text-primary\"><i class=\"fas fa-map-marker-alt mr-2 has-text-primary\"><\/i>Map<\/h2>\r\n        <div class='code-block code-block-50' style='margin: 8px 0; clear: both;'>\n<div class=\"leaflet-map WPLeafletMap\" style=\"height:250px; width:100%;\"><\/div><script>\nwindow.WPLeafletMapPlugin = window.WPLeafletMapPlugin || [];\nwindow.WPLeafletMapPlugin.push(function WPLeafletMapShortcode() {\/*<script>*\/\nvar baseUrl = atob('aHR0cHM6Ly97c30udGlsZS5vcGVuc3RyZWV0bWFwLm9yZy97en0ve3h9L3t5fS5wbmc=');\nvar base = (!baseUrl && window.MQ) ?\n    window.MQ.mapLayer() : L.tileLayer(baseUrl,\n        L.Util.extend({}, {\n            detectRetina: 0,\n        },\n        {\"subdomains\":\"abc\",\"noWrap\":false,\"maxZoom\":19}        )\n    );\n    var options = L.Util.extend({}, {\n        layers: [base],\n        attributionControl: false\n    },\n    {\"zoomControl\":false,\"scrollWheelZoom\":false,\"doubleClickZoom\":false,\"fitBounds\":false,\"minZoom\":0,\"maxZoom\":19,\"maxBounds\":null,\"attribution\":\"<a href=\\\"http:\\\/\\\/leafletjs.com\\\" title=\\\"A JS library for interactive maps\\\">Leaflet<\\\/a>; \\u00a9 <a href=\\\"http:\\\/\\\/www.openstreetmap.org\\\/copyright\\\">OpenStreetMap<\\\/a> contributors\"},\n    {});\nwindow.WPLeafletMapPlugin.createMap(options).setView([38.9191383,-6.3362692],15);});<\/script><script>\nwindow.WPLeafletMapPlugin = window.WPLeafletMapPlugin || [];\nwindow.WPLeafletMapPlugin.push(function WPLeafletMarkerShortcode() {\/*<script>*\/\nvar map = window.WPLeafletMapPlugin.getCurrentMap();\nvar group = window.WPLeafletMapPlugin.getCurrentGroup();\nvar marker_options = window.WPLeafletMapPlugin.getIconOptions({});\nvar marker = L.marker(\n    [38.9191383,-6.3362692],\n    marker_options\n);\nvar is_image = map.is_image_map;\nif (marker_options.draggable) {\n    marker.on('dragend', function () {\n        var latlng = this.getLatLng();\n        var lat = latlng.lat;\n        var lng = latlng.lng;\n        if (is_image) {\n            console.log('leaflet-marker y=' + lat + ' x=' + lng);\n        } else {\n            console.log('leaflet-marker lat=' + lat + ' lng=' + lng);\n        }\n    });\n}\nmarker.addTo( group );\nwindow.WPLeafletMapPlugin.markers.push( marker );\n        });<\/script><\/div>\n\r\n\r\n\r\n    <\/div>\r\n    <div class=\"column is-8\">\r\n        <p class=\"is-size-5 has-text-weight-bold mb-2 has-text-primary\"><i\r\n                class=\"fas fa-info-circle mr-2 has-text-primary\"><\/i>About Parking Hern\u00e1n Cort\u00e9s<\/p>\r\n\r\n        <div class=\"content is-size-7-mobile is-size-6 mt-3 has-text-primary\">\r\n            <p>In the heart of <b>M\u00e9rida<\/b>, you\u2019ll find <b>Parking Hern\u00e1n Cort\u00e9s<\/b>, a parking facility that stands out as one of the best options if you\u2019re looking for an affordable place to leave your vehicle. Its strategic location and excellent value for money make it a go-to spot for those who want to enjoy the city without worrying about parking.<\/p>\n\n<p>As many of its customers often mention, <b>Parking Hern\u00e1n Cort\u00e9s<\/b> is a place where satisfaction is evident. Reviews highlight the customer service and security it offers, which is a significant plus for any traveler. While there are some mixed opinions regarding the parking capacity during peak hours, the majority agree that the location is unbeatable, establishing itself as a <b>central and budget-friendly<\/b> place to park close to M\u00e9rida\u2019s most iconic attractions.<\/p>\n\n<p><b>Parking Hern\u00e1n Cort\u00e9s<\/b> is located at <b>Calle Cabo Verde, 2<\/b>, very close to the main points of interest in the city. Access is easy and convenient, with wide entrances that accommodate all types of vehicles. This parking facility has flexible hours, allowing you to leave your vehicle without worries, not to mention the fact that the spots are covered, which is ideal for protecting your car from adverse weather conditions.<\/p>\n\n<p>Security is one of the most important features of <b>Parking Hern\u00e1n Cort\u00e9s<\/b>. With <b>24-hour<\/b> surveillance and security cameras, visitors can rest assured knowing that their vehicle is in a safe place. In addition, the automated management system of the parking enhances a smoother and more efficient experience. To top it all off, they also offer facilities adapted for those with <b>reduced mobility<\/b>, making it inclusive for everyone.<\/p>\n\n<p>It\u2019s important to note that during high seasons, the demand for parking spots can be quite considerable. Therefore, it is advisable to <b>secure your spot<\/b> in advance to avoid any surprises. Plan your parking ahead of time through <b>ParkingLowCost.es<\/b> or contact <b>Parking Hern\u00e1n Cort\u00e9s<\/b> directly to ensure a hassle-free experience. Parking in M\u00e9rida has never been so easy!<\/p>\r\n        <\/div>\r\n    <\/div>\r\n\r\n<\/div>\r\n<\/article>","protected":false},"excerpt":{"rendered":"<p>Parking Hern\u00e1n Cort\u00e9s in M\u00e9rida: secure, central, and budget-friendly. Book your spot now and enjoy the city stress-free.<\/p>\n","protected":false},"author":1,"featured_media":11148,"comment_status":"closed","ping_status":"closed","sticky":false,"template":"","format":"standard","meta":{"footnotes":""},"categories":[],"tags":[545],"class_list":["post-14294","post","type-post","status-publish","format-standard","has-post-thumbnail","hentry","tag-budget-parking-merida"],"_links":{"self":[{"href":"https:\/\/parkinglowcost.es\/en\/wp-json\/wp\/v2\/posts\/14294","targetHints":{"allow":["GET"]}}],"collection":[{"href":"https:\/\/parkinglowcost.es\/en\/wp-json\/wp\/v2\/posts"}],"about":[{"href":"https:\/\/parkinglowcost.es\/en\/wp-json\/wp\/v2\/types\/post"}],"author":[{"embeddable":true,"href":"https:\/\/parkinglowcost.es\/en\/wp-json\/wp\/v2\/users\/1"}],"replies":[{"embeddable":true,"href":"https:\/\/parkinglowcost.es\/en\/wp-json\/wp\/v2\/comments?post=14294"}],"version-history":[{"count":1,"href":"https:\/\/parkinglowcost.es\/en\/wp-json\/wp\/v2\/posts\/14294\/revisions"}],"predecessor-version":[{"id":15629,"href":"https:\/\/parkinglowcost.es\/en\/wp-json\/wp\/v2\/posts\/14294\/revisions\/15629"}],"wp:featuredmedia":[{"embeddable":true,"href":"https:\/\/parkinglowcost.es\/en\/wp-json\/wp\/v2\/media\/11148"}],"wp:attachment":[{"href":"https:\/\/parkinglowcost.es\/en\/wp-json\/wp\/v2\/media?parent=14294"}],"wp:term":[{"taxonomy":"category","embeddable":true,"href":"https:\/\/parkinglowcost.es\/en\/wp-json\/wp\/v2\/categories?post=14294"},{"taxonomy":"post_tag","embeddable":true,"href":"https:\/\/parkinglowcost.es\/en\/wp-json\/wp\/v2\/tags?post=14294"}],"curies":[{"name":"wp","href":"https:\/\/api.w.org\/{rel}","templated":true}]}}